
{"id":631,"date":"2016-01-23T15:32:32","date_gmt":"2016-01-23T14:32:32","guid":{"rendered":"http:\/\/svenskcykel.grandpublic.se\/forbundet\/?p=631"},"modified":"2016-01-26T07:10:36","modified_gmt":"2016-01-26T06:10:36","slug":"valkommen-till-svenska-cykelforbundets-nya-sajt","status":"publish","type":"post","link":"https:\/\/scf.se\/forbundet\/valkommen-till-svenska-cykelforbundets-nya-sajt\/","title":{"rendered":"V\u00e4lkommen till Svenska Cykelf\u00f6rbundets nya sajt!"},"content":{"rendered":"<p>V\u00e5r nya hemsida som du just har landat p\u00e5 vill vi anv\u00e4nda som en plattform f\u00f6r alla som p\u00e5 n\u00e5got s\u00e4tt\u00a0\u00e4r involverad i, nyfiken p\u00e5 eller intresserad av att vara en del av Svensk Cykel!<\/p>\n<p>Det du ser p\u00e5 sk\u00e4rmen \u00e4r en b\u00f6rjan, ett skal, en struktur\u00a0som kommer att kompletteras och utvecklas allt eftersom. Sidan \u00e4r till f\u00f6r hela cykelsverige, ska fyllas med inneh\u00e5ll som speglar hela verksamheten.\u00a0Vi ser fram emot att fr\u00e5n och med nu \u00e4ven ha med er p\u00e5 den h\u00e4r sp\u00e4nnande resan och\u00a0hoppas att ni kommer att bli en stor del i det fortsatt l\u00f6pande arbetet.<\/p>\n<p>Skicka g\u00e4rna tips, id\u00e9er, cykelbilder, s\u00e5 hj\u00e4lper du oss att g\u00e5 i r\u00e4tt riktning med sajten!\u00a0Mejla till kansli@scf.se och ange Webben i \u00e4mnesraden.<\/p>\n<p>V\u00e4lkommen till m\u00f6tesplatsen f\u00f6r Svensk Cykel!<\/p>\n<p>Lena Alfv\u00e9n, generalsekreterare<br \/>\nSvenska Cykelf\u00f6rbundet<\/p>\n<p>&nbsp;<\/p>\n","protected":false},"excerpt":{"rendered":"<p>V\u00e5r nya hemsida som du just har landat p\u00e5 vill vi anv\u00e4nda som en plattform f\u00f6r alla som p\u00e5 n\u00e5got s\u00e4tt\u00a0\u00e4r involverad i, nyfiken p\u00e5 eller intresserad av att vara en del av Svensk Cykel! Det du ser p\u00e5 sk\u00e4rmen \u00e4r en b\u00f6rjan, ett skal, en struktur\u00a0som kommer att kompletteras och utvecklas allt eftersom.<a href=\"https:\/\/scf.se\/forbundet\/valkommen-till-svenska-cykelforbundets-nya-sajt\/\" class=\"news-card__more\"> &#8230;<\/a><\/p>\n","protected":false},"author":2,"featured_media":0,"comment_status":"open","ping_status":"open","sticky":false,"template":"","format":"standard","meta":{"_acf_changed":false,"footnotes":""},"categories":[1],"tags":[],"class_list":["post-631","post","type-post","status-publish","format-standard","hentry","category-forbundet"],"acf":[],"_links":{"self":[{"href":"https:\/\/scf.se\/forbundet\/wp-json\/wp\/v2\/posts\/631","targetHints":{"allow":["GET"]}}],"collection":[{"href":"https:\/\/scf.se\/forbundet\/wp-json\/wp\/v2\/posts"}],"about":[{"href":"https:\/\/scf.se\/forbundet\/wp-json\/wp\/v2\/types\/post"}],"author":[{"embeddable":true,"href":"https:\/\/scf.se\/forbundet\/wp-json\/wp\/v2\/users\/2"}],"replies":[{"embeddable":true,"href":"https:\/\/scf.se\/forbundet\/wp-json\/wp\/v2\/comments?post=631"}],"version-history":[{"count":0,"href":"https:\/\/scf.se\/forbundet\/wp-json\/wp\/v2\/posts\/631\/revisions"}],"wp:attachment":[{"href":"https:\/\/scf.se\/forbundet\/wp-json\/wp\/v2\/media?parent=631"}],"wp:term":[{"taxonomy":"category","embeddable":true,"href":"https:\/\/scf.se\/forbundet\/wp-json\/wp\/v2\/categories?post=631"},{"taxonomy":"post_tag","embeddable":true,"href":"https:\/\/scf.se\/forbundet\/wp-json\/wp\/v2\/tags?post=631"}],"curies":[{"name":"wp","href":"https:\/\/api.w.org\/{rel}","templated":true}]}}