
{"id":6269,"date":"2023-09-28T17:02:37","date_gmt":"2023-09-28T15:02:37","guid":{"rendered":"http:\/\/scf.se\/forbundet\/?p=6269"},"modified":"2024-11-15T08:48:43","modified_gmt":"2024-11-15T07:48:43","slug":"dags-att-kolla-in-vara-cykelgymnasier-som-bjuder-in-till-oppet-hus-i-host","status":"publish","type":"post","link":"https:\/\/scf.se\/forbundet\/dags-att-kolla-in-vara-cykelgymnasier-som-bjuder-in-till-oppet-hus-i-host\/","title":{"rendered":"Dags att kolla in cykelgymnasier som bjuder in till \u00d6ppet hus i h\u00f6st"},"content":{"rendered":"<div class=\"single-card__content\">\n<div class=\"single-card__title\"><strong>Vill Du satsa utvecklas inom din cykelgren idrott i kombination med dina studier? D\u00e5 \u00e4r det verkligen l\u00e4ge att kolla in n\u00e5got cykelgymnasium \u2013 eller varf\u00f6r inte flera och j\u00e4mf\u00f6ra.<\/strong><\/div>\n<div><\/div>\n<div>Svenska Cykelf\u00f6rbundet (SCF) samarbetar med gymnasieskolor runt om i landet och nu \u00e4r du inbjuden att komma p\u00e5 olika omfattande \u00d6ppet hus till nedanst\u00e5ende cykelgymnasier.<br \/>\nVill du kombinera gymnasiestudier med elitidrott finns det tv\u00e5 olika m\u00f6jligheter:<\/div>\n<div class=\"single-card__content\">\n<div class=\"row holder\">\n<div class=\"columns medium-16 small-16\">\n<nav>\n<ul>\n<li>Riksidrottsgymnasium (RIG). H\u00e4r \u00e4r det riksintag som g\u00e4ller.<\/li>\n<li>Nationellt godk\u00e4nd idrottsutbildning (NIU). Fr\u00e4mst lokal\/regional antagning. P\u00e5 NIU g\u00e5r eleverna ett vanligt gymnasieprogram, men l\u00e4ser ut\u00f6ver det \u00e4ven \u00e4mnet Specialidrott.<\/li>\n<\/ul>\n<nav class=\"top sticki\">Kolla l\u00e4nkarna nedan och ta sedan chansen att bes\u00f6ka, f\u00e5 information, st\u00e4lla fr\u00e5gor, tr\u00e4ffa tr\u00e4narna, prata med andra cyklister och skapa dig en uppfattning om n\u00e5gon av skolorna kan passa just Dig.<\/nav>\n<\/nav>\n<\/div>\n<div class=\"columns medium-16 small-16\">\n<h2 class=\"top sticki\">\u00d6ppet hus cykelgymnasium h\u00f6sten 2023<\/h2>\n<\/div>\n<\/div>\n<h3><em><a href=\"http:\/\/www.skara.se\/cykelgymnasiet\">Katedralskolan i Skara<\/a> (RIG)<\/em><\/h3>\n<ul>\n<li>Anm\u00e4lan: senast 30 oktober.<\/li>\n<li>Bes\u00f6ksdatum: 10\u201311 november, startar med incheckling klockan 11.00 mera info <a href=\"https:\/\/scf.se\/forbundet\/wp-content\/uploads\/sites\/9\/2023\/09\/Oppet-hus-och-lagerprogram-ht23.pdf\"><em><strong>H\u00c4R.<\/strong><\/em><\/a><\/li>\n<\/ul>\n<h3><em><a href=\"https:\/\/hagstromska.se\/falun\/idrotter\/cykel\/\">Hagstr\u00f6mska gymnasiet i Falun<\/a> (NIU)<\/em><\/h3>\n<ul>\n<li>Anm\u00e4lan: senast 25 oktober!<\/li>\n<li>Bes\u00f6ksdatum idrottens dag: 30 oktober \u00e4r det Idrottens dag p\u00e5 Hagstr\u00f6mska, mera info <a href=\"https:\/\/hagstromska.se\/oppet-hus\/\"><em><strong>H\u00c4R!<\/strong><\/em><\/a><\/li>\n<\/ul>\n<h3><a href=\"https:\/\/scf.se\/forbundet\/wp-content\/uploads\/sites\/9\/2023\/09\/278579271_1439726029819302_1674800020003262209_n.jpg\"><img loading=\"lazy\" decoding=\"async\" class=\"alignnone size-full wp-image-6271\" src=\"https:\/\/scf.se\/forbundet\/wp-content\/uploads\/sites\/9\/2023\/09\/278579271_1439726029819302_1674800020003262209_n.jpg\" alt=\"\" width=\"2047\" height=\"2048\" srcset=\"https:\/\/scf.se\/forbundet\/wp-content\/uploads\/sites\/9\/2023\/09\/278579271_1439726029819302_1674800020003262209_n.jpg 2047w, https:\/\/scf.se\/forbundet\/wp-content\/uploads\/sites\/9\/2023\/09\/278579271_1439726029819302_1674800020003262209_n-300x300.jpg 300w, https:\/\/scf.se\/forbundet\/wp-content\/uploads\/sites\/9\/2023\/09\/278579271_1439726029819302_1674800020003262209_n-1024x1024.jpg 1024w, https:\/\/scf.se\/forbundet\/wp-content\/uploads\/sites\/9\/2023\/09\/278579271_1439726029819302_1674800020003262209_n-150x150.jpg 150w, https:\/\/scf.se\/forbundet\/wp-content\/uploads\/sites\/9\/2023\/09\/278579271_1439726029819302_1674800020003262209_n-768x768.jpg 768w, https:\/\/scf.se\/forbundet\/wp-content\/uploads\/sites\/9\/2023\/09\/278579271_1439726029819302_1674800020003262209_n-1536x1536.jpg 1536w\" sizes=\"auto, (max-width: 2047px) 100vw, 2047px\" \/><\/a><\/h3>\n<h3><em><a href=\"https:\/\/www.sandauc.se\/idrottscentrum\/vara-idrotter-rig-niu-liu\/mountainbike.html\">Sandagymnasiet i J\u00f6nk\u00f6ping<\/a> (NIU)<\/em><\/h3>\n<ul>\n<li>Anm\u00e4lan: senast 9 november mera info<a href=\"https:\/\/scf.se\/forbundet\/wp-content\/uploads\/sites\/9\/2023\/09\/Oppet-Hus-Mountainbike-2023.pdf\"><em><strong> H\u00c4R!<\/strong><\/em><\/a><\/li>\n<li>Bes\u00f6ksdatum: 15 november med samling och fika vid cykelverkstaden.<\/li>\n<\/ul>\n<p>Mer \u00f6vergripande information om NIU och RIG hittar du p\u00e5 Riksidrottsf\u00f6rbundets hemsida <em><strong><a href=\"https:\/\/www.rf.se\/RFarbetarmed\/Elitidrott\/elitidrottpagymnasiet\">H\u00c4R!<\/a><\/strong><\/em><\/p>\n<\/div>\n<h3><em><a href=\"https:\/\/www.stjerneskolan.se\/idrottsgymnasium\/mtb.3181.html\">Stjerneskolan, Torsby Idrottsgymnasium<\/a> (NIU)<\/em><\/h3>\n<ul>\n<li>Anm\u00e4lan: senast 20 oktober, mera info <a href=\"https:\/\/torsby.se\/stjerneskolan\/stjerneskolan\/idrottsgymnasium\/mountainbike.4.6e9a66a817ed2fef6c3509.html\"><strong><em>H\u00c4R<\/em><\/strong>.<\/a><\/li>\n<li>Bes\u00f6ksdatum: 27\u201328 oktober n\u00e4r det g\u00e4ller XC-disciplinen. Gravitydisciplinens \u00d6ppet hus blir i november, p\u00e5 hemsida ovan eller kontakta oliver.lindblom@edu.torsby.se.<\/li>\n<\/ul>\n<div class=\"single-card__content\">\n<p><em>Text och foto: SCF samt privat<\/em><\/p>\n<\/div>\n<\/div>\n","protected":false},"excerpt":{"rendered":"<p>Vill Du satsa utvecklas inom din cykelgren idrott i kombination med dina studier? D\u00e5 \u00e4r det verkligen l\u00e4ge att kolla in n\u00e5got cykelgymnasium \u2013 eller varf\u00f6r inte flera och j\u00e4mf\u00f6ra. Svenska Cykelf\u00f6rbundet (SCF) samarbetar med gymnasieskolor runt om i landet och nu \u00e4r du inbjuden att komma p\u00e5 olika omfattande \u00d6ppet hus till nedanst\u00e5ende<a href=\"https:\/\/scf.se\/forbundet\/dags-att-kolla-in-vara-cykelgymnasier-som-bjuder-in-till-oppet-hus-i-host\/\" class=\"news-card__more\"> &#8230;<\/a><\/p>\n","protected":false},"author":41,"featured_media":6273,"comment_status":"open","ping_status":"open","sticky":false,"template":"","format":"standard","meta":{"_acf_changed":false,"footnotes":""},"categories":[1],"tags":[],"class_list":["post-6269","post","type-post","status-publish","format-standard","hentry","category-forbundet"],"acf":[],"_links":{"self":[{"href":"https:\/\/scf.se\/forbundet\/wp-json\/wp\/v2\/posts\/6269","targetHints":{"allow":["GET"]}}],"collection":[{"href":"https:\/\/scf.se\/forbundet\/wp-json\/wp\/v2\/posts"}],"about":[{"href":"https:\/\/scf.se\/forbundet\/wp-json\/wp\/v2\/types\/post"}],"author":[{"embeddable":true,"href":"https:\/\/scf.se\/forbundet\/wp-json\/wp\/v2\/users\/41"}],"replies":[{"embeddable":true,"href":"https:\/\/scf.se\/forbundet\/wp-json\/wp\/v2\/comments?post=6269"}],"version-history":[{"count":1,"href":"https:\/\/scf.se\/forbundet\/wp-json\/wp\/v2\/posts\/6269\/revisions"}],"predecessor-version":[{"id":9201,"href":"https:\/\/scf.se\/forbundet\/wp-json\/wp\/v2\/posts\/6269\/revisions\/9201"}],"wp:featuredmedia":[{"embeddable":true,"href":"https:\/\/scf.se\/forbundet\/wp-json\/wp\/v2\/media\/6273"}],"wp:attachment":[{"href":"https:\/\/scf.se\/forbundet\/wp-json\/wp\/v2\/media?parent=6269"}],"wp:term":[{"taxonomy":"category","embeddable":true,"href":"https:\/\/scf.se\/forbundet\/wp-json\/wp\/v2\/categories?post=6269"},{"taxonomy":"post_tag","embeddable":true,"href":"https:\/\/scf.se\/forbundet\/wp-json\/wp\/v2\/tags?post=6269"}],"curies":[{"name":"wp","href":"https:\/\/api.w.org\/{rel}","templated":true}]}}