
{"id":6125,"date":"2023-09-04T16:00:00","date_gmt":"2023-09-04T14:00:00","guid":{"rendered":"http:\/\/scf.se\/forbundet\/?p=6125"},"modified":"2023-09-04T16:06:28","modified_gmt":"2023-09-04T14:06:28","slug":"silveremmas-stipendium-motiverar-duktiga-unga-tjejer-dags-att-soka","status":"publish","type":"post","link":"https:\/\/scf.se\/forbundet\/silveremmas-stipendium-motiverar-duktiga-unga-tjejer-dags-att-soka\/","title":{"rendered":"SilverEmmas stipendium motiverar unga cykeltjejer \u2013 dags att s\u00f6ka nu!"},"content":{"rendered":"<p><strong>Emma Johansson bjuder nu \u00e5terigen in unga cykeltjejer att s\u00f6ka SilverEmmas Stipendium f\u00f6r att st\u00f6tta unga idrottskvinnor i deras fortsatta karri\u00e4r. Stipendiesumman 2023 \u00e4r p\u00e5 30 000 kronor och ans\u00f6kan ska vara inskickad senast 15 oktober 2023.<\/strong><\/p>\n<p>Emma Johansson \u00e4r en av Sveriges mest framg\u00e5ngsrika landsv\u00e4gscyklister genom tiderna och har tagit flertalet VM-medaljer samt dubbla OS-Silver. Stipendiet instiftades i samarbete med Nice Events Scandinavia. Stipendiet delas ut \u00e5rligen och \u00e4ven i \u00e5r delas det ut till en ung, kvinnlig cyklist. Stipendiet \u00e4r p\u00e5 30 000 kronor och stipendieans\u00f6kningar tas emot med start<br \/>\n1 september.<\/p>\n<blockquote><p>&#8221;Den h\u00e4r lite \u00e4ndrade inriktningen p\u00e5 stipendiet att dela ut det till en individ \u00e4r v\u00e4ldigt sp\u00e4nnande. Det ska bli otroligt roligt att \u00e4ven i \u00e5r kunna dela ut 30.000 kronor till en ung, kvinnlig cyklist f\u00f6r att st\u00f6dja henne i b\u00f6rjan av karri\u00e4ren&#8221;, s\u00e4ger Emma Johansson.<\/p><\/blockquote>\n<p>Stipendiet ska bidra till utvecklingen av tjejaktiviteter inom cykelsporten. Det ska motivera unga tjejer till att v\u00e4lja cykling som idrott, med betoning p\u00e5 s\u00e5v\u00e4l bredd och n\u00f6je som elit inom t\u00e4vlingscykling i alla grenar, och det ska g\u00e5 till en kvinnlig cyklist som inte \u00e4r \u00e4ldre \u00e4n 22 \u00e5r och som \u00e4r aktiv inom cykelsporten.<\/p>\n<a href=\"https:\/\/scf.se\/forbundet\/wp-content\/uploads\/sites\/9\/2023\/09\/SMdam2.jpg\"><img loading=\"lazy\" decoding=\"async\" class=\"alignnone size-full wp-image-6129\" src=\"https:\/\/scf.se\/forbundet\/wp-content\/uploads\/sites\/9\/2023\/09\/SMdam2.jpg\" alt=\"\" width=\"1280\" height=\"901\" srcset=\"https:\/\/scf.se\/forbundet\/wp-content\/uploads\/sites\/9\/2023\/09\/SMdam2.jpg 1280w, https:\/\/scf.se\/forbundet\/wp-content\/uploads\/sites\/9\/2023\/09\/SMdam2-300x211.jpg 300w, https:\/\/scf.se\/forbundet\/wp-content\/uploads\/sites\/9\/2023\/09\/SMdam2-1024x721.jpg 1024w, https:\/\/scf.se\/forbundet\/wp-content\/uploads\/sites\/9\/2023\/09\/SMdam2-768x541.jpg 768w\" sizes=\"auto, (max-width: 1280px) 100vw, 1280px\" \/><\/a>\n<p>F\u00f6rra \u00e5ret delade stipendiet ut till Karin S\u00f6derqvist, som h\u00e4r cyklar i m\u00e5l som silvermedalj\u00f6r i \u00e5rets kortdistans-SM i Ume\u00e5.<\/p>\n<blockquote><p>&#8221;Juryn fastnade f\u00f6r Karin S\u00f6derqvist d\u00e5 vi tyckte att hennes ans\u00f6kan f\u00f6renade hennes gl\u00e4dje f\u00f6r cyklingen med hennes ambition att verkligen satsa f\u00f6r att n\u00e5 toppen. Jag \u00f6nskar henne all lycka i framtiden och det ska bli otroligt roligt att kunna dela ut 30.000 kronor till en ung, kvinnlig cyklist f\u00f6r att st\u00f6dja henne i b\u00f6rjan av karri\u00e4ren&#8221;, s\u00e4ger Emma Johansson<\/p><\/blockquote>\n<p>Karin sj\u00e4lv s\u00e4ger nu ett \u00e5r efter att f\u00e5tt stipendiet:<\/p>\n<blockquote><p>&#8221;Att ha f\u00e5tt stipendiet har varit till stor hj\u00e4lp f\u00f6r mig och jag \u00e4r v\u00e4ldigt tacksam att jag fick \u00e4ran att ta emot det. Jag kommer ih\u00e5g n\u00e4r jag fick mailet i h\u00f6stats, blev s\u00e5 glad och visste inte riktigt vad jag skulle svara mer \u00e4n att jag var s\u00e5 himla glad och tacksam f\u00f6r f\u00f6rtroendet! Du har gjort och g\u00f6r ju fortfarande v\u00e4ldigt mycket f\u00f6r sporten Emma!&#8221;<\/p><\/blockquote>\n<h3>Cyklisten s\u00f6ker sj\u00e4lv stipeniet<\/h3>\n<ul>\n<li>Ans\u00f6kan ska ske personligen av den som s\u00f6ker stipendiet och g\u00f6rs via e-post till;<strong> emma@silveremma.se<\/strong> senast den 15 oktober 2023.<\/li>\n<li>I ans\u00f6kan ska bakgrund och anledningen till att man s\u00f6ker stipendiet finna med.<\/li>\n<li>Vilka m\u00e5l har du?<\/li>\n<li>Om du tilldelas stipendiet, vad skulle du anv\u00e4nda pengarna till?<\/li>\n<li>Kom ih\u00e5g att fylla i fullst\u00e4ndig adress, e-post och telefon till s\u00f6kande.<\/li>\n<li>Vinnaren utses i november.<\/li>\n<\/ul>\n<h3>Syftet med stipendiet<\/h3>\n<ul>\n<li>Stipendiet ska bidra till utvecklingen av tjejaktiviteter inom cykelsporten.<\/li>\n<li>Det ska motivera unga tjejer till att v\u00e4lja cykling som idrott, med betoning p\u00e5 s\u00e5v\u00e4l bredd och n\u00f6je som elit inom t\u00e4vlingscykling i alla grenar, och det ska g\u00e5 till en kvinnlig cyklist som inte \u00e4r \u00e4ldre \u00e4n 22 \u00e5r och som \u00e4r aktiv inom cykelsporten.<\/li>\n<li>Stipendiesumman 2023 \u00e4r p\u00e5 30 000 kronor.<\/li>\n<\/ul>\n<p><em>Text och foto: www.silveremma.se och SCF<br \/>\n<\/em><\/p>\n","protected":false},"excerpt":{"rendered":"<p>Emma Johansson bjuder nu \u00e5terigen in unga cykeltjejer att s\u00f6ka SilverEmmas Stipendium f\u00f6r att st\u00f6tta unga idrottskvinnor i deras fortsatta karri\u00e4r. Stipendiesumman 2023 \u00e4r p\u00e5 30 000 kronor och ans\u00f6kan ska vara inskickad senast 15 oktober 2023. Emma Johansson \u00e4r en av Sveriges mest framg\u00e5ngsrika landsv\u00e4gscyklister genom tiderna och har tagit flertalet VM-medaljer samt<a href=\"https:\/\/scf.se\/forbundet\/silveremmas-stipendium-motiverar-duktiga-unga-tjejer-dags-att-soka\/\" class=\"news-card__more\"> &#8230;<\/a><\/p>\n","protected":false},"author":41,"featured_media":6126,"comment_status":"open","ping_status":"open","sticky":false,"template":"","format":"standard","meta":{"_acf_changed":false,"footnotes":""},"categories":[1],"tags":[],"class_list":["post-6125","post","type-post","status-publish","format-standard","hentry","category-forbundet"],"acf":[],"_links":{"self":[{"href":"https:\/\/scf.se\/forbundet\/wp-json\/wp\/v2\/posts\/6125","targetHints":{"allow":["GET"]}}],"collection":[{"href":"https:\/\/scf.se\/forbundet\/wp-json\/wp\/v2\/posts"}],"about":[{"href":"https:\/\/scf.se\/forbundet\/wp-json\/wp\/v2\/types\/post"}],"author":[{"embeddable":true,"href":"https:\/\/scf.se\/forbundet\/wp-json\/wp\/v2\/users\/41"}],"replies":[{"embeddable":true,"href":"https:\/\/scf.se\/forbundet\/wp-json\/wp\/v2\/comments?post=6125"}],"version-history":[{"count":0,"href":"https:\/\/scf.se\/forbundet\/wp-json\/wp\/v2\/posts\/6125\/revisions"}],"wp:featuredmedia":[{"embeddable":true,"href":"https:\/\/scf.se\/forbundet\/wp-json\/wp\/v2\/media\/6126"}],"wp:attachment":[{"href":"https:\/\/scf.se\/forbundet\/wp-json\/wp\/v2\/media?parent=6125"}],"wp:term":[{"taxonomy":"category","embeddable":true,"href":"https:\/\/scf.se\/forbundet\/wp-json\/wp\/v2\/categories?post=6125"},{"taxonomy":"post_tag","embeddable":true,"href":"https:\/\/scf.se\/forbundet\/wp-json\/wp\/v2\/tags?post=6125"}],"curies":[{"name":"wp","href":"https:\/\/api.w.org\/{rel}","templated":true}]}}