
{"id":5665,"date":"2025-01-14T10:03:47","date_gmt":"2025-01-14T09:03:47","guid":{"rendered":"http:\/\/scf.se\/forbundet\/?p=5665"},"modified":"2025-07-03T16:43:23","modified_gmt":"2025-07-03T14:43:23","slug":"sa-rapporterar-ni-in-deltagare-och-far-aterstartsstod-vid-motionslopp","status":"publish","type":"post","link":"https:\/\/scf.se\/forbundet\/sa-rapporterar-ni-in-deltagare-och-far-aterstartsstod-vid-motionslopp\/","title":{"rendered":"S\u00e5 rapporterar ni in deltagare och f\u00e5r \u00e5terstartsst\u00f6d vid motionslopp"},"content":{"rendered":"<p><strong>Svenska Cykelf\u00f6rbundet har inf\u00f6rt en ny avgiftsmodell f\u00f6r motionslopp. <\/strong><strong>H\u00e4r kommer information om avr\u00e4kning av deltagaravgift gentemot SCF:s licensregister f\u00f6r motionslopp samt t\u00e4vlingar med motionsklass.<\/strong><\/p>\n<p>Som tidigare presenterats kommer varje anm\u00e4ld cyklist med en svensk licens som deltar i ett motionslopp eller motionsklass inneb\u00e4ra noll kronor i deltagaravgift i st\u00e4llet f\u00f6r ordinarie 65 kronor (subventionerad till 50 kronor 2025).<\/p>\n<div id=\"attachment_5667\" class=\"wp-caption alignnone\" ><a href=\"https:\/\/scf.se\/forbundet\/wp-content\/uploads\/sites\/9\/2023\/03\/Bild-motionslosningen-1.png\"><img loading=\"lazy\" decoding=\"async\" class=\"size-full wp-image-5667\" src=\"https:\/\/scf.se\/forbundet\/wp-content\/uploads\/sites\/9\/2023\/03\/Bild-motionslosningen-1.png\" alt=\"\" width=\"1458\" height=\"498\" srcset=\"https:\/\/scf.se\/forbundet\/wp-content\/uploads\/sites\/9\/2023\/03\/Bild-motionslosningen-1.png 1458w, https:\/\/scf.se\/forbundet\/wp-content\/uploads\/sites\/9\/2023\/03\/Bild-motionslosningen-1-300x102.png 300w, https:\/\/scf.se\/forbundet\/wp-content\/uploads\/sites\/9\/2023\/03\/Bild-motionslosningen-1-1024x350.png 1024w, https:\/\/scf.se\/forbundet\/wp-content\/uploads\/sites\/9\/2023\/03\/Bild-motionslosningen-1-768x262.png 768w\" sizes=\"auto, (max-width: 1458px) 100vw, 1458px\" \/><\/a><p class=\"wp-caption-text\"><em>Se exempel p\u00e5 milj\u00f6n d\u00e4r varje motionsloppsarrang\u00f6r samt t\u00e4vling med motionsklass kommer g\u00f6ra sin licenskontroll med utr\u00e4kning.<\/em><\/p><\/div>\n<h2>S\u00e5 h\u00e4r rapporterar motionsloppsarrang\u00f6rer sina deltagare<\/h2>\n<p>Viktig information kopplat till detta \u00e4r att arrang\u00f6rer f\u00f6r alla<strong> svenska cyklister<\/strong> beh\u00f6ver ta in <strong>fullst\u00e4ndigt personnummer<\/strong> fr\u00e5n de anm\u00e4lda f\u00f6r att kunna ge en korrekt rapportering och avr\u00e4kning gentemot SCF:s licensregister.<\/p>\n<p>F\u00f6r\u00a0<strong>utl\u00e4ndska deltagare<\/strong> som saknar de sista fyra siffrorna i personnumret beh\u00f6vs i st\u00e4llet att <strong>f\u00f6delsedata<\/strong>\u00a0(\u00e5r-m\u00e5nad-dag exklusive de fyra sista siffrorna, xxxx-xx-xx)\u00a0<strong>och nationalitet genom tv\u00e5bokstavskod<\/strong> anges (ISO-kod, finns <a href=\"https:\/\/www.skatteverket.se\/download\/18.3684199413c956649b514859\/1708607284288\/Landskoder2041101.pdf\">h\u00e4r<\/a>).<\/p>\n<p>Utl\u00e4ndsk cyklist som har en UCI licens har r\u00e4tt att delta, men, arrang\u00f6ren betalar deltagaravgift d\u00e5 SCF inte kan garantera att denne har en g\u00e4llande olycksfallsf\u00f6rs\u00e4kring (internationellt ser kopplingen mellan olycksfallsf\u00f6rs\u00e4kring och t\u00e4vlingslicens ibland annorlunda ut gentemot Sverige).<\/p>\n<p>En samlingssida med all information (exempelvis mall p\u00e5 importlista) finns <a href=\"https:\/\/scf.se\/forbundet\/ny-avgiftsmodell-motionslopp-2023\/\"><em><strong>H\u00c4R<\/strong><\/em><\/a>.<\/p>\n<h2>S\u00e5 h\u00e4r fungerar det med \u00e5terstartsst\u00f6d f\u00f6r deltagaravgifter<\/h2>\n<p>G\u00e4llande \u00e5terstartsst\u00f6det f\u00f6r deltagaravgifter s\u00e5 kommer det finnas en mall tillg\u00e4nglig f\u00f6r nedladdning som sparas, fylls i och mejlas till Svenska Cykelf\u00f6rbundet.<\/p>\n<p>Mallen ska baseras p\u00e5 uppgifter om antal anm\u00e4lda cyklister utifr\u00e5n den faktura som SCF skickar ut till arrang\u00f6ren cirka tv\u00e5 veckor efter avslutat arrangemang. Mallen och all info om rutinen f\u00f6r att s\u00f6ka \u00e5terstartsst\u00f6d f\u00f6r deltagaravgift kommer finnas <a href=\"https:\/\/scf.se\/forbundet\/ny-avgiftsmodell-motionslopp-2023\/\"><em><strong>H\u00c4R!<\/strong><\/em><\/a><\/p>\n<p><em>Text och arkivbild: SCF<\/em><\/p>\n<hr \/>\n<p>&nbsp;<\/p>\n","protected":false},"excerpt":{"rendered":"<p>Svenska Cykelf\u00f6rbundet har inf\u00f6rt en ny avgiftsmodell f\u00f6r motionslopp. H\u00e4r kommer information om avr\u00e4kning av deltagaravgift gentemot SCF:s licensregister f\u00f6r motionslopp samt t\u00e4vlingar med motionsklass. Som tidigare presenterats kommer varje anm\u00e4ld cyklist med en svensk licens som deltar i ett motionslopp eller motionsklass inneb\u00e4ra noll kronor i deltagaravgift i st\u00e4llet f\u00f6r ordinarie 65 kronor<a href=\"https:\/\/scf.se\/forbundet\/sa-rapporterar-ni-in-deltagare-och-far-aterstartsstod-vid-motionslopp\/\" class=\"news-card__more\"> &#8230;<\/a><\/p>\n","protected":false},"author":41,"featured_media":5595,"comment_status":"open","ping_status":"open","sticky":false,"template":"","format":"standard","meta":{"_acf_changed":false,"footnotes":""},"categories":[1],"tags":[],"class_list":["post-5665","post","type-post","status-publish","format-standard","hentry","category-forbundet"],"acf":[],"_links":{"self":[{"href":"https:\/\/scf.se\/forbundet\/wp-json\/wp\/v2\/posts\/5665","targetHints":{"allow":["GET"]}}],"collection":[{"href":"https:\/\/scf.se\/forbundet\/wp-json\/wp\/v2\/posts"}],"about":[{"href":"https:\/\/scf.se\/forbundet\/wp-json\/wp\/v2\/types\/post"}],"author":[{"embeddable":true,"href":"https:\/\/scf.se\/forbundet\/wp-json\/wp\/v2\/users\/41"}],"replies":[{"embeddable":true,"href":"https:\/\/scf.se\/forbundet\/wp-json\/wp\/v2\/comments?post=5665"}],"version-history":[{"count":3,"href":"https:\/\/scf.se\/forbundet\/wp-json\/wp\/v2\/posts\/5665\/revisions"}],"predecessor-version":[{"id":10777,"href":"https:\/\/scf.se\/forbundet\/wp-json\/wp\/v2\/posts\/5665\/revisions\/10777"}],"wp:featuredmedia":[{"embeddable":true,"href":"https:\/\/scf.se\/forbundet\/wp-json\/wp\/v2\/media\/5595"}],"wp:attachment":[{"href":"https:\/\/scf.se\/forbundet\/wp-json\/wp\/v2\/media?parent=5665"}],"wp:term":[{"taxonomy":"category","embeddable":true,"href":"https:\/\/scf.se\/forbundet\/wp-json\/wp\/v2\/categories?post=5665"},{"taxonomy":"post_tag","embeddable":true,"href":"https:\/\/scf.se\/forbundet\/wp-json\/wp\/v2\/tags?post=5665"}],"curies":[{"name":"wp","href":"https:\/\/api.w.org\/{rel}","templated":true}]}}