
{"id":55,"date":"2015-11-09T16:21:02","date_gmt":"2015-11-09T15:21:02","guid":{"rendered":"http:\/\/svenskcykel.grandpublic.se\/forbundet\/?p=55"},"modified":"2015-11-13T15:02:43","modified_gmt":"2015-11-13T14:02:43","slug":"ny-huvudsponsor-till-svenska-cykelforbundet","status":"publish","type":"post","link":"https:\/\/scf.se\/forbundet\/ny-huvudsponsor-till-svenska-cykelforbundet\/","title":{"rendered":"\u00c4r du den vi s\u00f6ker?"},"content":{"rendered":"<p><strong>Valberedningen har startat upp arbetet med att hitta r\u00e4tt sammans\u00e4ttning till Cykelf\u00f6rbundets styrelse 2016. H\u00e4r beh\u00f6vs cykelsveriges engagemang i b\u00e5de distrikt, klubbar och cyklister. <\/strong><\/p>\n<p>F\u00f6r att det ska bli en styrelse med bred f\u00f6rankring i cykelsverige \u00e4r det viktigt att du kommer med just DIN input n\u00e4r det g\u00e4ller vad du tycker och t\u00e4nker.<\/p>\n<div id=\"attachment_177\" class=\"wp-caption alignnone\" ><img loading=\"lazy\" decoding=\"async\" class=\"size-full wp-image-177\" src=\"http:\/\/svenskcykel.grandpublic.se\/forbundet\/wp-content\/uploads\/sites\/9\/2015\/11\/DSC_9095_low.jpg\" alt=\"Styrelsen 2015, fr\u00e5n v\u00e4nster: Tommy Prim, Fredrik Kessiakoff, Catarina Andersson, Yvonne Mattsson (ordf\u00f6rande), Elisabeth Lindgren (vice ordf\u00f6rande) och Lotta Jegenstam.\" width=\"400\" height=\"264\" \/><p class=\"wp-caption-text\">Styrelsen 2015, fr\u00e5n v\u00e4nster: Tommy Prim, Fredrik Kessiakoff, Catarina Andersson, Yvonne Mattsson (ordf\u00f6rande), Elisabeth Lindgren (vice ordf\u00f6rande) och Lotta Jegenstam.<\/p><\/div>\n<p>Valberedningen s\u00f6ker dig som har erfarenhet av att driva och genomf\u00f6ra projekt. Har du varit med och genomf\u00f6rt ett lyckat f\u00f6r\u00e4ndringsarbete i n\u00e5got annat sammanhang \u00e4r detta en stor f\u00f6rdel. Som person \u00e4r du en entusiasmerande ledare med god kommunikativ f\u00f6rm\u00e5ga. Erfarenhet fr\u00e5n idrottsv\u00e4rlden samt intresse f\u00f6r cykel \u00e4r helt klart en f\u00f6rdel. Du kommer att f\u00e5 m\u00f6jlighet att vara med och p\u00e5verka svensk cykels framtid p\u00e5 ett mycket stimulerande s\u00e4tt.<\/p>\n<p>L\u00e4s mer i <a href=\"http:\/\/svenskcykel.grandpublic.se\/forbundet\/wp-content\/uploads\/sites\/9\/2015\/11\/Valberedningens-f\u00f6rsta-brev.pdf\">Valberedningens f\u00f6rsta brev<\/a> och ta g\u00e4rna kontakt med valberedningen om dina tankar, id\u00e9er och funderingar!<\/p>\n","protected":false},"excerpt":{"rendered":"<p>Valberedningen har startat upp arbetet med att hitta r\u00e4tt sammans\u00e4ttning till Cykelf\u00f6rbundets styrelse 2016. H\u00e4r beh\u00f6vs cykelsveriges engagemang i b\u00e5de distrikt, klubbar och cyklister. F\u00f6r att det ska bli en styrelse med bred f\u00f6rankring i cykelsverige \u00e4r det viktigt att du kommer med just DIN input n\u00e4r det g\u00e4ller vad du tycker och t\u00e4nker.<a href=\"https:\/\/scf.se\/forbundet\/ny-huvudsponsor-till-svenska-cykelforbundet\/\" class=\"news-card__more\"> &#8230;<\/a><\/p>\n","protected":false},"author":1,"featured_media":0,"comment_status":"open","ping_status":"open","sticky":false,"template":"","format":"standard","meta":{"_acf_changed":false,"footnotes":""},"categories":[1],"tags":[],"class_list":["post-55","post","type-post","status-publish","format-standard","hentry","category-forbundet"],"acf":[],"_links":{"self":[{"href":"https:\/\/scf.se\/forbundet\/wp-json\/wp\/v2\/posts\/55","targetHints":{"allow":["GET"]}}],"collection":[{"href":"https:\/\/scf.se\/forbundet\/wp-json\/wp\/v2\/posts"}],"about":[{"href":"https:\/\/scf.se\/forbundet\/wp-json\/wp\/v2\/types\/post"}],"author":[{"embeddable":true,"href":"https:\/\/scf.se\/forbundet\/wp-json\/wp\/v2\/users\/1"}],"replies":[{"embeddable":true,"href":"https:\/\/scf.se\/forbundet\/wp-json\/wp\/v2\/comments?post=55"}],"version-history":[{"count":0,"href":"https:\/\/scf.se\/forbundet\/wp-json\/wp\/v2\/posts\/55\/revisions"}],"wp:attachment":[{"href":"https:\/\/scf.se\/forbundet\/wp-json\/wp\/v2\/media?parent=55"}],"wp:term":[{"taxonomy":"category","embeddable":true,"href":"https:\/\/scf.se\/forbundet\/wp-json\/wp\/v2\/categories?post=55"},{"taxonomy":"post_tag","embeddable":true,"href":"https:\/\/scf.se\/forbundet\/wp-json\/wp\/v2\/tags?post=55"}],"curies":[{"name":"wp","href":"https:\/\/api.w.org\/{rel}","templated":true}]}}