
{"id":5013,"date":"2022-03-16T14:33:00","date_gmt":"2022-03-16T13:33:00","guid":{"rendered":"http:\/\/scf.se\/forbundet\/?p=5013"},"modified":"2022-03-16T17:13:07","modified_gmt":"2022-03-16T16:13:07","slug":"europeiska-cykelforbundet-gar-pa-scfs-linje-i-ukrainafragan","status":"publish","type":"post","link":"https:\/\/scf.se\/forbundet\/europeiska-cykelforbundet-gar-pa-scfs-linje-i-ukrainafragan\/","title":{"rendered":"Europeiska Cykelf\u00f6rbundet g\u00e5r p\u00e5 SCF:s linje i Ukrainafr\u00e5gan"},"content":{"rendered":"<p><strong>Europeiska Cykelf\u00f6rbundet (UEC) g\u00f6r nu ett officiellt uttalande i Ukrainafr\u00e5gan. UEC g\u00e5r p\u00e5 Nordic Cyclings linje n\u00e4r det g\u00e4ller kraftiga sanktioner gentemot ryska och belarusiska officiella representanter f\u00f6r cykelsport.<\/strong><\/p>\n<p>P\u00e5 UEC-kongressen i Odense lyfte Nordic Cycling \u2013 d\u00e4r Svenska Cykelf\u00f6rbundet (SCF) har varit drivande \u2013 fr\u00e5gan om sanktioner gentemot ryska och belarusiska officiella representanters deltagande i det gemensamma arbetet i styrelser och kommissioner.<\/p>\n<p>Redan under m\u00f6tet ansl\u00f6t flera f\u00f6rbund till denna linje, Nordic Cycling skickade ett \u00f6ppet brev till UEC:s styrelse \u2013 och efter\u00e5t har st\u00f6det blivit allt st\u00f6rre fr\u00e5n europeiska cykelf\u00f6rbund.<\/p>\n<p>Nu har UEC:s styrelse utv\u00e4rderat situationen och g\u00e5r p\u00e5 Nordic Cyclings linje.<\/p>\n<p>F\u00f6r att uppr\u00e4tth\u00e5lla lugn och s\u00e4kerhet vid UEC-evenemang ska varken cyklister eller ledare fr\u00e5n de ryska och belarusiska f\u00f6rbunden f\u00e5 delta i n\u00e5got evenemang som anordnas av UEC. De ska inte heller delta i m\u00f6ten, kommitt\u00e9er eller forum inom UEC.<\/p>\n<p>UEC ber\u00e4ttar \u00e4ven i sitt pressmeddelande att de helt st\u00f6der alla nuvarande sanktioner som inf\u00f6rts av Internationella Cykelf\u00f6rbundet (UCI).<\/p>\n<p>UEC har \u00e4ven startat en insamling som betalas ut till det ukrainska cykelf\u00f6rbundet f\u00f6r att st\u00f6dja cyklister som bor och tr\u00e4nar utanf\u00f6r Ukraina.<\/p>\n<p><a href=\"https:\/\/scf.se\/forbundet\/scf-rysslands-invasion-maste-fa-konsekvenser-for-rysk-cykelsport\/\"><em>Svenska Cykelf\u00f6rbundets st\u00e5ndpunkt med anledning av Rysslands invasion av Ukraina.<\/em><\/a><\/p>\n<p><a href=\"https:\/\/scf.se\/forbundet\/oppet-brev-till-europeiska-cykelforbundets-styrelse-fran-nordic-cycling\/\"><em>L\u00e4s mera om Nordic Cyclings \u00f6ppna brev till UEC-styrelsen H\u00c4R.<\/em><\/a><\/p>\n<p><a href=\"https:\/\/scf.se\/forbundet\/alla-kan-stotta-utsatta-ukrainska-cyklister-i-uec-insamling-nu\/\"><em>L\u00e4s mera om UEC:s insamling f\u00f6r att st\u00f6dja ukrainska cyklister H\u00c4R.<\/em><\/a><\/p>\n","protected":false},"excerpt":{"rendered":"<p>Europeiska Cykelf\u00f6rbundet (UEC) g\u00f6r nu ett officiellt uttalande i Ukrainafr\u00e5gan. UEC g\u00e5r p\u00e5 Nordic Cyclings linje n\u00e4r det g\u00e4ller kraftiga sanktioner gentemot ryska och belarusiska officiella representanter f\u00f6r cykelsport. P\u00e5 UEC-kongressen i Odense lyfte Nordic Cycling \u2013 d\u00e4r Svenska Cykelf\u00f6rbundet (SCF) har varit drivande \u2013 fr\u00e5gan om sanktioner gentemot ryska och belarusiska officiella representanters<a href=\"https:\/\/scf.se\/forbundet\/europeiska-cykelforbundet-gar-pa-scfs-linje-i-ukrainafragan\/\" class=\"news-card__more\"> &#8230;<\/a><\/p>\n","protected":false},"author":41,"featured_media":4993,"comment_status":"open","ping_status":"open","sticky":false,"template":"","format":"standard","meta":{"_acf_changed":false,"footnotes":""},"categories":[1],"tags":[],"class_list":["post-5013","post","type-post","status-publish","format-standard","hentry","category-forbundet"],"acf":[],"_links":{"self":[{"href":"https:\/\/scf.se\/forbundet\/wp-json\/wp\/v2\/posts\/5013","targetHints":{"allow":["GET"]}}],"collection":[{"href":"https:\/\/scf.se\/forbundet\/wp-json\/wp\/v2\/posts"}],"about":[{"href":"https:\/\/scf.se\/forbundet\/wp-json\/wp\/v2\/types\/post"}],"author":[{"embeddable":true,"href":"https:\/\/scf.se\/forbundet\/wp-json\/wp\/v2\/users\/41"}],"replies":[{"embeddable":true,"href":"https:\/\/scf.se\/forbundet\/wp-json\/wp\/v2\/comments?post=5013"}],"version-history":[{"count":0,"href":"https:\/\/scf.se\/forbundet\/wp-json\/wp\/v2\/posts\/5013\/revisions"}],"wp:featuredmedia":[{"embeddable":true,"href":"https:\/\/scf.se\/forbundet\/wp-json\/wp\/v2\/media\/4993"}],"wp:attachment":[{"href":"https:\/\/scf.se\/forbundet\/wp-json\/wp\/v2\/media?parent=5013"}],"wp:term":[{"taxonomy":"category","embeddable":true,"href":"https:\/\/scf.se\/forbundet\/wp-json\/wp\/v2\/categories?post=5013"},{"taxonomy":"post_tag","embeddable":true,"href":"https:\/\/scf.se\/forbundet\/wp-json\/wp\/v2\/tags?post=5013"}],"curies":[{"name":"wp","href":"https:\/\/api.w.org\/{rel}","templated":true}]}}