
{"id":4995,"date":"2022-03-08T13:16:20","date_gmt":"2022-03-08T12:16:20","guid":{"rendered":"http:\/\/scf.se\/forbundet\/?p=4995"},"modified":"2022-03-08T14:16:50","modified_gmt":"2022-03-08T13:16:50","slug":"alla-kan-stotta-utsatta-ukrainska-cyklister-i-uec-insamling-nu","status":"publish","type":"post","link":"https:\/\/scf.se\/forbundet\/alla-kan-stotta-utsatta-ukrainska-cyklister-i-uec-insamling-nu\/","title":{"rendered":"Alla kan st\u00f6tta utsatta ukrainska cyklister i UEC-insamling nu"},"content":{"rendered":"<p><strong>Europeiska Cykelf\u00f6rbundet (UEC) har startat en insamling till f\u00f6rm\u00e5n f\u00f6r Ukrainska Cykelf\u00f6rbundet och de nu s\u00e5 utsatta ukrainska idrottarna. F\u00f6rsta UEC-donationen var 100 000 euro. Vill Du eller Din klubb ocks\u00e5 <a href=\"https:\/\/scf.se\/forbundet\/wp-content\/uploads\/sites\/9\/2022\/03\/ukr_solidarity_en.pdf\">st\u00f6tta utsatta ukrainska cyklister finns anvisningar H\u00c4R.<\/a><\/strong><\/p>\n<p>Det extrema i situationen med Rysslands invasion av Ukraina understrykes av att detta \u00e4r f\u00f6rsta g\u00e5ngen UEC startar denna typ av insamling. Anledningen till detta beskriver UEC s\u00e5 h\u00e4r:<\/p>\n<blockquote><p>&#8221;Vi \u00e4r medvetna om att m\u00e5nga ukrainska idrottare har tvingats l\u00e4mna sitt hemland under krisen och nu s\u00f6ker skydd i andra l\u00e4nder. De f\u00e5r nu st\u00f6d av nationella f\u00f6rbund, v\u00e4nner och familj och vi vill tacka alla som har och forts\u00e4tter att erbjuda st\u00f6d. I detta avseende beslutade vi att starta <em>UEC Solidarity &amp; Unity Aid for Ukrainian Cycling,<\/em> som syftar till att st\u00f6dja och ge hj\u00e4lp till f\u00f6rbundet och till de unga idrottare som genomlever denna fruktansv\u00e4rda situation.&#8221;<\/p><\/blockquote>\n<p>Beslutet grundlades p\u00e5 UEC-kongressen i Odense. Svenska Cykelf\u00f6rbundet deltog i diskussionen med vice ordf\u00f6randen Thomas Backteman och generalsekreteraren Leif Karlsson.<\/p>\n<p>Ukrainska Cykelf\u00f6rbundets ordf\u00f6rande, Andry Grivko, kunde vara p\u00e5 plats i Odense och kommer tillsammans med UEC och internationella f\u00f6rbundet (UCI) att koordinera de pengar som doneras med omedelbar b\u00f6rjan. I och med den f\u00f6rsta UEC-donationen p\u00e5 100 000 euro \u00e4r kontot redan aktivt.<\/p>\n<p>UEC uppmuntrar och ber alla intresserade att bidra till att st\u00f6dja v\u00e5ra ukrainska cykelv\u00e4nner. <a href=\"https:\/\/scf.se\/forbundet\/wp-content\/uploads\/sites\/9\/2022\/03\/ukr_solidarity_en.pdf\">H\u00c4R kan Du bidra till att st\u00f6tta utsatta ukrainska cyklister och kolla hela UEC:s pressmeddelande!<\/a><\/p>\n<p>&nbsp;<\/p>\n<p><em>SCF f\u00f6rklarade den 28 februari sin <a href=\"https:\/\/scf.se\/forbundet\/scf-rysslands-invasion-maste-fa-konsekvenser-for-rysk-cykelsport\/\">st\u00e5ndpunkt med anledning av Rysslands invasion av Ukraina,<\/a> att denna handling m\u00e5ste f\u00e5 konsekvenser f\u00f6r Ryssland och rysk cykelsport.<\/em><\/p>\n<p><em>Under kongressen medverkade \u00e4ven SCF till ett <a href=\"https:\/\/scf.se\/forbundet\/oppet-brev-till-europeiska-cykelforbundets-styrelse-fran-nordic-cycling\/\">\u00f6ppet brev till UEC-styrelsen fr\u00e5n Nordic Cycling<\/a>, som mejlades s\u00f6ndag 6 mars, med samma st\u00e5ndpunkt.<\/em><\/p>\n","protected":false},"excerpt":{"rendered":"<p>Europeiska Cykelf\u00f6rbundet (UEC) har startat en insamling till f\u00f6rm\u00e5n f\u00f6r Ukrainska Cykelf\u00f6rbundet och de nu s\u00e5 utsatta ukrainska idrottarna. F\u00f6rsta UEC-donationen var 100 000 euro. Vill Du eller Din klubb ocks\u00e5 st\u00f6tta utsatta ukrainska cyklister finns anvisningar H\u00c4R. Det extrema i situationen med Rysslands invasion av Ukraina understrykes av att detta \u00e4r f\u00f6rsta g\u00e5ngen<a href=\"https:\/\/scf.se\/forbundet\/alla-kan-stotta-utsatta-ukrainska-cyklister-i-uec-insamling-nu\/\" class=\"news-card__more\"> &#8230;<\/a><\/p>\n","protected":false},"author":41,"featured_media":4997,"comment_status":"open","ping_status":"open","sticky":false,"template":"","format":"standard","meta":{"_acf_changed":false,"footnotes":""},"categories":[1],"tags":[],"class_list":["post-4995","post","type-post","status-publish","format-standard","hentry","category-forbundet"],"acf":[],"_links":{"self":[{"href":"https:\/\/scf.se\/forbundet\/wp-json\/wp\/v2\/posts\/4995","targetHints":{"allow":["GET"]}}],"collection":[{"href":"https:\/\/scf.se\/forbundet\/wp-json\/wp\/v2\/posts"}],"about":[{"href":"https:\/\/scf.se\/forbundet\/wp-json\/wp\/v2\/types\/post"}],"author":[{"embeddable":true,"href":"https:\/\/scf.se\/forbundet\/wp-json\/wp\/v2\/users\/41"}],"replies":[{"embeddable":true,"href":"https:\/\/scf.se\/forbundet\/wp-json\/wp\/v2\/comments?post=4995"}],"version-history":[{"count":0,"href":"https:\/\/scf.se\/forbundet\/wp-json\/wp\/v2\/posts\/4995\/revisions"}],"wp:featuredmedia":[{"embeddable":true,"href":"https:\/\/scf.se\/forbundet\/wp-json\/wp\/v2\/media\/4997"}],"wp:attachment":[{"href":"https:\/\/scf.se\/forbundet\/wp-json\/wp\/v2\/media?parent=4995"}],"wp:term":[{"taxonomy":"category","embeddable":true,"href":"https:\/\/scf.se\/forbundet\/wp-json\/wp\/v2\/categories?post=4995"},{"taxonomy":"post_tag","embeddable":true,"href":"https:\/\/scf.se\/forbundet\/wp-json\/wp\/v2\/tags?post=4995"}],"curies":[{"name":"wp","href":"https:\/\/api.w.org\/{rel}","templated":true}]}}