
{"id":4990,"date":"2022-03-06T16:33:33","date_gmt":"2022-03-06T15:33:33","guid":{"rendered":"http:\/\/scf.se\/forbundet\/?p=4990"},"modified":"2022-03-08T08:36:55","modified_gmt":"2022-03-08T07:36:55","slug":"oppet-brev-till-europeiska-cykelforbundets-styrelse-fran-nordic-cycling","status":"publish","type":"post","link":"https:\/\/scf.se\/forbundet\/oppet-brev-till-europeiska-cykelforbundets-styrelse-fran-nordic-cycling\/","title":{"rendered":"\u00d6ppet brev till UEC-styrelsen fr\u00e5n Nordic Cycling"},"content":{"rendered":"<h2>\u00d6ppet brev till Europeiska Cykelf\u00f6rbundets styrelse fr\u00e5n Nordic Cycling<\/h2>\n<p>Vid s\u00f6ndagens \u00e5rsm\u00f6te i det Europeiska Cykelf\u00f6rbundet (UEC) i Odense ber\u00f6rdes fr\u00e5gan om Ukraina av flertalet talare, bland andra av dess ordf\u00f6rande Enrico Della Casa och det internationella cykelf\u00f6rbundets (UCI) ordf\u00f6rande David Lappartient.<\/p>\n<p>Under den efterf\u00f6ljande diskussionen kommunicerade det nordiska cykelf\u00f6rbundet Nordic Cycling (som best\u00e5r av Danmark, Estland, Finland, Island, Lettland, Litauen, Norge och Sverige) tydligt sin st\u00e5ndpunkt som \u00e4r i linje med den <a href=\"https:\/\/scf.se\/forbundet\/scf-rysslands-invasion-maste-fa-konsekvenser-for-rysk-cykelsport\/\">st\u00e5ndpunkt som de svenska f\u00f6rbundet presenterade den 28 februari<\/a>. St\u00e5ndpunkten skickades \u00e4ven skriftligt till UEC:s styrelse i form av det<a href=\"https:\/\/scf.se\/forbundet\/wp-content\/uploads\/sites\/9\/2022\/03\/postion-on-Ukraine_NC-and-Dutch-position_060322_en_draft-5.pdf\"> bifogade \u00f6ppna brevet<\/a>. Det nordiska f\u00f6rbundet fick st\u00f6d f\u00f6r sin uppfattning av bland annat det belgiska, nederl\u00e4ndska, polska och \u00f6sterrikiska f\u00f6rbundet.<\/p>\n<p>Fr\u00e5n Svenska Cykelf\u00f6rbundet medverkade vid Europiska cykelf\u00f6rbundets kongress SCF:s vice ordf\u00f6rande Thomas Backteman och generalsekreterare Leif Karlsson.<\/p>\n<p><em>Odense 6 mars 2022<\/em><\/p>\n<p><a href=\"https:\/\/scf.se\/forbundet\/wp-content\/uploads\/sites\/9\/2022\/03\/postion-on-Ukraine_NC-and-Dutch-position_060322_en_draft-5.pdf\"><u>Det \u00f6ppna brevet fr\u00e5n Nordic Cycling till Europeiska Cykelf\u00f6rbundets styrelse i sin helhet H\u00c4R.<\/u><\/a><\/p>\n<p>&nbsp;<\/p>\n","protected":false},"excerpt":{"rendered":"<p>\u00d6ppet brev till Europeiska Cykelf\u00f6rbundets styrelse fr\u00e5n Nordic Cycling Vid s\u00f6ndagens \u00e5rsm\u00f6te i det Europeiska Cykelf\u00f6rbundet (UEC) i Odense ber\u00f6rdes fr\u00e5gan om Ukraina av flertalet talare, bland andra av dess ordf\u00f6rande Enrico Della Casa och det internationella cykelf\u00f6rbundets (UCI) ordf\u00f6rande David Lappartient. Under den efterf\u00f6ljande diskussionen kommunicerade det nordiska cykelf\u00f6rbundet Nordic Cycling (som best\u00e5r<a href=\"https:\/\/scf.se\/forbundet\/oppet-brev-till-europeiska-cykelforbundets-styrelse-fran-nordic-cycling\/\" class=\"news-card__more\"> &#8230;<\/a><\/p>\n","protected":false},"author":41,"featured_media":4992,"comment_status":"open","ping_status":"open","sticky":false,"template":"","format":"standard","meta":{"_acf_changed":false,"footnotes":""},"categories":[1],"tags":[],"class_list":["post-4990","post","type-post","status-publish","format-standard","hentry","category-forbundet"],"acf":[],"_links":{"self":[{"href":"https:\/\/scf.se\/forbundet\/wp-json\/wp\/v2\/posts\/4990","targetHints":{"allow":["GET"]}}],"collection":[{"href":"https:\/\/scf.se\/forbundet\/wp-json\/wp\/v2\/posts"}],"about":[{"href":"https:\/\/scf.se\/forbundet\/wp-json\/wp\/v2\/types\/post"}],"author":[{"embeddable":true,"href":"https:\/\/scf.se\/forbundet\/wp-json\/wp\/v2\/users\/41"}],"replies":[{"embeddable":true,"href":"https:\/\/scf.se\/forbundet\/wp-json\/wp\/v2\/comments?post=4990"}],"version-history":[{"count":0,"href":"https:\/\/scf.se\/forbundet\/wp-json\/wp\/v2\/posts\/4990\/revisions"}],"wp:featuredmedia":[{"embeddable":true,"href":"https:\/\/scf.se\/forbundet\/wp-json\/wp\/v2\/media\/4992"}],"wp:attachment":[{"href":"https:\/\/scf.se\/forbundet\/wp-json\/wp\/v2\/media?parent=4990"}],"wp:term":[{"taxonomy":"category","embeddable":true,"href":"https:\/\/scf.se\/forbundet\/wp-json\/wp\/v2\/categories?post=4990"},{"taxonomy":"post_tag","embeddable":true,"href":"https:\/\/scf.se\/forbundet\/wp-json\/wp\/v2\/tags?post=4990"}],"curies":[{"name":"wp","href":"https:\/\/api.w.org\/{rel}","templated":true}]}}