
{"id":4978,"date":"2022-02-28T09:57:56","date_gmt":"2022-02-28T08:57:56","guid":{"rendered":"http:\/\/scf.se\/forbundet\/?p=4978"},"modified":"2022-02-28T12:57:44","modified_gmt":"2022-02-28T11:57:44","slug":"scf-rysslands-invasion-maste-fa-konsekvenser-for-rysk-cykelsport","status":"publish","type":"post","link":"https:\/\/scf.se\/forbundet\/scf-rysslands-invasion-maste-fa-konsekvenser-for-rysk-cykelsport\/","title":{"rendered":"SCF: Rysslands invasion m\u00e5ste f\u00e5 konsekvenser f\u00f6r rysk cykelsport"},"content":{"rendered":"<h2>Svenska Cykelf\u00f6rbundets st\u00e5ndpunkt med anledning av Rysslands invasion av Ukraina<\/h2>\n<p><strong>Rysslands invasion av Ukraina \u00e4r ett helt oacceptabelt och grovt brott mot folkr\u00e4tten som Svenska Cykelf\u00f6rbundet f\u00f6rd\u00f6mer i starkaste ordalag, Denna handling m\u00e5ste f\u00e5 konsekvenser f\u00f6r Ryssland och rysk cykelsport.<\/strong><\/p>\n<p>Det Svenska Cykelf\u00f6rbundet uppmanar samtliga internationella cykelf\u00f6rbund att visa solidaritet med Ukraina och landets idrottsorganisationer genom att inte genomf\u00f6ra eller f\u00f6rl\u00e4gga t\u00e4vlingar I Ryssland eller Belarus. Vidare rekommenderar vi samtliga f\u00f6rbund och t\u00e4vlingsorganisationer inom cykelsporten att utest\u00e4nga ryska lag och cyklister fr\u00e5n t\u00e4vlingar utanf\u00f6r Ryssland och Belarus. Svenska Cykelf\u00f6rbundet kommer ocks\u00e5 ta initiativ f\u00f6r att utest\u00e4nga ryska och belarusiska representanter fr\u00e5n cyklingens europeiska organisation UEC samt den internationella cykelorganisationen UCI.<\/p>\n<p><em>Stockholm 2022-02-27<\/em><\/p>\n<p><strong><em>Styrelsen f\u00f6r Svenska Cykelf\u00f6rbundet<\/em><\/strong><\/p>\n<p>&nbsp;<\/p>\n<h2>Swedish Cycling Federations stands on the Russian invasion of Ukraine<\/h2>\n<p><strong>The Russian invasion of Ukraine is a totally unacceptable and sever violation of international law that the Swedish Cycling Federation condemn in the strongest words. This action must have consequences for Russia and Russian athletes.<\/strong><\/p>\n<p>The Swedish Cycling Federation calls upon all international cycling federations to show solidarity with Ukraine and the country\u2019s sports federations by not conducting or attend any completions in Russia or Belorussia. Further on we recommend all federations and event organizers within cycling to ban all Russian teams and cyclists from competitions outside Russia and Belorussia. The Swedish Cycling Federation will also take an initiative to ban Russian and Belorussian representatives from European Cycling Federation UEC and from the international cycling federation UCI.<\/p>\n<p><em>Stockholm 27-02-2022<\/em><\/p>\n<p><strong><em>The Board of the Swedish Cycling Federation<\/em><\/strong><\/p>\n<p>&nbsp;<\/p>\n<p><em>(Bilden: Stefhan Klang och Thomas Backteman, ordf\u00f6rande respektive vice ordf\u00f6rande i Svenska Cykelf\u00f6rbundet.)<\/em><\/p>\n","protected":false},"excerpt":{"rendered":"<p>Svenska Cykelf\u00f6rbundets st\u00e5ndpunkt med anledning av Rysslands invasion av Ukraina Rysslands invasion av Ukraina \u00e4r ett helt oacceptabelt och grovt brott mot folkr\u00e4tten som Svenska Cykelf\u00f6rbundet f\u00f6rd\u00f6mer i starkaste ordalag, Denna handling m\u00e5ste f\u00e5 konsekvenser f\u00f6r Ryssland och rysk cykelsport. Det Svenska Cykelf\u00f6rbundet uppmanar samtliga internationella cykelf\u00f6rbund att visa solidaritet med Ukraina och landets<a href=\"https:\/\/scf.se\/forbundet\/scf-rysslands-invasion-maste-fa-konsekvenser-for-rysk-cykelsport\/\" class=\"news-card__more\"> &#8230;<\/a><\/p>\n","protected":false},"author":41,"featured_media":4981,"comment_status":"open","ping_status":"open","sticky":false,"template":"","format":"standard","meta":{"_acf_changed":false,"footnotes":""},"categories":[1],"tags":[],"class_list":["post-4978","post","type-post","status-publish","format-standard","hentry","category-forbundet"],"acf":[],"_links":{"self":[{"href":"https:\/\/scf.se\/forbundet\/wp-json\/wp\/v2\/posts\/4978","targetHints":{"allow":["GET"]}}],"collection":[{"href":"https:\/\/scf.se\/forbundet\/wp-json\/wp\/v2\/posts"}],"about":[{"href":"https:\/\/scf.se\/forbundet\/wp-json\/wp\/v2\/types\/post"}],"author":[{"embeddable":true,"href":"https:\/\/scf.se\/forbundet\/wp-json\/wp\/v2\/users\/41"}],"replies":[{"embeddable":true,"href":"https:\/\/scf.se\/forbundet\/wp-json\/wp\/v2\/comments?post=4978"}],"version-history":[{"count":0,"href":"https:\/\/scf.se\/forbundet\/wp-json\/wp\/v2\/posts\/4978\/revisions"}],"wp:featuredmedia":[{"embeddable":true,"href":"https:\/\/scf.se\/forbundet\/wp-json\/wp\/v2\/media\/4981"}],"wp:attachment":[{"href":"https:\/\/scf.se\/forbundet\/wp-json\/wp\/v2\/media?parent=4978"}],"wp:term":[{"taxonomy":"category","embeddable":true,"href":"https:\/\/scf.se\/forbundet\/wp-json\/wp\/v2\/categories?post=4978"},{"taxonomy":"post_tag","embeddable":true,"href":"https:\/\/scf.se\/forbundet\/wp-json\/wp\/v2\/tags?post=4978"}],"curies":[{"name":"wp","href":"https:\/\/api.w.org\/{rel}","templated":true}]}}