
{"id":4849,"date":"2021-11-16T11:36:17","date_gmt":"2021-11-16T10:36:17","guid":{"rendered":"http:\/\/scf.se\/forbundet\/?p=4849"},"modified":"2021-11-17T09:34:44","modified_gmt":"2021-11-17T08:34:44","slug":"anna-beck-nominerad-till-arets-kvinnliga-idrottare-pa-idrottsgalan-2022","status":"publish","type":"post","link":"https:\/\/scf.se\/forbundet\/anna-beck-nominerad-till-arets-kvinnliga-idrottare-pa-idrottsgalan-2022\/","title":{"rendered":"Anna Beck nominerad till \u00e5rets kvinnliga idrottare p\u00e5 idrottsgalan"},"content":{"rendered":"<p>Med tv\u00e5 VM-Guld och tv\u00e5 Paralympiska silver s\u00e5 \u00e4r cyklisten (tillika mesta svenska VM-guldmedalj\u00f6ren genom tiderna i cykel) Anna Beck nominerad i kategorin &#8221;\u00c5rets kvinnliga idrottare&#8221; p\u00e5 idrottsgalan den 17 januari 2022.<\/p>\n<p>Idrottsgalan \u00e4ger rum i Avicii Arena och direkts\u00e4nds i SVT1, SVT Play och Sveriges Radio m\u00e5ndag den 17 januari kl. 20:00.<\/p>\n","protected":false},"excerpt":{"rendered":"<p>Med tv\u00e5 VM-Guld och tv\u00e5 Paralympiska silver s\u00e5 \u00e4r cyklisten (tillika mesta svenska VM-guldmedalj\u00f6ren genom tiderna i cykel) Anna Beck nominerad i kategorin &#8221;\u00c5rets kvinnliga idrottare&#8221; p\u00e5 idrottsgalan den 17 januari 2022. Idrottsgalan \u00e4ger rum i Avicii Arena och direkts\u00e4nds i SVT1, SVT Play och Sveriges Radio m\u00e5ndag den 17 januari kl. 20:00.<\/p>\n","protected":false},"author":30,"featured_media":4850,"comment_status":"open","ping_status":"open","sticky":false,"template":"","format":"standard","meta":{"_acf_changed":false,"footnotes":""},"categories":[1],"tags":[],"class_list":["post-4849","post","type-post","status-publish","format-standard","hentry","category-forbundet"],"acf":[],"_links":{"self":[{"href":"https:\/\/scf.se\/forbundet\/wp-json\/wp\/v2\/posts\/4849","targetHints":{"allow":["GET"]}}],"collection":[{"href":"https:\/\/scf.se\/forbundet\/wp-json\/wp\/v2\/posts"}],"about":[{"href":"https:\/\/scf.se\/forbundet\/wp-json\/wp\/v2\/types\/post"}],"author":[{"embeddable":true,"href":"https:\/\/scf.se\/forbundet\/wp-json\/wp\/v2\/users\/30"}],"replies":[{"embeddable":true,"href":"https:\/\/scf.se\/forbundet\/wp-json\/wp\/v2\/comments?post=4849"}],"version-history":[{"count":0,"href":"https:\/\/scf.se\/forbundet\/wp-json\/wp\/v2\/posts\/4849\/revisions"}],"wp:featuredmedia":[{"embeddable":true,"href":"https:\/\/scf.se\/forbundet\/wp-json\/wp\/v2\/media\/4850"}],"wp:attachment":[{"href":"https:\/\/scf.se\/forbundet\/wp-json\/wp\/v2\/media?parent=4849"}],"wp:term":[{"taxonomy":"category","embeddable":true,"href":"https:\/\/scf.se\/forbundet\/wp-json\/wp\/v2\/categories?post=4849"},{"taxonomy":"post_tag","embeddable":true,"href":"https:\/\/scf.se\/forbundet\/wp-json\/wp\/v2\/tags?post=4849"}],"curies":[{"name":"wp","href":"https:\/\/api.w.org\/{rel}","templated":true}]}}