
{"id":4672,"date":"2021-04-29T18:50:53","date_gmt":"2021-04-29T16:50:53","guid":{"rendered":"http:\/\/scf.se\/forbundet\/?p=4672"},"modified":"2021-04-29T18:50:53","modified_gmt":"2021-04-29T16:50:53","slug":"senaste-nytt-fran-fhm-gallande-ungdomar-och-tavlingar","status":"publish","type":"post","link":"https:\/\/scf.se\/forbundet\/senaste-nytt-fran-fhm-gallande-ungdomar-och-tavlingar\/","title":{"rendered":"Senaste nytt fr\u00e5n FHM g\u00e4llande ungdomar och t\u00e4vlingar"},"content":{"rendered":"<p>Fr\u00e5n och med den 28 april 2021 kan f\u00f6reningar med individuella idrotter st\u00e4lla upp i t\u00e4vlingar med barn och unga f\u00f6dda 2002 eller senare. Max en g\u00e5ng per vecka. T\u00e4vlingar ska genomf\u00f6ras utomhus lokalt, eller med ett begr\u00e4nsat resande.<\/p>\n<p>Dock g\u00e4ller fortfarande Svensk pandemilag och nuvarande begr\u00e4nsningsf\u00f6rordning som \u00e4r styrande f\u00f6r Svenska Cykelf\u00f6rbundets verksamhet. \u00c4r det en allm\u00e4n sammankomst eller offentlig tillst\u00e4llning g\u00e4ller begr\u00e4nsningen om h\u00f6gst \u00e5tta deltagare. Undantag kan vara inh\u00e4gnade arenor alt. motorarenor..<\/p>\n<p><strong>H\u00c5LL UT!!<\/strong><\/p>\n<p>SCF Kommer inom kort komma ut med ett f\u00f6rtydligande vad som g\u00e4ller f\u00f6r kommande cykelt\u00e4vlingar\/lopp<\/p>\n","protected":false},"excerpt":{"rendered":"<p>Fr\u00e5n och med den 28 april 2021 kan f\u00f6reningar med individuella idrotter st\u00e4lla upp i t\u00e4vlingar med barn och unga f\u00f6dda 2002 eller senare. Max en g\u00e5ng per vecka. T\u00e4vlingar ska genomf\u00f6ras utomhus lokalt, eller med ett begr\u00e4nsat resande. Dock g\u00e4ller fortfarande Svensk pandemilag och nuvarande begr\u00e4nsningsf\u00f6rordning som \u00e4r styrande f\u00f6r Svenska Cykelf\u00f6rbundets verksamhet.<a href=\"https:\/\/scf.se\/forbundet\/senaste-nytt-fran-fhm-gallande-ungdomar-och-tavlingar\/\" class=\"news-card__more\"> &#8230;<\/a><\/p>\n","protected":false},"author":30,"featured_media":4058,"comment_status":"open","ping_status":"open","sticky":false,"template":"","format":"standard","meta":{"_acf_changed":false,"footnotes":""},"categories":[1],"tags":[],"class_list":["post-4672","post","type-post","status-publish","format-standard","hentry","category-forbundet"],"acf":[],"_links":{"self":[{"href":"https:\/\/scf.se\/forbundet\/wp-json\/wp\/v2\/posts\/4672","targetHints":{"allow":["GET"]}}],"collection":[{"href":"https:\/\/scf.se\/forbundet\/wp-json\/wp\/v2\/posts"}],"about":[{"href":"https:\/\/scf.se\/forbundet\/wp-json\/wp\/v2\/types\/post"}],"author":[{"embeddable":true,"href":"https:\/\/scf.se\/forbundet\/wp-json\/wp\/v2\/users\/30"}],"replies":[{"embeddable":true,"href":"https:\/\/scf.se\/forbundet\/wp-json\/wp\/v2\/comments?post=4672"}],"version-history":[{"count":0,"href":"https:\/\/scf.se\/forbundet\/wp-json\/wp\/v2\/posts\/4672\/revisions"}],"wp:featuredmedia":[{"embeddable":true,"href":"https:\/\/scf.se\/forbundet\/wp-json\/wp\/v2\/media\/4058"}],"wp:attachment":[{"href":"https:\/\/scf.se\/forbundet\/wp-json\/wp\/v2\/media?parent=4672"}],"wp:term":[{"taxonomy":"category","embeddable":true,"href":"https:\/\/scf.se\/forbundet\/wp-json\/wp\/v2\/categories?post=4672"},{"taxonomy":"post_tag","embeddable":true,"href":"https:\/\/scf.se\/forbundet\/wp-json\/wp\/v2\/tags?post=4672"}],"curies":[{"name":"wp","href":"https:\/\/api.w.org\/{rel}","templated":true}]}}