
{"id":4533,"date":"2021-02-25T12:09:23","date_gmt":"2021-02-25T11:09:23","guid":{"rendered":"http:\/\/scf.se\/forbundet\/?p=4533"},"modified":"2021-02-25T12:13:55","modified_gmt":"2021-02-25T11:13:55","slug":"stopp-for-enstaka-matcher-lager-och-cuper-fran-1-mars","status":"publish","type":"post","link":"https:\/\/scf.se\/forbundet\/stopp-for-enstaka-matcher-lager-och-cuper-fran-1-mars\/","title":{"rendered":"Stopp f\u00f6r enstaka matcher, l\u00e4ger och cuper fr\u00e5n 1 mars"},"content":{"rendered":"<div class=\"entry-title\">\n<div><strong>Folkh\u00e4lsomyndigheten och regeringen inf\u00f6r ytterligare \u00e5tg\u00e4rder f\u00f6r att st\u00e4vja smittspridningen i landet. Fr\u00e5n 1 mars<\/strong><strong> b\u00f6r idrottsr\u00f6relsen avst\u00e5 helt fr\u00e5n att ordna eller delta i l\u00e4ger, matcher, cuper och andra t\u00e4vlingar, med undantag f\u00f6r yrkesm\u00e4ssig idrott. Beslutet grundas p\u00e5 det r\u00e5dande allvarliga smittl\u00e4get.<\/strong><\/div>\n<\/div>\n<div><\/div>\n<blockquote>\n<div>\u2013 L\u00e4get \u00e4r allvarligt och det \u00e4r oerh\u00f6rt viktigt att idrottsr\u00f6relsen forts\u00e4tter f\u00f6lja allm\u00e4nna r\u00e5d och rekommendationer f\u00f6r att undvika smittspridning. M\u00e5nga inom idrottsr\u00f6relsen har tagit stort ansvar. Tyv\u00e4rr har vi exempel inom idrottsfamiljen d\u00e4r inte alla helt f\u00f6ljt de r\u00e5d och rekommendationer som finns. Idrottsr\u00f6relsen har f\u00e5tt ett f\u00f6rtroende att h\u00e5lla ig\u00e5ng viss verksamhet, ett f\u00f6rtroende vi ska v\u00e5rda, s\u00e4ger Bj\u00f6rn Eriksson, ordf\u00f6rande Riksidrottsf\u00f6rbundet i ett pressmeddelande.<\/div>\n<\/blockquote>\n<div class=\"entry-meta-container entry-publish-date\"><\/div>\n<div>Svenska Cykelf\u00f6rbundet har sedan tidigare beslutat att pausa t\u00e4vlingsverksamheten till och med 1 april och vill understryka att det \u00e4r viktigt att vi alla f\u00f6ljer Folkh\u00e4lsomyndighetens nya riktlinjer som inneb\u00e4r att:<\/div>\n<ul>\n<li>Det inte l\u00e4ngre \u00e4r till\u00e5tet med enstaka matcher eller t\u00e4vlingar f\u00f6r barn och ungdomar.<\/li>\n<li>Alla juniort\u00e4vlingar ska tills vidare ska st\u00e4llas in<\/li>\n<li>Ingen l\u00e4gerverksamhet f\u00f6r barn- och unga ska arrangeras<\/li>\n<li>Endast yrkesm\u00e4ssiga seniorer f\u00e5r delta i t\u00e4vlingar<\/li>\n<\/ul>\n<p>Det \u00e4r d\u00e4remot fortsatt till\u00e5tet att tr\u00e4na, f\u00f6rutsatt att tr\u00e4ningen sker p\u00e5 ett smitts\u00e4kert vis.<\/p>\n<div>Riksidrottsf\u00f6rbundet uppmanar idrottsf\u00f6rbund, f\u00f6reningar, aktiva och ledare att s\u00e4kerst\u00e4lla att verksamheten fullt ut genomf\u00f6rs i enlighet med de g\u00e4llande rekommendationerna. Svenska Cykelf\u00f6rbundet f\u00f6ljer utvecklingen och \u00e5terkommer med eventuella f\u00f6rtydliganden av de nya \u00e5tg\u00e4rderna.<\/div>\n<div><\/div>\n<div>H\u00e4r kan ni ta del av RF:s pressmeddelande i sin helhet: <a href=\"https:\/\/www.rf.se\/Nyheter\/Allanyheter\/stoppforenstakamatcherellertavlingar\/\">https:\/\/www.rf.se\/Nyheter\/Allanyheter\/stoppforenstakamatcherellertavlingar\/<\/a><\/div>\n<div><\/div>\n<div class=\"entry-content entry-content-news\">\n<div class=\"clearfix \">\n<p>&nbsp;<\/p>\n<p>&nbsp;<\/p>\n<p>&nbsp;<\/p>\n<\/div>\n<\/div>\n","protected":false},"excerpt":{"rendered":"<p>Folkh\u00e4lsomyndigheten och regeringen inf\u00f6r ytterligare \u00e5tg\u00e4rder f\u00f6r att st\u00e4vja smittspridningen i landet. Fr\u00e5n 1 mars b\u00f6r idrottsr\u00f6relsen avst\u00e5 helt fr\u00e5n att ordna eller delta i l\u00e4ger, matcher, cuper och andra t\u00e4vlingar, med undantag f\u00f6r yrkesm\u00e4ssig idrott. Beslutet grundas p\u00e5 det r\u00e5dande allvarliga smittl\u00e4get. \u2013 L\u00e4get \u00e4r allvarligt och det \u00e4r oerh\u00f6rt viktigt att idrottsr\u00f6relsen<a href=\"https:\/\/scf.se\/forbundet\/stopp-for-enstaka-matcher-lager-och-cuper-fran-1-mars\/\" class=\"news-card__more\"> &#8230;<\/a><\/p>\n","protected":false},"author":34,"featured_media":4356,"comment_status":"open","ping_status":"open","sticky":false,"template":"","format":"standard","meta":{"_acf_changed":false,"footnotes":""},"categories":[1],"tags":[],"class_list":["post-4533","post","type-post","status-publish","format-standard","hentry","category-forbundet"],"acf":[],"_links":{"self":[{"href":"https:\/\/scf.se\/forbundet\/wp-json\/wp\/v2\/posts\/4533","targetHints":{"allow":["GET"]}}],"collection":[{"href":"https:\/\/scf.se\/forbundet\/wp-json\/wp\/v2\/posts"}],"about":[{"href":"https:\/\/scf.se\/forbundet\/wp-json\/wp\/v2\/types\/post"}],"author":[{"embeddable":true,"href":"https:\/\/scf.se\/forbundet\/wp-json\/wp\/v2\/users\/34"}],"replies":[{"embeddable":true,"href":"https:\/\/scf.se\/forbundet\/wp-json\/wp\/v2\/comments?post=4533"}],"version-history":[{"count":0,"href":"https:\/\/scf.se\/forbundet\/wp-json\/wp\/v2\/posts\/4533\/revisions"}],"wp:featuredmedia":[{"embeddable":true,"href":"https:\/\/scf.se\/forbundet\/wp-json\/wp\/v2\/media\/4356"}],"wp:attachment":[{"href":"https:\/\/scf.se\/forbundet\/wp-json\/wp\/v2\/media?parent=4533"}],"wp:term":[{"taxonomy":"category","embeddable":true,"href":"https:\/\/scf.se\/forbundet\/wp-json\/wp\/v2\/categories?post=4533"},{"taxonomy":"post_tag","embeddable":true,"href":"https:\/\/scf.se\/forbundet\/wp-json\/wp\/v2\/tags?post=4533"}],"curies":[{"name":"wp","href":"https:\/\/api.w.org\/{rel}","templated":true}]}}