
{"id":4394,"date":"2020-12-09T12:04:00","date_gmt":"2020-12-09T11:04:00","guid":{"rendered":"http:\/\/scf.se\/forbundet\/?p=4394"},"modified":"2020-12-09T12:06:33","modified_gmt":"2020-12-09T11:06:33","slug":"traning-pa-smittsakert-satt-tillats-for-alla-tavlingsforbud-kvarstar","status":"publish","type":"post","link":"https:\/\/scf.se\/forbundet\/traning-pa-smittsakert-satt-tillats-for-alla-tavlingsforbud-kvarstar\/","title":{"rendered":"Tr\u00e4ning p\u00e5 smitts\u00e4kert s\u00e4tt till\u00e5ts f\u00f6r alla &#8211; t\u00e4vlingsf\u00f6rbud kvarst\u00e5r"},"content":{"rendered":"<header class=\"entry-header\">\n<p class=\"entry-title\">M\u00e5ndagen den 14 december ers\u00e4tts de lokala allm\u00e4nna r\u00e5den av nya nationella r\u00e5d. F\u00f6r idrottens del inneb\u00e4r de nya nationella r\u00e5den att det \u00e5ter blir till\u00e5tet f\u00f6r personer \u00f6ver 16 \u00e5r att genomf\u00f6ra gemensamma tr\u00e4ningar om det kan ske under smitts\u00e4kra former, med f\u00f6rdel utomhus.<br \/>\nRegeringen betonar dock att max \u00e5tta personer \u00e4r den nya normen i enlighet med regeringens f\u00f6rbudsordning om offentliga sammankomster som \u00e4r begr\u00e4nsade till \u00e5tta deltagare. Folkh\u00e4lsomyndigheten l\u00e4gger \u00e4ven stor vikt p\u00e5 det personliga ansvaret. L\u00c4S MER: <a title=\"Dokument Folkh\u00e4lsomyndigheten allm\u00e4nna r\u00e5d\" href=\"https:\/\/www.folkhalsomyndigheten.se\/contentassets\/5da13979cd774f33ae44527f442221bd\/andring-foreskrifter-allmanna-rad-hslf-fs-2020-12-gallerfrom-2020-12-14.pdf\" target=\"_blank\" rel=\"noopener noreferrer\">Folkh\u00e4lsomyndighetens f\u00f6reskrifter och allm\u00e4nna r\u00e5d<\/a><br \/>\nFormellt g\u00e4ller r\u00e5den till och med den 30 juni 2021.<\/p>\n<p class=\"entry-title\">Vissa av Folkh\u00e4lsomyndighetens f\u00f6reskrifter och nationella r\u00e5d g\u00e4ller specifikt f\u00f6r idrottsr\u00f6relsen och inneb\u00e4r att personer f\u00f6dda 2004 eller tidigare (juniorer\/seniorer) kan tr\u00e4na p\u00e5 ett s\u00e4tt som minimerar risken f\u00f6r smitta om de:<\/p>\n<\/header>\n<ol>\n<li>h\u00e5ller avst\u00e5nd till varandra,<\/li>\n<li>inte delar utrustning med varandra,<\/li>\n<li>n\u00e4r det \u00e4r m\u00f6jligt genomf\u00f6r aktiviteten utomhus,<\/li>\n<li>undviker gemensamma omkl\u00e4dningsrum,<\/li>\n<li>reser till och fr\u00e5n aktiviteten individuellt,<\/li>\n<li>utf\u00f6r aktiviteten i mindre grupper.<\/li>\n<\/ol>\n<p>Personer som \u00e4r f\u00f6dda 2004 eller tidigare b\u00f6r f\u00f6rutom ovanst\u00e5ende \u00e4ven avst\u00e5 fr\u00e5n att delta i l\u00e4ger, matcher, cuper och t\u00e4vlingar.\u00a0F\u00f6reningar b\u00f6r avst\u00e5 fr\u00e5n att ordna eller delta i s\u00e5dan t\u00e4vlingsverksamhet.<\/p>\n<p>Liksom tidigare f\u00e5r personer som \u00e4gnar sig \u00e5t yrkesm\u00e4ssig idrott tr\u00e4na och t\u00e4vla. Enligt Folkh\u00e4lsomyndighetens nationella allm\u00e4nna r\u00e5d som g\u00e4ller fr\u00e5n den 14 december f\u00e5r barn f\u00f6dda 2005 och senare fortsatt tr\u00e4na och \u00e4ven delta i enstaka matcher och t\u00e4vlingar.<\/p>\n<p>Svenska Cykelf\u00f6rbundets t\u00e4vlingsf\u00f6rbud g\u00e4ller fortsatt till och med den 15 januari. D\u00e4refter tar f\u00f6rbundsstyrelsen ett nytt beslut om eventuell f\u00f6rl\u00e4ngning.<br \/>\nL\u00e4r mer om cykel under corona <a href=\"https:\/\/scf.se\/forbundet\/riktlinjer-for-cyklister-och-tavlingsarrangorer\/\">H\u00c4R<\/a><\/p>\n<p>L\u00e4s mer om de ny nationella r\u00e5den p\u00e5 RF:s hemsida: https:\/\/www.rf.se\/Nyheter\/Allanyheter\/traningpasmittsakertsatttillatsforalla<\/p>\n<p>&nbsp;<\/p>\n<p>&nbsp;<\/p>\n<p>&nbsp;<\/p>\n<p>&nbsp;<\/p>\n<p>&nbsp;<\/p>\n","protected":false},"excerpt":{"rendered":"<p>M\u00e5ndagen den 14 december ers\u00e4tts de lokala allm\u00e4nna r\u00e5den av nya nationella r\u00e5d. F\u00f6r idrottens del inneb\u00e4r de nya nationella r\u00e5den att det \u00e5ter blir till\u00e5tet f\u00f6r personer \u00f6ver 16 \u00e5r att genomf\u00f6ra gemensamma tr\u00e4ningar om det kan ske under smitts\u00e4kra former, med f\u00f6rdel utomhus. Regeringen betonar dock att max \u00e5tta personer \u00e4r den<a href=\"https:\/\/scf.se\/forbundet\/traning-pa-smittsakert-satt-tillats-for-alla-tavlingsforbud-kvarstar\/\" class=\"news-card__more\"> &#8230;<\/a><\/p>\n","protected":false},"author":34,"featured_media":4356,"comment_status":"open","ping_status":"open","sticky":false,"template":"","format":"standard","meta":{"_acf_changed":false,"footnotes":""},"categories":[1],"tags":[],"class_list":["post-4394","post","type-post","status-publish","format-standard","hentry","category-forbundet"],"acf":[],"_links":{"self":[{"href":"https:\/\/scf.se\/forbundet\/wp-json\/wp\/v2\/posts\/4394","targetHints":{"allow":["GET"]}}],"collection":[{"href":"https:\/\/scf.se\/forbundet\/wp-json\/wp\/v2\/posts"}],"about":[{"href":"https:\/\/scf.se\/forbundet\/wp-json\/wp\/v2\/types\/post"}],"author":[{"embeddable":true,"href":"https:\/\/scf.se\/forbundet\/wp-json\/wp\/v2\/users\/34"}],"replies":[{"embeddable":true,"href":"https:\/\/scf.se\/forbundet\/wp-json\/wp\/v2\/comments?post=4394"}],"version-history":[{"count":0,"href":"https:\/\/scf.se\/forbundet\/wp-json\/wp\/v2\/posts\/4394\/revisions"}],"wp:featuredmedia":[{"embeddable":true,"href":"https:\/\/scf.se\/forbundet\/wp-json\/wp\/v2\/media\/4356"}],"wp:attachment":[{"href":"https:\/\/scf.se\/forbundet\/wp-json\/wp\/v2\/media?parent=4394"}],"wp:term":[{"taxonomy":"category","embeddable":true,"href":"https:\/\/scf.se\/forbundet\/wp-json\/wp\/v2\/categories?post=4394"},{"taxonomy":"post_tag","embeddable":true,"href":"https:\/\/scf.se\/forbundet\/wp-json\/wp\/v2\/tags?post=4394"}],"curies":[{"name":"wp","href":"https:\/\/api.w.org\/{rel}","templated":true}]}}