
{"id":4199,"date":"2020-06-12T12:12:10","date_gmt":"2020-06-12T10:12:10","guid":{"rendered":"http:\/\/scf.se\/forbundet\/?p=4199"},"modified":"2020-06-12T12:28:21","modified_gmt":"2020-06-12T10:28:21","slug":"forsiktigt-positiva-besked-infor-aterstarten-av-tavlingssasongen","status":"publish","type":"post","link":"https:\/\/scf.se\/forbundet\/forsiktigt-positiva-besked-infor-aterstarten-av-tavlingssasongen\/","title":{"rendered":"F\u00f6rsiktigt positiva besked inf\u00f6r \u00e5terstarten av t\u00e4vlingss\u00e4songen"},"content":{"rendered":"<p>Idag, fredag, har SCF f\u00e5tt svar p\u00e5 n\u00e5gra av de fr\u00e5gest\u00e4llningar vi st\u00e4llt till Polismyndigheten via RF med anledning av \u00e5terstarten av den nationella t\u00e4vlingss\u00e4songen.<br \/>\nSammankomster med max 50 personer g\u00e4ller fortfarande men RF har i dialog med Polismyndigheten f\u00e5tt vissa klarg\u00f6rande som g\u00f6r att SCF ser det som m\u00f6jligt att starta delar av den nationella t\u00e4vlingss\u00e4songen senast den 15 juli.<br \/>\nUtifr\u00e5n fredagens f\u00f6rtydliganden kommer Svenska Cykelf\u00f6rbundets styrelse, grengrupper, samt den tillf\u00e4lliga t\u00e4vlingsgrupp som satts ihop med anledning av Coronakrisen, nu att utforma generella riktlinjer inf\u00f6r den kommande t\u00e4vlingsstarten.<br \/>\nDessa kommer kommuniceras ut under vecka 25 \u2013 dock senast torsdag den 18 juni.<\/p>\n<p><strong>N\u00e5gra viktiga datum fram\u00e5t<\/strong><\/p>\n<p><strong>15 juni:<\/strong> F\u00f6reningar till\u00e5ts att arrangera tr\u00e4nings- och klubbt\u00e4vlingar, samt prova-p\u00e5-dagar<\/p>\n<p><strong>16 juni:<\/strong> SCF:s styrelse har styrelsem\u00f6te med anledning av klartecken f\u00f6r nationella t\u00e4vlingar<\/p>\n<p><strong>17 juni: <\/strong>SCF:s t\u00e4vlingsgrupp har m\u00f6te<\/p>\n<p><strong>18 juni: <\/strong>Besked till arrang\u00f6rer och klubbar om \u00e5terstarten av den nationella t\u00e4vlingss\u00e4songen<\/p>\n<p><strong>1 juli: <\/strong>Allians-och distriktst\u00e4vlingar till\u00e5ts (datumet kan komma att \u00e4ndras med anledning av RF:s besked)<\/p>\n<p><strong>15 juli: <\/strong>Nationella t\u00e4vlingar till\u00e5ts (datumet kan komma att \u00e4ndras med anledning av RF:s besked)<\/p>\n<p>&nbsp;<\/p>\n<p><strong>Detta har h\u00e4nt<br \/>\n<\/strong>2020-06-02 meddelade RF och Folkh\u00e4lsomyndigheten att man ger<a href=\"https:\/\/www.rf.se\/Nyheter\/Allanyheter\/klarteckenformatcherochtavlingarforseniorer\">\u00a0klartecken f\u00f6r matcher och t\u00e4vlingar f\u00f6r seniorer<\/a>\u00a0fr\u00e5n och med 14 juni. Nyheten kommunicerades ut under en presskonferens.<br \/>\nEfter beskedet stod det klart att SCF beh\u00f6vde hj\u00e4lp att tolka regelverket f\u00f6r att kunna g\u00f6ra en \u00e5terstart f\u00f6r t\u00e4vlingar inom ramen av Folkh\u00e4lsomyndighetens beslut om sammankomster med max 50 personer.<br \/>\nRF tog dessa fr\u00e5gest\u00e4llningar till Polismyndigheten. F\u00f6rtydliganden fr\u00e5n polis och RF kom under fredagen den 12 juni.<\/p>\n<p><em>Svenska Cykelf\u00f6rbundet f\u00f6rh\u00e5ller sig till Folkh\u00e4lsomyndighetens och regeringens rekommendationer, och utformar riktlinjer till klubbar, arrang\u00f6rer och enskilda cyklister utifr\u00e5n myndigheternas beslut.\u00a0<a href=\"https:\/\/scf.se\/forbundet\/riktlinjer-for-cyklister-och-tavlingsarrangorer\/\">H\u00e4r kan ni l\u00e4sa mer om tidigare beslut fattade med anledning av coronapandemin\u00a0<\/a><\/em><\/p>\n<a href=\"https:\/\/scf.se\/forbundet\/wp-content\/uploads\/sites\/9\/2018\/07\/Wallner_170827_51852_low.jpg\"><img loading=\"lazy\" decoding=\"async\" class=\"alignnone size-post-small wp-image-2676\" src=\"https:\/\/scf.se\/forbundet\/wp-content\/uploads\/sites\/9\/2018\/07\/Wallner_170827_51852_low-740x462.jpg\" alt=\"\" width=\"740\" height=\"462\" \/><\/a>\n<p>&nbsp;<\/p>\n<p>&nbsp;<\/p>\n<p>&nbsp;<\/p>\n","protected":false},"excerpt":{"rendered":"<p>Idag, fredag, har SCF f\u00e5tt svar p\u00e5 n\u00e5gra av de fr\u00e5gest\u00e4llningar vi st\u00e4llt till Polismyndigheten via RF med anledning av \u00e5terstarten av den nationella t\u00e4vlingss\u00e4songen. Sammankomster med max 50 personer g\u00e4ller fortfarande men RF har i dialog med Polismyndigheten f\u00e5tt vissa klarg\u00f6rande som g\u00f6r att SCF ser det som m\u00f6jligt att starta delar av<a href=\"https:\/\/scf.se\/forbundet\/forsiktigt-positiva-besked-infor-aterstarten-av-tavlingssasongen\/\" class=\"news-card__more\"> &#8230;<\/a><\/p>\n","protected":false},"author":34,"featured_media":0,"comment_status":"open","ping_status":"open","sticky":false,"template":"","format":"standard","meta":{"_acf_changed":false,"footnotes":""},"categories":[1],"tags":[],"class_list":["post-4199","post","type-post","status-publish","format-standard","hentry","category-forbundet"],"acf":[],"_links":{"self":[{"href":"https:\/\/scf.se\/forbundet\/wp-json\/wp\/v2\/posts\/4199","targetHints":{"allow":["GET"]}}],"collection":[{"href":"https:\/\/scf.se\/forbundet\/wp-json\/wp\/v2\/posts"}],"about":[{"href":"https:\/\/scf.se\/forbundet\/wp-json\/wp\/v2\/types\/post"}],"author":[{"embeddable":true,"href":"https:\/\/scf.se\/forbundet\/wp-json\/wp\/v2\/users\/34"}],"replies":[{"embeddable":true,"href":"https:\/\/scf.se\/forbundet\/wp-json\/wp\/v2\/comments?post=4199"}],"version-history":[{"count":0,"href":"https:\/\/scf.se\/forbundet\/wp-json\/wp\/v2\/posts\/4199\/revisions"}],"wp:attachment":[{"href":"https:\/\/scf.se\/forbundet\/wp-json\/wp\/v2\/media?parent=4199"}],"wp:term":[{"taxonomy":"category","embeddable":true,"href":"https:\/\/scf.se\/forbundet\/wp-json\/wp\/v2\/categories?post=4199"},{"taxonomy":"post_tag","embeddable":true,"href":"https:\/\/scf.se\/forbundet\/wp-json\/wp\/v2\/tags?post=4199"}],"curies":[{"name":"wp","href":"https:\/\/api.w.org\/{rel}","templated":true}]}}