
{"id":4186,"date":"2020-06-02T10:19:22","date_gmt":"2020-06-02T08:19:22","guid":{"rendered":"http:\/\/scf.se\/forbundet\/?p=4186"},"modified":"2020-06-09T16:10:10","modified_gmt":"2020-06-09T14:10:10","slug":"information-infor-lattnaden-av-tavlingsforbudet-den-15-juni","status":"publish","type":"post","link":"https:\/\/scf.se\/forbundet\/information-infor-lattnaden-av-tavlingsforbudet-den-15-juni\/","title":{"rendered":"Information inf\u00f6r l\u00e4ttnaden av t\u00e4vlingsf\u00f6rbudet den 15 juni"},"content":{"rendered":"<p>Under fredagen meddelade RF och Folkh\u00e4lsomyndigheten att man ger<a href=\"https:\/\/www.rf.se\/Nyheter\/Allanyheter\/klarteckenformatcherochtavlingarforseniorer\"> klartecken f\u00f6r matcher och t\u00e4vlingar f\u00f6r seniorer<\/a> fr\u00e5n och med 14 juni. Nyheten kommunicerades ut under en presskonferens p\u00e5 fredagsmorgonen och RF kallade senare till ett informationsm\u00f6te.<br \/>\nSamtidigt beslutade SCF:s f\u00f6rbundsstyrelse vid det senaste styrelsem\u00f6te\u00a0 <a href=\"https:\/\/scf.se\/forbundet\/covid-19-scf-lattar-pa-tavlingsforbudet-i-tre-steg-fran-och-med-den-15-juni\/\">(2020-05-19)<\/a> att l\u00e4tta p\u00e5 t\u00e4vlingsf\u00f6rbudet i tre steg fr\u00e5n och med den 15 juni. I samband med detta fick samtliga grengrupper i uppdrag att ta fram f\u00f6rslag p\u00e5 hur t\u00e4vlingar ska kunna genomf\u00f6ras grenspecifikt vid en \u00e5terstart av den nationella t\u00e4vlingsverksamheten &#8211; utan att bryta mot Folkh\u00e4lsomyndighetens restriktioner.<br \/>\nDessa har nu sammanst\u00e4llts. Klart \u00e4r att vi beh\u00f6ver hj\u00e4lp att tolka regelverket. SCF har d\u00e4rf\u00f6r \u00f6verl\u00e4mnat fr\u00e5gest\u00e4llningarna till RF.\u00a0Vi beh\u00f6ver bland annat tydliga direktiv fr\u00e5n RF vad definitionen av sammankomster egentligen inneb\u00e4r vid cykelt\u00e4vlingar, samt definitionen av vad en paus egentligen \u00e4r.<br \/>\nVi hoppas p\u00e5 en snabb process f\u00f6r att kunna\u00a0 kommunicera ut regler och rekommendationer i god tid f\u00f6re den 15 juni.<\/p>\n<p>Uppdatering 2020-06-05<\/p>\n<p>Under fredagen har RF haft ett kompletterande informationsm\u00f6te med anledning av FHM och RF:s klartecken f\u00f6r matcher och t\u00e4vlingar som b\u00f6rjar g\u00e4lla 14 juni. Mycket \u00e4r fortfarande oklart och flera av Cykelf\u00f6rbundets\u00a0fr\u00e5gest\u00e4llningar ligger fortfarande p\u00e5 polisens bord.<br \/>\nRF klargjorde att alla evenemang som arrangeras p\u00e5 en plats d\u00e4r allm\u00e4nheten har tilltr\u00e4de (s\u00e5 som skog och v\u00e4g) r\u00e4knas som offentlig tillst\u00e4llning. I\u00a0nul\u00e4get f\u00e5r max 50 deltagare delta i en t\u00e4vling som r\u00e4knas som offentlig tillst\u00e4llning \u2013 som allts\u00e5 arrangeras i skog och p\u00e5 v\u00e4g. Fr\u00e5gan om man kan sprida ut en t\u00e4vling under l\u00e4ngre tid, s\u00e5 att t\u00e4vlingen p\u00e5 s\u00e5 vis kan ha fler deltagare, har l\u00e4mnats till polismyndigheten.\u00a0 Svar fr\u00e5n polis ber\u00e4knas komma under vecka 24.<\/p>\n<p>&nbsp;<\/p>\n","protected":false},"excerpt":{"rendered":"<p>Under fredagen meddelade RF och Folkh\u00e4lsomyndigheten att man ger klartecken f\u00f6r matcher och t\u00e4vlingar f\u00f6r seniorer fr\u00e5n och med 14 juni. Nyheten kommunicerades ut under en presskonferens p\u00e5 fredagsmorgonen och RF kallade senare till ett informationsm\u00f6te. Samtidigt beslutade SCF:s f\u00f6rbundsstyrelse vid det senaste styrelsem\u00f6te\u00a0 (2020-05-19) att l\u00e4tta p\u00e5 t\u00e4vlingsf\u00f6rbudet i tre steg fr\u00e5n och<a href=\"https:\/\/scf.se\/forbundet\/information-infor-lattnaden-av-tavlingsforbudet-den-15-juni\/\" class=\"news-card__more\"> &#8230;<\/a><\/p>\n","protected":false},"author":34,"featured_media":0,"comment_status":"open","ping_status":"open","sticky":false,"template":"","format":"standard","meta":{"_acf_changed":false,"footnotes":""},"categories":[1],"tags":[],"class_list":["post-4186","post","type-post","status-publish","format-standard","hentry","category-forbundet"],"acf":[],"_links":{"self":[{"href":"https:\/\/scf.se\/forbundet\/wp-json\/wp\/v2\/posts\/4186","targetHints":{"allow":["GET"]}}],"collection":[{"href":"https:\/\/scf.se\/forbundet\/wp-json\/wp\/v2\/posts"}],"about":[{"href":"https:\/\/scf.se\/forbundet\/wp-json\/wp\/v2\/types\/post"}],"author":[{"embeddable":true,"href":"https:\/\/scf.se\/forbundet\/wp-json\/wp\/v2\/users\/34"}],"replies":[{"embeddable":true,"href":"https:\/\/scf.se\/forbundet\/wp-json\/wp\/v2\/comments?post=4186"}],"version-history":[{"count":0,"href":"https:\/\/scf.se\/forbundet\/wp-json\/wp\/v2\/posts\/4186\/revisions"}],"wp:attachment":[{"href":"https:\/\/scf.se\/forbundet\/wp-json\/wp\/v2\/media?parent=4186"}],"wp:term":[{"taxonomy":"category","embeddable":true,"href":"https:\/\/scf.se\/forbundet\/wp-json\/wp\/v2\/categories?post=4186"},{"taxonomy":"post_tag","embeddable":true,"href":"https:\/\/scf.se\/forbundet\/wp-json\/wp\/v2\/tags?post=4186"}],"curies":[{"name":"wp","href":"https:\/\/api.w.org\/{rel}","templated":true}]}}