
{"id":4167,"date":"2020-05-20T12:28:16","date_gmt":"2020-05-20T10:28:16","guid":{"rendered":"http:\/\/scf.se\/forbundet\/?p=4167"},"modified":"2020-05-20T13:42:55","modified_gmt":"2020-05-20T11:42:55","slug":"covid-19-scf-lattar-pa-tavlingsforbudet-i-tre-steg-fran-och-med-den-15-juni","status":"publish","type":"post","link":"https:\/\/scf.se\/forbundet\/covid-19-scf-lattar-pa-tavlingsforbudet-i-tre-steg-fran-och-med-den-15-juni\/","title":{"rendered":"Covid 19: SCF l\u00e4ttar p\u00e5 t\u00e4vlingsf\u00f6rbudet i tre steg fr\u00e5n och med den 15 juni"},"content":{"rendered":"<p>(2020-05-20) Den 15 juli h\u00e4vs det nationella t\u00e4vlingsstoppet \u2013 f\u00f6rbeh\u00e5llet att Folkh\u00e4lsomyndighetens restriktioner kan f\u00f6ljas. Beslutet om att sl\u00e4ppa p\u00e5 t\u00e4vlingsf\u00f6rbudet togs av SCF:s styrelsem\u00f6te under tisdagskv\u00e4llen. \u00c5terstarten kommer ske i tre steg och redan den 15 juni till\u00e5ts t\u00e4vlingar inom den egna klubben, samt prova-p\u00e5-aktiviteter. Den 1 juli l\u00e4ttar \u00e4ven restriktionerna f\u00f6r distriktst\u00e4vlingar \u2013 f\u00f6rutsatt att Folkh\u00e4lsomyndighetens regler vid idrottsarrangemang efterf\u00f6ljs av arrang\u00f6rer och deltagare. Respektive grengrupp kommer\u00a0 f\u00e5 i uppgift att ta fram grenspecifika f\u00f6rh\u00e5llningsregler som st\u00f6d inf\u00f6r \u00e5terstarten. Dessa kommer kommuniceras ut snarast, dock senast 2020-06-01.<br \/>\nF\u00f6rbundsordf\u00f6rande Stefhan Klang \u00e4r glad \u00f6ver att kunna ge lite positiva besked till Cykelsverige, men understryker att Folkh\u00e4lsomyndigheten och regeringens regler g\u00e4ller, fram tills dess att restriktionerna \u00e4ndras.<\/p>\n<blockquote><p>&#8211; Styrelsens inst\u00e4llning \u00e4r att g\u00f6ra n\u00e5got positivt. Sen f\u00e5r vi se vart det hela leder. Men f\u00f6r oss var det viktigt att s\u00e4tta upp datum att jobba mot, s\u00e4ger Stefhan Klang.<\/p><\/blockquote>\n<p>F\u00f6rbundsstyrelsen \u00e4r medveten om att beslutet om att l\u00e4tta p\u00e5 t\u00e4vlingsf\u00f6rbudet kommer att medf\u00f6ra m\u00e5nga fr\u00e5gest\u00e4llningar och kommer d\u00e4rf\u00f6r ta en separat diskussion med Folkh\u00e4lsomyndigheten f\u00f6r att se om man gemensamt kan hitta riktlinjer f\u00f6r cykelt\u00e4vlingar.<\/p>\n<hr \/>\n<p><strong>\u00c5terstart av t\u00e4vlingsverksamheten \u2013 viktiga datum<\/strong><\/p>\n<p>15 juni: Tr\u00e4ningst\u00e4vlingar inom egna f\u00f6reningen till\u00e5ts, samt prova-p\u00e5-aktiviteter. Barn-och ungdomsverksamhet ska prioriteras.<\/p>\n<p>1 juli: Distriktst\u00e4vlingar till\u00e5ts \u2013 om de kan h\u00e5llas inom ramen av Folkh\u00e4lsomyndighetens best\u00e4mmelser.<\/p>\n<p>15 juli: Den nationella t\u00e4vlingsverksamheten \u00f6ppnar \u2013 f\u00f6rutsatt att Folkh\u00e4lsomyndighetens nuvarande restriktioner l\u00e4ttar.<\/p>\n<hr \/>\n<p><strong>Rekommendationer vid cykelarrangemang under Corona<br \/>\n<\/strong><em>(Reglerna kommer uppdateras)<\/em><\/p>\n<p><strong>F\u00f6r arrang\u00f6r:<\/strong><\/p>\n<ul>\n<li>Det totala antalet deltagare och funktion\u00e4rer f\u00e5r inte \u00f6verstiga 50 personer<\/li>\n<li>F\u00f6ranm\u00e4lan kr\u00e4vs \u2013 f\u00f6r att f\u00e5 koll p\u00e5 att antalet inte \u00f6verstiger 50 personer. Om antalet f\u00f6ranm\u00e4lda \u00f6verskrider max-antal, ska barn- och ungdomsklasserna prioriteras.<\/li>\n<li>Ingen gemensam dusch p\u00e5 plats<\/li>\n<li>Ingen servering p\u00e5 plats<\/li>\n<\/ul>\n<p><strong>\u00a0<\/strong><\/p>\n<p><strong>F\u00f6r deltagare:<\/strong><\/p>\n<ul>\n<li>Max tv\u00e5 timmars restid till arrangemanget<\/li>\n<li>Byt om och duscha hemma<\/li>\n<li>Ha med egen mat<\/li>\n<\/ul>\n<p>&nbsp;<\/p>\n<p><em>Svenska Cykelf\u00f6rbundet f\u00f6rh\u00e5ller sig till Folkh\u00e4lsomyndighetens och regeringens rekommendationer, och utformar riktlinjer till klubbar, arrang\u00f6rer och enskilda cyklister utifr\u00e5n myndigheternas beslut.\u00a0<a href=\"https:\/\/scf.se\/forbundet\/riktlinjer-for-cyklister-och-tavlingsarrangorer\/\">H\u00e4r kan ni l\u00e4sa mer om tidigare beslut fattade med anledning av coronapandemin\u00a0<\/a><\/em><\/p>\n<a href=\"https:\/\/scf.se\/forbundet\/wp-content\/uploads\/sites\/9\/2017\/12\/Wallner_170528_39357_low.jpg\"><img loading=\"lazy\" decoding=\"async\" class=\"alignnone size-post-small wp-image-2420\" src=\"https:\/\/scf.se\/forbundet\/wp-content\/uploads\/sites\/9\/2017\/12\/Wallner_170528_39357_low-740x462.jpg\" alt=\"\" width=\"740\" height=\"462\" \/><\/a>\n<p>&nbsp;<\/p>\n<p>&nbsp;<\/p>\n","protected":false},"excerpt":{"rendered":"<p>(2020-05-20) Den 15 juli h\u00e4vs det nationella t\u00e4vlingsstoppet \u2013 f\u00f6rbeh\u00e5llet att Folkh\u00e4lsomyndighetens restriktioner kan f\u00f6ljas. Beslutet om att sl\u00e4ppa p\u00e5 t\u00e4vlingsf\u00f6rbudet togs av SCF:s styrelsem\u00f6te under tisdagskv\u00e4llen. \u00c5terstarten kommer ske i tre steg och redan den 15 juni till\u00e5ts t\u00e4vlingar inom den egna klubben, samt prova-p\u00e5-aktiviteter. Den 1 juli l\u00e4ttar \u00e4ven restriktionerna f\u00f6r distriktst\u00e4vlingar<a href=\"https:\/\/scf.se\/forbundet\/covid-19-scf-lattar-pa-tavlingsforbudet-i-tre-steg-fran-och-med-den-15-juni\/\" class=\"news-card__more\"> &#8230;<\/a><\/p>\n","protected":false},"author":34,"featured_media":0,"comment_status":"open","ping_status":"open","sticky":false,"template":"","format":"standard","meta":{"_acf_changed":false,"footnotes":""},"categories":[1],"tags":[],"class_list":["post-4167","post","type-post","status-publish","format-standard","hentry","category-forbundet"],"acf":[],"_links":{"self":[{"href":"https:\/\/scf.se\/forbundet\/wp-json\/wp\/v2\/posts\/4167","targetHints":{"allow":["GET"]}}],"collection":[{"href":"https:\/\/scf.se\/forbundet\/wp-json\/wp\/v2\/posts"}],"about":[{"href":"https:\/\/scf.se\/forbundet\/wp-json\/wp\/v2\/types\/post"}],"author":[{"embeddable":true,"href":"https:\/\/scf.se\/forbundet\/wp-json\/wp\/v2\/users\/34"}],"replies":[{"embeddable":true,"href":"https:\/\/scf.se\/forbundet\/wp-json\/wp\/v2\/comments?post=4167"}],"version-history":[{"count":0,"href":"https:\/\/scf.se\/forbundet\/wp-json\/wp\/v2\/posts\/4167\/revisions"}],"wp:attachment":[{"href":"https:\/\/scf.se\/forbundet\/wp-json\/wp\/v2\/media?parent=4167"}],"wp:term":[{"taxonomy":"category","embeddable":true,"href":"https:\/\/scf.se\/forbundet\/wp-json\/wp\/v2\/categories?post=4167"},{"taxonomy":"post_tag","embeddable":true,"href":"https:\/\/scf.se\/forbundet\/wp-json\/wp\/v2\/tags?post=4167"}],"curies":[{"name":"wp","href":"https:\/\/api.w.org\/{rel}","templated":true}]}}