
{"id":4136,"date":"2020-05-08T10:07:48","date_gmt":"2020-05-08T08:07:48","guid":{"rendered":"http:\/\/scf.se\/forbundet\/?p=4136"},"modified":"2020-05-08T10:18:26","modified_gmt":"2020-05-08T08:18:26","slug":"viktig-paminnelse-fran-rf-gallande-kompensationsstod-till-if","status":"publish","type":"post","link":"https:\/\/scf.se\/forbundet\/viktig-paminnelse-fran-rf-gallande-kompensationsstod-till-if\/","title":{"rendered":"Viktig p\u00e5minnelse fr\u00e5n RF g\u00e4llande kompensationsst\u00f6d till IF"},"content":{"rendered":"<p>H\u00e4r kommer viktig information till de f\u00f6reningar som ber\u00f6rs av RF:s st\u00f6dpaket:<\/p>\n<p>Den 1 maj \u00f6ppnade RF ans\u00f6kan om kompensationsst\u00f6d f\u00f6r b\u00e5de SF och IF.<br \/>\nAns\u00f6kan \u00e4r \u00f6ppen till och med den 15 maj och g\u00e4ller kompensation f\u00f6r perioden 12 mars till 30 juni.<\/p>\n<p><strong>D\u00e5 ett stort antal ans\u00f6kningar f\u00f6rv\u00e4ntas \u00e4r kvaliteten p\u00e5 ans\u00f6kningarna av st\u00f6rsta vikt.<br \/>\nDet \u00e4r av yttersta vikt att ber\u00f6rda f\u00f6reningar (IF) inkommer med verifierade och l\u00e4ttbegripliga underlag som styrker deras ekonomiska f\u00f6rluster. Detta underl\u00e4ttar handl\u00e4ggningen.<\/strong><\/p>\n<p>RF kommer att behandla ans\u00f6kningarna under andra<strong> halvan av maj och b\u00f6rjan av juni<\/strong>. Prelimin\u00e4rt fattar Riksidrottsstyrelsen beslut om kompensationsst\u00f6d den 11 juni. Alla som har ans\u00f6kt om st\u00f6d kommer att f\u00e5 besked om beslut senast under midsommarveckan (v. 25).<\/p>\n<p>P\u00e5 rf.se finns en <a href=\"https:\/\/one-lnk.com\/x1e0aCiMjpKjMHFGT4d23CqN2HCvCT2ZsMXBvTLPMJlc_KYZqeKv-OUY0d5EktHVLQ4Tm__L0H1X4xMV6mgqWhsuA\/x1eD6yKZVY92AeD-uWMjCrzZd1S7-u1eNfJW0k7cYz4fImUWDmdZoYisSWWxQxR9rRyhihU34FyHn4hOJyarteQWs9PRMSI2WQ-EbY5eCTE95UJtVcdGpI4HjJiNUlSLWcpHempvfRXfswQPBCEZjJvaIkUzF_Qr5n8UKq4UhRVvFOAD6XdN6afC_XQiYyjA1FDO4__vgm6y0wP9hrxbasrtQ\/x1e4yan9PGUA3jeYe61QVSaZQ\/\">infosida om kompensationsst\u00f6d SF<\/a> och en <a href=\"https:\/\/one-lnk.com\/x1e0aCiMjpKjMHFGT4d23CqN2HCvCT2ZsMXBvTLPMJlc_KYZqeKv-OUY0d5EktHVLQ4Tm__L0H1X4xMV6mgqWhsuA\/x1eHeZt0yH3bPibrNpeoTZeIxTE_MUTXORprYtF-MpTxw7k2uNOPSrDcqiJ4rMylWyuG1iBPfy-WTd3IV2KP0e4eJkSOL-JxQ0ZpGk0BaK_Au7Aj_IRmUibgwgFjchj1p9pUUheskAsixTSz832ZVlAvLLvfehlS3ikrIapAwe19ykJWUBiYSn5wI4EulNXZnFj4myWWbGhu7GP-VkzpUL6Qw\/x1e4yan9PGUA3jeYe61QVSaZQ\/\">infosida om kompensationsst\u00f6d IF<\/a>. F\u00f6r f\u00f6reningar finns <a href=\"https:\/\/one-lnk.com\/x1e0aCiMjpKjMHFGT4d23CqN2HCvCT2ZsMXBvTLPMJlc_KYZqeKv-OUY0d5EktHVLQ4Tm__L0H1X4xMV6mgqWhsuA\/x1em5cLy16fPK8Io2RLaI6ZQFsVVIoDLC57Puaz0Qqh3my9omzLfHH3IKflwyIv9uh8qg4ETJOm6NAXW6yyWef8t2lV2X8xyaSef0o6vPOUN8AvX7jEdhFHYeBRt7_Q9qdWhUMfk9DHmUJgyDI3ivjv_siVwOQ_xoQs4Nx1qMMuYs80JzLPppgh_SlxA5NzI1bqjDPWwzRcVYBG9uBIJGKATw\/x1e4yan9PGUA3jeYe61QVSaZQ\/\">\u00e4ven en FAQ<\/a> som \u00e4r bra att anv\u00e4nda som st\u00f6d till ans\u00f6kan.<\/p>\n<p>Om ni f\u00e5r fr\u00e5gor fr\u00e5n f\u00f6reningar kan ni i f\u00f6rsta hand h\u00e4nvisa till infosidan och FAQ. Hittar ni inte svaren d\u00e4r \u00e4r ni som vanligt v\u00e4lkomna att kontakta oss p\u00e5 <a href=\"mailto:corona@rfsisu.se\">corona@rfsisu.se<\/a>.<\/p>\n<p><a href=\"https:\/\/scf.se\/forbundet\/ansokan-om-kompensationsstod-for-corona-oppnar-1-maj\/\">L\u00c4S MER<\/a> Ans\u00f6kan om kompensationsst\u00f6d<\/p>\n<a href=\"https:\/\/scf.se\/forbundet\/wp-content\/uploads\/sites\/9\/2017\/05\/BMX-motljus_low.jpg\"><img loading=\"lazy\" decoding=\"async\" class=\"alignnone size-post-small wp-image-2192\" src=\"https:\/\/scf.se\/forbundet\/wp-content\/uploads\/sites\/9\/2017\/05\/BMX-motljus_low-740x462.jpg\" alt=\"\" width=\"740\" height=\"462\" \/><\/a>\n","protected":false},"excerpt":{"rendered":"<p>H\u00e4r kommer viktig information till de f\u00f6reningar som ber\u00f6rs av RF:s st\u00f6dpaket: Den 1 maj \u00f6ppnade RF ans\u00f6kan om kompensationsst\u00f6d f\u00f6r b\u00e5de SF och IF. Ans\u00f6kan \u00e4r \u00f6ppen till och med den 15 maj och g\u00e4ller kompensation f\u00f6r perioden 12 mars till 30 juni. D\u00e5 ett stort antal ans\u00f6kningar f\u00f6rv\u00e4ntas \u00e4r kvaliteten p\u00e5 ans\u00f6kningarna<a href=\"https:\/\/scf.se\/forbundet\/viktig-paminnelse-fran-rf-gallande-kompensationsstod-till-if\/\" class=\"news-card__more\"> &#8230;<\/a><\/p>\n","protected":false},"author":34,"featured_media":0,"comment_status":"open","ping_status":"open","sticky":false,"template":"","format":"standard","meta":{"_acf_changed":false,"footnotes":""},"categories":[1],"tags":[],"class_list":["post-4136","post","type-post","status-publish","format-standard","hentry","category-forbundet"],"acf":[],"_links":{"self":[{"href":"https:\/\/scf.se\/forbundet\/wp-json\/wp\/v2\/posts\/4136","targetHints":{"allow":["GET"]}}],"collection":[{"href":"https:\/\/scf.se\/forbundet\/wp-json\/wp\/v2\/posts"}],"about":[{"href":"https:\/\/scf.se\/forbundet\/wp-json\/wp\/v2\/types\/post"}],"author":[{"embeddable":true,"href":"https:\/\/scf.se\/forbundet\/wp-json\/wp\/v2\/users\/34"}],"replies":[{"embeddable":true,"href":"https:\/\/scf.se\/forbundet\/wp-json\/wp\/v2\/comments?post=4136"}],"version-history":[{"count":0,"href":"https:\/\/scf.se\/forbundet\/wp-json\/wp\/v2\/posts\/4136\/revisions"}],"wp:attachment":[{"href":"https:\/\/scf.se\/forbundet\/wp-json\/wp\/v2\/media?parent=4136"}],"wp:term":[{"taxonomy":"category","embeddable":true,"href":"https:\/\/scf.se\/forbundet\/wp-json\/wp\/v2\/categories?post=4136"},{"taxonomy":"post_tag","embeddable":true,"href":"https:\/\/scf.se\/forbundet\/wp-json\/wp\/v2\/tags?post=4136"}],"curies":[{"name":"wp","href":"https:\/\/api.w.org\/{rel}","templated":true}]}}