
{"id":4123,"date":"2020-04-29T14:19:41","date_gmt":"2020-04-29T12:19:41","guid":{"rendered":"http:\/\/scf.se\/forbundet\/?p=4123"},"modified":"2020-04-29T14:20:46","modified_gmt":"2020-04-29T12:20:46","slug":"information-till-tavlingsarrangorer-som-drabbats-av-scf-tavlingsstopp","status":"publish","type":"post","link":"https:\/\/scf.se\/forbundet\/information-till-tavlingsarrangorer-som-drabbats-av-scf-tavlingsstopp\/","title":{"rendered":"Information till t\u00e4vlingsarrang\u00f6rer som drabbats av SCF t\u00e4vlingsstopp"},"content":{"rendered":"<p><strong>Ska du eller din f\u00f6rening arrangera en cykelt\u00e4vling under maj och juni och vill flytta eller st\u00e4lla in arrangemanget med anledning av r\u00e5dande t\u00e4vlingsf\u00f6rbud? H\u00e4r kommer viktig information om hur ni b\u00f6r g\u00e5 till v\u00e4ga.<\/strong><\/p>\n<p>Den som har ett cykelarrangemang inplanerat i v\u00e5r t\u00e4vlingskalender\u00a0<a href=\"https:\/\/www.swecyclingonline.se\/\">swecyclingonline.se<\/a> (IndTa) under maj och juni, b\u00f6r omg\u00e5ende kontakta f\u00f6rbundet via\u00a0kanslimejlen <a href=\"mailto:kansli@scf.se\">kansli@scf.se<\/a>\u00a0f\u00f6r v\u00e4gledning.<\/p>\n<p>Just nu r\u00e5der t\u00e4vlingsf\u00f6rbud f\u00f6r alla typer av cykelevenemang. F\u00f6rbudet \u00e4r taget av Svenska Cykelf\u00f6rbundets styrelse och g\u00e4ller till och med 30 maj \u2013 beslut om f\u00f6rl\u00e4ngning eller upph\u00e4vning av t\u00e4vlingsstoppet meddelas den 20 maj.<\/p>\n<p>F\u00f6r att det inte ska k\u00f6ra ihop sig i t\u00e4vlingskalendern <a href=\"https:\/\/www.swecyclingonline.se\/\">swecyclingonline.se<\/a> (IndTa) l\u00e4ngre fram (n\u00e4r eller om f\u00f6rbudet h\u00e4vs) och f\u00f6r att t\u00e4vlingen ska f\u00e5 r\u00e4tt status, ber vi alla arrang\u00f6rer av lopp\u00a0som skulle arrangerats till och med den 30 juni och som nu vill senarel\u00e4gga sina arrangemang att senast 19 maj att informera f\u00f6rbundet via kanslimejlen <a href=\"mailto:kansli@scf.se\">kansli@scf.se<\/a><\/p>\n<p>Om ni planerar att skjuta fram ert evenemang ber vi er att kontakta <a href=\"kansli@scf.se\">oss<\/a> med f\u00f6rslag p\u00e5 minst tv\u00e5 alternativa datum. Vi kommer g\u00e5 igenom era \u00f6nskem\u00e5l l\u00f6pande och g\u00f6ra allt f\u00f6r att f\u00f6rs\u00f6ka hitta l\u00f6sningar f\u00f6r en r\u00e4ttvis och sp\u00e4nnande t\u00e4vlingskalender.<\/p>\n<p>Notera att en ans\u00f6kan inte garanterar att man f\u00e5r loppet godk\u00e4nt p\u00e5 \u00f6nskat datum. De arrangemang som nu ligger inne, och som ans\u00f6kt i kalendern, v\u00e4ntar fortfarande p\u00e5 ett godk\u00e4nnande.<br \/>\nMed anledning av t\u00e4vlingsstoppet kommer samtliga arrangemang till och med 31 maj\u00a0 att visas som inst\u00e4llda i IndTa.<\/p>\n<p>Vi vill \u00e4ven \u00e5ter p\u00e5minna f\u00f6reningar och arrang\u00f6rer om att RF:s ans\u00f6kan om kompensationsst\u00f6d f\u00f6r f\u00f6rluster och kostnader till f\u00f6ljd av corona \u00e4r \u00f6ppen mellan 1-15 maj. Information om ans\u00f6kningsf\u00f6rfarandet hittar ni <a href=\"https:\/\/scf.se\/forbundet\/ansokan-om-kompensationsstod-for-corona-oppnar-1-maj\/\">h\u00e4r.<\/a><\/p>\n<p>Arrang\u00f6rer av evenemang i juni som \u00e4r oroliga f\u00f6r att arrangemang ska st\u00e4llas in, b\u00f6r ocks\u00e5 ans\u00f6ka om RF:s medel f\u00f6re den 15 maj, s\u00e5 ni inte mister r\u00e4tten att s\u00f6ka kompensation. Skulle evenemanget bli av kan eventuellt kompensationsst\u00f6d korrigeras i efterhand.<\/p>\n<p>Arrang\u00f6rer av SWE Cup och m\u00e4sterskap har f\u00e5tt separata utskick fr\u00e5n f\u00f6rbundet om hur de ska s\u00f6ka kompensation f\u00f6r uteblivna int\u00e4kter.<\/p>\n<p><a href=\"https:\/\/scf.se\/forbundet\/covid-19-fortsatt-nationellt-tavlingsstopp-till-31-maj-2020\/\">Styrelsen \u00e5terkommer med besked om tiden efter 31 maj senast den 20 maj 2020.<\/a><\/p>\n<hr \/>\n<p><strong>Viktiga datum att komma ih\u00e5g<\/strong><\/p>\n<p><strong>1<b>\u2013<\/b>15 maj:<\/strong> Perioden som idrottsf\u00f6reningar kan ans\u00f6ka om kompensationsst\u00f6d f\u00f6r ekonomiska konsekvenser av\u00a0coronakrisen hos RF.<br \/>\n<strong>1<b>\u2013<\/b>11 maj:<\/strong> Perioden som arrang\u00f6rer av M\u00e4sterskap, SWE-Cup, internationella t\u00e4vlingar samt V\u00e4tternrundan kan ans\u00f6ka om kompensationsst\u00f6d f\u00f6r ekonomiska konsekvenser av\u00a0coronakrisen hos SF. (Ans\u00f6kningarna mottages till 11\/5, inte 15\/5 som tidigare kommunicerats)<br \/>\n<b>12 mars \u2013 30 juni: <\/b>Kompensationsst\u00f6det f\u00f6r f\u00f6rlorade int\u00e4kter eller merkostnader p\u00e5 grund av coronakrisen g\u00e4ller f\u00f6r perioden 12 mars till 30 juni.<br \/>\n<strong>19 maj: <\/strong>Sista dagen d\u00e5 arrang\u00f6rer ska kontakta kansli@scf.se f\u00f6r \u00e4ndringar i t\u00e4vlingskalendern\u00a0(IndTa)<br \/>\n<strong>20 maj:<\/strong> Svenska Cykelf\u00f6rbundets styrelse l\u00e4mnar besked om f\u00f6rl\u00e4ngning\/h\u00e4vning av r\u00e5dande t\u00e4vlingsf\u00f6rbud.<\/p>\n<a href=\"https:\/\/scf.se\/forbundet\/wp-content\/uploads\/sites\/9\/2017\/10\/Wallner_170826_50915_low.jpg\"><img loading=\"lazy\" decoding=\"async\" class=\"alignnone size-post-small wp-image-2331\" src=\"https:\/\/scf.se\/forbundet\/wp-content\/uploads\/sites\/9\/2017\/10\/Wallner_170826_50915_low-740x462.jpg\" alt=\"\" width=\"740\" height=\"462\" \/><\/a>\n<p>&nbsp;<\/p>\n","protected":false},"excerpt":{"rendered":"<p>Ska du eller din f\u00f6rening arrangera en cykelt\u00e4vling under maj och juni och vill flytta eller st\u00e4lla in arrangemanget med anledning av r\u00e5dande t\u00e4vlingsf\u00f6rbud? H\u00e4r kommer viktig information om hur ni b\u00f6r g\u00e5 till v\u00e4ga. Den som har ett cykelarrangemang inplanerat i v\u00e5r t\u00e4vlingskalender\u00a0swecyclingonline.se (IndTa) under maj och juni, b\u00f6r omg\u00e5ende kontakta f\u00f6rbundet via\u00a0kanslimejlen<a href=\"https:\/\/scf.se\/forbundet\/information-till-tavlingsarrangorer-som-drabbats-av-scf-tavlingsstopp\/\" class=\"news-card__more\"> &#8230;<\/a><\/p>\n","protected":false},"author":34,"featured_media":0,"comment_status":"open","ping_status":"open","sticky":false,"template":"","format":"standard","meta":{"_acf_changed":false,"footnotes":""},"categories":[1],"tags":[],"class_list":["post-4123","post","type-post","status-publish","format-standard","hentry","category-forbundet"],"acf":[],"_links":{"self":[{"href":"https:\/\/scf.se\/forbundet\/wp-json\/wp\/v2\/posts\/4123","targetHints":{"allow":["GET"]}}],"collection":[{"href":"https:\/\/scf.se\/forbundet\/wp-json\/wp\/v2\/posts"}],"about":[{"href":"https:\/\/scf.se\/forbundet\/wp-json\/wp\/v2\/types\/post"}],"author":[{"embeddable":true,"href":"https:\/\/scf.se\/forbundet\/wp-json\/wp\/v2\/users\/34"}],"replies":[{"embeddable":true,"href":"https:\/\/scf.se\/forbundet\/wp-json\/wp\/v2\/comments?post=4123"}],"version-history":[{"count":0,"href":"https:\/\/scf.se\/forbundet\/wp-json\/wp\/v2\/posts\/4123\/revisions"}],"wp:attachment":[{"href":"https:\/\/scf.se\/forbundet\/wp-json\/wp\/v2\/media?parent=4123"}],"wp:term":[{"taxonomy":"category","embeddable":true,"href":"https:\/\/scf.se\/forbundet\/wp-json\/wp\/v2\/categories?post=4123"},{"taxonomy":"post_tag","embeddable":true,"href":"https:\/\/scf.se\/forbundet\/wp-json\/wp\/v2\/tags?post=4123"}],"curies":[{"name":"wp","href":"https:\/\/api.w.org\/{rel}","templated":true}]}}