
{"id":4121,"date":"2020-04-28T14:24:56","date_gmt":"2020-04-28T12:24:56","guid":{"rendered":"http:\/\/scf.se\/forbundet\/?p=4121"},"modified":"2020-04-28T14:24:56","modified_gmt":"2020-04-28T12:24:56","slug":"ansokan-om-kompensationsstod-for-corona-oppnar-1-maj","status":"publish","type":"post","link":"https:\/\/scf.se\/forbundet\/ansokan-om-kompensationsstod-for-corona-oppnar-1-maj\/","title":{"rendered":"Ans\u00f6kan om kompensationsst\u00f6d f\u00f6r corona \u00f6ppnar 1 maj"},"content":{"rendered":"<header class=\"entry-header\">\n<p class=\"entry-title\"><strong style=\"font-size: 16px\">Under perioden 1\u201315 maj kan idrottsf\u00f6reningar ans\u00f6ka om kompensationsst\u00f6d f\u00f6r ekonomiska konsekvenser av\u00a0<\/strong><strong style=\"font-size: 16px\">coronakrisen. Ans\u00f6kan hanteras av RF och g\u00f6rs via IdrottOnline under fliken Idrottsmedel.\u00a0<\/strong><b>F\u00f6r att f\u00f6reningar ska kunna s\u00f6ka kompensation m\u00e5ste den totala f\u00f6rlusten vara p\u00e5 minst 15 000 kronor under perioden 12 mars \u2013 30 juni. <\/b><\/p>\n<\/header>\n<div class=\"entry-meta-container entry-publish-date\">\n<div class=\"clearfix\">Den 20 mars meddelade regeringen att ett st\u00f6dpaket p\u00e5 500 miljoner kronor avsatts f\u00f6r att kompensera idrottsr\u00f6relsen till f\u00f6ljd av coronapandemin. Syftet \u00e4r att ge idrottsf\u00f6reningar och idrottsf\u00f6rbund f\u00f6ruts\u00e4ttningar att \u00f6verleva och fortsatt kunna bedriva idrottsverksamhet och evenemang. Riksidrottsf\u00f6rbundet har uppdraget att f\u00f6rdela st\u00f6det till idrottsr\u00f6relsen.<\/div>\n<blockquote>\n<div>\u00a0&#8211; M\u00e5nga specialidrottsf\u00f6rbund (SF) och idrottsf\u00f6reningar (IF) har haft det tufft under coronakrisen med inst\u00e4llda evenemang, anpassad verksamhet och stora ekonomiska konsekvenser. Syftet med kompensationsst\u00f6det \u00e4r att ge SF och IF f\u00f6ruts\u00e4ttningar att \u00f6verleva och fortsatt kunna bedriva idrott. Barn- och ungdomsverksamheten \u00e4r s\u00e4rskilt prioriterad, skriver RF p\u00e5 sin hemsida.<\/div>\n<\/blockquote>\n<div>Ans\u00f6kningsperioden f\u00f6r kompensationsst\u00f6det \u00f6ppnar den 1 maj och avslutas den 15 maj.<\/div>\n<\/div>\n<div class=\"entry-content entry-content-news\">\n<div class=\"clearfix \">\n<p>St\u00f6det g\u00e4ller f\u00f6r f\u00f6rlorade int\u00e4kter eller merkostnader p\u00e5 grund av coronakrisen under perioden 12 mars till 30 juni.<br \/>\nF\u00f6r att f\u00f6reningar ska kunna s\u00f6ka kompensation g\u00e4ller\u00a0att den totala f\u00f6rlusten\/kostnaden \u00e4r p\u00e5 minst 15 000 kronor. Kompensationsst\u00f6d till arrangemang som oms\u00e4tter \u00f6ver fem miljoner kronor hanteras av specialidrottsf\u00f6rbunden. Svenska Cykelf\u00f6rbundet har redan uppr\u00e4ttat kontakt med drabbade arrang\u00f6rer av stora arrangemang.<\/p>\n<\/div>\n<p><strong>F\u00f6rening kan s\u00f6ka st\u00f6d f\u00f6r&#8230;<\/strong><\/p>\n<ul>\n<li>Evenemang och verksamhet, enligt nedanst\u00e5ende punkter, som f\u00f6reningen ansvarar f\u00f6r och som p\u00e5verkats ekonomiskt under perioden 12 mars till 30 juni 2020.<\/li>\n<li>Faktiska merkostnader som inte kunnat undvikas n\u00e4r evenemang\/verksamhet har st\u00e4llts in, reducerats i omfattning eller skjutits upp.<\/li>\n<li>Uteblivna int\u00e4kter som inte kan f\u00e5s igen f\u00f6r verksamhet och\/eller evenemang som st\u00e4llts in eller genomf\u00f6rts med reducerat deltagande\/publik.<\/li>\n<li>Uteblivna int\u00e4kter f\u00f6r f\u00f6reningsverksamhet d\u00e4r int\u00e4kter f\u00f6r att delta tas in l\u00f6pande. Exempelvis deltagarint\u00e4kter som banhyra, greenfeespel och lektionsverksamhet.<\/li>\n<\/ul>\n<p><strong>Men inte f\u00f6r&#8230;<\/strong><\/p>\n<ul>\n<li>Ers\u00e4ttning f\u00f6r l\u00f6n eller arvode.<\/li>\n<li>Uteblivna int\u00e4kter fr\u00e5n sponsor- och mediaavtal.<\/li>\n<li>Verksamhet och evenemang d\u00e4r det inte f\u00f6rv\u00e4ntats n\u00e5gon int\u00e4kt eller att framtida verksamhet inte drabbas, till exempel inplanerade tr\u00e4ningsl\u00e4ger som inte har ett budgeterat \u00f6verskott eller logi- och resekostnader i samband med matcher som st\u00e4llts in.<\/li>\n<\/ul>\n<p><strong>Observera&#8230;<\/strong><\/p>\n<ul>\n<li>Idrottsf\u00f6reningar ans\u00f6ker i IdrottOnline, under fliken Idrottsmedel.<\/li>\n<\/ul>\n<div class=\"clearfix \">\n<p>RF kommer bereda ans\u00f6kningarna under maj och b\u00f6rjan av juni. Riksidrottsstyrelsen ber\u00e4knas kunna besluta om utbetalning i mitten av juni.<br \/>\nL\u00c4S MER:\u00a0<a title=\"Sida RF Kompensationsst\u00f6d IF\" href=\"https:\/\/www.rf.se\/bidragochstod\/Bidrag\/kompensationsstodtillidrottsforeningar\/\">H\u00e4r finns allt du beh\u00f6ver veta om kompensationsst\u00f6d till IF<\/a><br \/>\nF\u00f6r ytterligare fr\u00e5gor om kompensationsst\u00f6det, kontakta\u00a0<a title=\"Skyddad adress\" href=\"mailto:corona@rfsisu.se\">corona@rfsisu.se<\/a>.<\/p>\n<h2>Bakgrund till st\u00f6det<\/h2>\n<p>Den 18 mars l\u00e4mnade RF:s ordf\u00f6rande Bj\u00f6rn Eriksson \u00f6ver den f\u00f6rsta ber\u00e4kningen av\u00a0<a title=\"Dokument Ekonomiska konsekvenser\" href=\"https:\/\/www.rf.se\/globalassets\/riksidrottsforbundet\/nya-dokument\/nya-dokumentbanken\/ovrigt\/ekonomiska-konsekvenser-av-corona-mars-april-2020.pdf\" target=\"_blank\" rel=\"noopener\">coronapandemins ekonomiska konsekvenser f\u00f6r idrottsr\u00f6relsen<\/a>\u00a0till idrottsminister Amanda Lind. Idrottsf\u00f6reningar uppskattas\u00a0<a title=\"Sida RF Nyhet om ekonomiska konsekvenser\" href=\"https:\/\/www.rf.se\/Nyheter\/Allanyheter\/idrottsforeningarforlorar500miljonerpainstalldaevenemang\/\" target=\"_blank\" rel=\"noopener\">f\u00f6rlora minst 500 miljoner kronor<\/a>\u00a0p\u00e5 de evenemang som st\u00e4lls in 12 mars till 30 april p\u00e5 grund av coronaviruset.<\/p>\n<p>Regeringen gav den 20 mars beskedet att ett\u00a0<a title=\"Sida RF Nyhet om st\u00f6dpaket\" href=\"https:\/\/www.rf.se\/Nyheter\/Allanyheter\/500miljonerkronoriakutstodtillidrotten\/\">st\u00f6dpaket p\u00e5 500 miljoner kronor<\/a>\u00a0avs\u00e4tts f\u00f6r att kompensera idrottsr\u00f6relsen f\u00f6r coronakrisen.<\/p>\n<p>RF p\u00e5b\u00f6rjade d\u00e4refter arbetet med hur st\u00f6dpaketet ska f\u00f6rdelas. En\u00a0<a title=\"Sida RF Nyhet om referensgrupp\" href=\"https:\/\/www.rf.se\/Nyheter\/Allanyheter\/referensgruppmedsfforfordelningavstodpaket\/\">referensgrupp med tio SF<\/a>\u00a0samlades f\u00f6r att diskutera principer f\u00f6r f\u00f6rdelningen och efter flera m\u00f6ten i gruppen kom\u00a0RF fram till ett f\u00f6rslag\u00a0som bland annat inneb\u00e4r att barn- och ungdomsverksamhet prioriteras.\u00a0Den 16 april\u00a0beslutade sedan Riksidrottsstyrelsen (RS)\u00a0om\u00a0<a title=\"Dokument RS-beslut om principer f\u00f6r f\u00f6rdelning\" href=\"https:\/\/www.rf.se\/contentassets\/807b561522f2463c89254428a92f9cf5\/rs-beslut-principer-fordelning.pdf\" target=\"_blank\" rel=\"noopener\">\u00f6vergripande principer f\u00f6r f\u00f6rdelningen<\/a>.<\/p>\n<\/div>\n<div class=\"entry-tags taglist\"><a href=\"https:\/\/www.rf.se\/bidragochstod\/Bidrag\/kompensationsstodtillidrottsforeningar\/\">H\u00e4r kan ta del av RF:s information om bidrag till idrottsf\u00f6reningar i sin helhet<\/a><\/div>\n<div><\/div>\n<\/div>\n<div>\n<div id=\"attachment_4122\" class=\"wp-caption alignnone\" ><a href=\"https:\/\/scf.se\/forbundet\/wp-content\/uploads\/sites\/9\/2020\/04\/Wallner_170520_37060-1024x683.jpg\"><img loading=\"lazy\" decoding=\"async\" class=\"size-post-small wp-image-4122\" src=\"https:\/\/scf.se\/forbundet\/wp-content\/uploads\/sites\/9\/2020\/04\/Wallner_170520_37060-1024x683-740x462.jpg\" alt=\"\" width=\"740\" height=\"462\" \/><\/a><p class=\"wp-caption-text\">Mellan 1-15 maj kan cykelf\u00f6reningar s\u00f6ka st\u00f6d hos RF f\u00f6r f\u00f6rluster som drabbat f\u00f6reningen med anledning av coronakrisen.<\/p><\/div>\n<\/div>\n<div><\/div>\n<div><\/div>\n","protected":false},"excerpt":{"rendered":"<p>Under perioden 1\u201315 maj kan idrottsf\u00f6reningar ans\u00f6ka om kompensationsst\u00f6d f\u00f6r ekonomiska konsekvenser av\u00a0coronakrisen. Ans\u00f6kan hanteras av RF och g\u00f6rs via IdrottOnline under fliken Idrottsmedel.\u00a0F\u00f6r att f\u00f6reningar ska kunna s\u00f6ka kompensation m\u00e5ste den totala f\u00f6rlusten vara p\u00e5 minst 15 000 kronor under perioden 12 mars \u2013 30 juni. Den 20 mars meddelade regeringen att ett<a href=\"https:\/\/scf.se\/forbundet\/ansokan-om-kompensationsstod-for-corona-oppnar-1-maj\/\" class=\"news-card__more\"> &#8230;<\/a><\/p>\n","protected":false},"author":34,"featured_media":0,"comment_status":"open","ping_status":"open","sticky":false,"template":"","format":"standard","meta":{"_acf_changed":false,"footnotes":""},"categories":[1],"tags":[],"class_list":["post-4121","post","type-post","status-publish","format-standard","hentry","category-forbundet"],"acf":[],"_links":{"self":[{"href":"https:\/\/scf.se\/forbundet\/wp-json\/wp\/v2\/posts\/4121","targetHints":{"allow":["GET"]}}],"collection":[{"href":"https:\/\/scf.se\/forbundet\/wp-json\/wp\/v2\/posts"}],"about":[{"href":"https:\/\/scf.se\/forbundet\/wp-json\/wp\/v2\/types\/post"}],"author":[{"embeddable":true,"href":"https:\/\/scf.se\/forbundet\/wp-json\/wp\/v2\/users\/34"}],"replies":[{"embeddable":true,"href":"https:\/\/scf.se\/forbundet\/wp-json\/wp\/v2\/comments?post=4121"}],"version-history":[{"count":0,"href":"https:\/\/scf.se\/forbundet\/wp-json\/wp\/v2\/posts\/4121\/revisions"}],"wp:attachment":[{"href":"https:\/\/scf.se\/forbundet\/wp-json\/wp\/v2\/media?parent=4121"}],"wp:term":[{"taxonomy":"category","embeddable":true,"href":"https:\/\/scf.se\/forbundet\/wp-json\/wp\/v2\/categories?post=4121"},{"taxonomy":"post_tag","embeddable":true,"href":"https:\/\/scf.se\/forbundet\/wp-json\/wp\/v2\/tags?post=4121"}],"curies":[{"name":"wp","href":"https:\/\/api.w.org\/{rel}","templated":true}]}}