
{"id":4115,"date":"2020-04-20T13:46:36","date_gmt":"2020-04-20T11:46:36","guid":{"rendered":"http:\/\/scf.se\/forbundet\/?p=4115"},"modified":"2020-04-20T16:36:05","modified_gmt":"2020-04-20T14:36:05","slug":"covid-19-fortsatt-nationellt-tavlingsstopp-till-31-maj-2020","status":"publish","type":"post","link":"https:\/\/scf.se\/forbundet\/covid-19-fortsatt-nationellt-tavlingsstopp-till-31-maj-2020\/","title":{"rendered":"Covid-19: Fortsatt nationellt t\u00e4vlingsstopp till 31 maj 2020"},"content":{"rendered":"<p><span style=\"font-family: 'Arial',sans-serif\"><span style=\"color: #000000\">Svenska Cykelf\u00f6rbundets styrelse har beslutat att f\u00f6rl\u00e4nga st\u00e4ngningen av den nationella t\u00e4vlingsverksamheten i ytterligare en m\u00e5nad. Det inneb\u00e4r att det fortsatt r\u00e5der totalt t\u00e4vlingsstopp f\u00f6r alla typer av nationella cykelt\u00e4vlingar, samt stopp f\u00f6r klubb- och distriktst\u00e4vlingar till och med den 31 maj. Restriktionerna g\u00e4ller \u00e4ven landslagssammankomster och l\u00e4ger i landslagsregi.<\/span><br \/>\n<span style=\"color: black\">Styrelsen \u00e5terkommer med besked om tiden efter 31 maj senast den 20 maj 2020.<\/span><\/span><\/p>\n<p><span style=\"font-family: 'Arial',sans-serif;color: black\">UCI har sedan tidigare f\u00f6rl\u00e4ngt t\u00e4vlingsstoppet i den internationella t\u00e4vlingskalendern till 1 juli 2020 och f\u00f6r World tour-event till den 1 augusti. F\u00f6rbundsstyrelsen v\u00e4ljer \u00e4nd\u00e5 att inf\u00f6ra restriktioner m\u00e5nadsvis. Detta f\u00f6r att inte st\u00e4nga d\u00f6rren till den nationella t\u00e4vlingss\u00e4songen helt \u2013 ifall regeringen l\u00e4ttar p\u00e5 nuvarande restriktioner om sammankomster med fler \u00e4n 50 personer.<\/span><\/p>\n<p><span style=\"font-family: 'Arial',sans-serif;color: black\">F\u00f6rbundsstyrelsen resonerar att man kan komma att l\u00e4tta p\u00e5 restriktionerna successivt \u2013 beroende p\u00e5 hur regeringen och Folkh\u00e4lsomyndigheten agerar fram\u00e5t. Det skulle kunna inneb\u00e4ra att man i f\u00f6rsta hand l\u00e4ttar p\u00e5 restriktionerna f\u00f6r klubbar och distrikt, f\u00f6r att successivt \u00f6ppna den nationella t\u00e4vlingskalendern. Under nuvarande f\u00f6rh\u00e5llanden r\u00e5der dock fortsatt t\u00e4vlingsf\u00f6rbud till och med den 31 maj. Och f\u00f6rbundsstyrelsen \u00e5terkommer med besked f\u00f6r tiden efter 31 maj \u2013 senast den 20 maj. <\/span><\/p>\n<p><span style=\"font-family: 'Arial',sans-serif;color: black\">Med anledning av Coronakrisen har den nationella t\u00e4vlingsverksamheten varit st\u00e4ngd sedan den 13 mars, d\u00e5 regeringen f\u00f6rbj\u00f6d sammankomster med fler \u00e4n 500 personer. 2020-03-27 sk\u00e4rpte regeringen reglerna och f\u00f6rbj\u00f6d sammankomster med fler \u00e4n 50 personer. Svenska Cykelf\u00f6rbundets styrelse gick d\u00e5 ut <\/span><span style=\"font-family: Arial, sans-serif;color: #000000\">med nya rekommendation till klubbar och distrikt, och avr\u00e5dde klubbar och distrikt helt fr\u00e5n att arrangera t\u00e4vlingar p\u00e5 distrikts- och klubbniv\u00e5.<\/span><\/p>\n<p><span style=\"font-family: Arial, sans-serif;color: #000000\">I samband med st\u00e4ngningen av t\u00e4vlingsverksamheten har f\u00f6rbundet tillsatt en s\u00e4rskild grupp som ansvarar f\u00f6r kontakten\u00a0<\/span><span style=\"font-family: Arial, sans-serif;color: #000000\">med drabbade t\u00e4vlingsarrang\u00f6rer i den nationella t\u00e4vlingskalendern. Nationella arrang\u00f6rer som drabbas av det fortsatta t\u00e4vlingsstoppet, ombeds kontakta arrang\u00f6rsgruppen via kanslimejlen <a style=\"color: #000000\" href=\"mailto:kansli@scf.se\">kansli@scf.se f\u00f6r v\u00e4gledning.\u00a0<\/a><\/span><\/p>\n<p><span style=\"font-family: 'Arial',sans-serif\"><span style=\"color: #000000\">Riksidrottsf\u00f6rbundet har \u00e4ven fastst\u00e4llt principer f\u00f6r hur regeringens st\u00f6dpaket till idrotten ska f\u00f6rdelas.<\/span> <strong><span style=\"font-family: 'Arial',sans-serif;color: black;background: white;font-weight: normal\">F\u00f6reningar och f\u00f6rbund kommer att kunna s\u00f6ka krisst\u00f6d fr\u00e5n f\u00f6rsta maj och RS kan ta beslut om utbetalning i mitten av juni.\u00a0<\/span><\/strong><\/span><span style=\"color: #000000\">Arrang\u00f6rer av evenemang som oms\u00e4tter mindre \u00e4n 5 miljoner kronor ska ans\u00f6ka om medel direkt hos RF. Arrang\u00f6rer som oms\u00e4tter mer \u00e4n 5 miljoner kronor hanteras av SF.\u00a0<\/span><span style=\"font-family: 'Arial',sans-serif\">L\u00e4s mer h\u00e4r:\u00a0 <a href=\"https:\/\/www.rf.se\/Nyheter\/Allanyheter\/idrottsforeningarkanfapengartillmidsommar\/\">https:\/\/www.rf.se\/Nyheter\/Allanyheter\/idrottsforeningarkanfapengartillmidsommar\/<\/a><\/span><\/p>\n<p><span style=\"font-family: 'Arial',sans-serif\">H\u00e4r kan ni \u00e4ven ta del av RF:s principer i sin helhet:<br \/>\n<a href=\"https:\/\/www.rf.se\/contentassets\/807b561522f2463c89254428a92f9cf5\/rs-beslut-principer-fordelning.pdf\">https:\/\/www.rf.se\/contentassets\/807b561522f2463c89254428a92f9cf5\/rs-beslut-principer-fordelning.pdf<\/a><\/span><\/p>\n<p><em>Svenska Cykelf\u00f6rbundet f\u00f6rh\u00e5ller sig till Folkh\u00e4lsomyndighetens och regeringens rekommendationer, och utformar riktlinjer till klubbar, arrang\u00f6rer och enskilda cyklister utifr\u00e5n myndigheternas beslut. <a href=\"https:\/\/scf.se\/forbundet\/riktlinjer-for-cyklister-och-tavlingsarrangorer\/\">H\u00e4r kan ni l\u00e4sa mer om tidigare beslut fattade med anledning av coronapandemin\u00a0<\/a><\/em><\/p>\n<div id=\"attachment_4116\" class=\"wp-caption alignnone\" ><a href=\"https:\/\/scf.se\/forbundet\/wp-content\/uploads\/sites\/9\/2020\/04\/r\u00e4ttbild.jpg\"><img loading=\"lazy\" decoding=\"async\" class=\"size-post-small wp-image-4116\" src=\"https:\/\/scf.se\/forbundet\/wp-content\/uploads\/sites\/9\/2020\/04\/r\u00e4ttbild-740x450.jpg\" alt=\"\" width=\"740\" height=\"450\" \/><\/a><p class=\"wp-caption-text\">Svenska Cykelf\u00f6rbundets styrelse f\u00f6rl\u00e4nger t\u00e4vlingsf\u00f6rbudet ytterligare en m\u00e5nad.<\/p><\/div>\n<p><span style=\"font-family: 'Arial',sans-serif\">\u00a0<\/span><\/p>\n","protected":false},"excerpt":{"rendered":"<p>Svenska Cykelf\u00f6rbundets styrelse har beslutat att f\u00f6rl\u00e4nga st\u00e4ngningen av den nationella t\u00e4vlingsverksamheten i ytterligare en m\u00e5nad. Det inneb\u00e4r att det fortsatt r\u00e5der totalt t\u00e4vlingsstopp f\u00f6r alla typer av nationella cykelt\u00e4vlingar, samt stopp f\u00f6r klubb- och distriktst\u00e4vlingar till och med den 31 maj. Restriktionerna g\u00e4ller \u00e4ven landslagssammankomster och l\u00e4ger i landslagsregi. Styrelsen \u00e5terkommer med besked<a href=\"https:\/\/scf.se\/forbundet\/covid-19-fortsatt-nationellt-tavlingsstopp-till-31-maj-2020\/\" class=\"news-card__more\"> &#8230;<\/a><\/p>\n","protected":false},"author":34,"featured_media":0,"comment_status":"open","ping_status":"open","sticky":false,"template":"","format":"standard","meta":{"_acf_changed":false,"footnotes":""},"categories":[1],"tags":[],"class_list":["post-4115","post","type-post","status-publish","format-standard","hentry","category-forbundet"],"acf":[],"_links":{"self":[{"href":"https:\/\/scf.se\/forbundet\/wp-json\/wp\/v2\/posts\/4115","targetHints":{"allow":["GET"]}}],"collection":[{"href":"https:\/\/scf.se\/forbundet\/wp-json\/wp\/v2\/posts"}],"about":[{"href":"https:\/\/scf.se\/forbundet\/wp-json\/wp\/v2\/types\/post"}],"author":[{"embeddable":true,"href":"https:\/\/scf.se\/forbundet\/wp-json\/wp\/v2\/users\/34"}],"replies":[{"embeddable":true,"href":"https:\/\/scf.se\/forbundet\/wp-json\/wp\/v2\/comments?post=4115"}],"version-history":[{"count":0,"href":"https:\/\/scf.se\/forbundet\/wp-json\/wp\/v2\/posts\/4115\/revisions"}],"wp:attachment":[{"href":"https:\/\/scf.se\/forbundet\/wp-json\/wp\/v2\/media?parent=4115"}],"wp:term":[{"taxonomy":"category","embeddable":true,"href":"https:\/\/scf.se\/forbundet\/wp-json\/wp\/v2\/categories?post=4115"},{"taxonomy":"post_tag","embeddable":true,"href":"https:\/\/scf.se\/forbundet\/wp-json\/wp\/v2\/tags?post=4115"}],"curies":[{"name":"wp","href":"https:\/\/api.w.org\/{rel}","templated":true}]}}