
{"id":4083,"date":"2020-03-24T14:33:00","date_gmt":"2020-03-24T13:33:00","guid":{"rendered":"http:\/\/scf.se\/forbundet\/?p=4083"},"modified":"2020-03-24T15:31:58","modified_gmt":"2020-03-24T14:31:58","slug":"os-i-tokyo-flyttas-till-2021-ett-bra-beslut-och-ett-klokt","status":"publish","type":"post","link":"https:\/\/scf.se\/forbundet\/os-i-tokyo-flyttas-till-2021-ett-bra-beslut-och-ett-klokt\/","title":{"rendered":"OS i Tokyo flyttas till 2021: &#8221;Ett bra beslut och ett klokt beslut&#8221;"},"content":{"rendered":"<p><strong>OS i Tokyo och Paralympics 2020 flyttas fram med anledning av coronaviruset Covid-19. Spelen ska genomf\u00f6ras senast under sommaren 2021. &#8211; Ett\u00a0<\/strong><strong>\u00a0klokt beslut som SOK st\u00e4ller sig bakom. Vi har ett globalt n\u00f6dl\u00e4ge och att genomf\u00f6ra t\u00e4vlingar som skulle inneb\u00e4ra h\u00e4lsorisker var inte ett alternativ, s\u00e4ger SOK:s ordf\u00f6rande Mats \u00c5rjes i ett pressmeddelande.<br \/>\n<\/strong>Internationella Olympiska Kommitt\u00e9n (IOK) hade under tisdagen m\u00f6ten med japanska myndigheter och organisationskommitt\u00e9n f\u00f6r spelen i Tokyo. D\u00e5 togs beslut att flytta spelen fr\u00e5n start juli 2020 till att arrangeras senast under sommaren 2021. Sveriges Olympiska Kommitt\u00e9 v\u00e4lkomnar beskedet.<\/p>\n<blockquote><p>&#8211; Ett bra beslut och ett klokt beslut. IOK har haft en arbetsgrupp tillsammans med v\u00e4rldsh\u00e4lsoorganisationen WHO sedan b\u00f6rjan av februari m\u00e5nad s\u00e5 vi vet att det h\u00e4r \u00e4r ett beslut som \u00e4r v\u00e4l underbyggt med hj\u00e4lp av experter och flera parter, s\u00e4ger SOK:s ordf\u00f6rande Mats \u00c5rjes.<\/p><\/blockquote>\n<p>Nu forts\u00e4tter SOK arbetet med att f\u00f6rbereda den svenska truppen p\u00e5 b\u00e4sta m\u00f6jliga s\u00e4tt.<\/p>\n<blockquote><p>&#8211; Det \u00e4r bra att det kommer ett besked redan nu. Det \u00e4r viktigt s\u00e5 vi kan f\u00f6rbereda v\u00e5ra aktiva, ledare och f\u00f6rbund inf\u00f6r spelen i Tokyo 2021. V\u00e5rt viktigaste fokus nu \u00e4r att finnas tillg\u00e4ngliga f\u00f6r aktiva och ledare f\u00f6r att skapa skr\u00e4ddarsydda planer f\u00f6r var och en. Vi vill visa omsorg om de aktiva, svara p\u00e5 fr\u00e5gor, och f\u00f6r att exempelvis hj\u00e4lpa till att l\u00f6sa en del praktiska saker kring deras vardag och tr\u00e4ningssituationer, s\u00e4ger SOK:s verksamhetschef Peter Reinebo.<\/p><\/blockquote>\n<p>Med anledning av beskedet h\u00e5ller Sveriges Olympiska kommitt\u00e9 en presskonferens tisdag klockan 15.00.<\/p>\n<hr \/>\n<p><a href=\"https:\/\/www.paralympic.org\/news\/ipc-reaction-tokyo-2020-paralympic-games-postponed\">Pressmeddelande fr\u00e5n Internationella Paralympiska kommitt\u00e9n<\/a><\/p>\n<p><a href=\"https:\/\/www.olympic.org\/news\/joint-statement-from-the-international-olympic-committee-and-the-tokyo-2020-organising-committee\">L\u00e4s mer om beslutet p\u00e5 IOK:s hemsida<\/a><\/p>\n<p><a href=\"https:\/\/sok.se\/\">L\u00e4s mer p\u00e5 SOK:s hemsida<\/a><\/p>\n<p><a href=\"https:\/\/scf.se\/forbundet\/riktlinjer-for-cyklister-och-tavlingsarrangorer\/\">H\u00e4r kommer ni direkt till SCF:s informationssida om coronaviruset<\/a><\/p>\n<a href=\"https:\/\/scf.se\/forbundet\/wp-content\/uploads\/sites\/9\/2020\/03\/os.jpg\"><img loading=\"lazy\" decoding=\"async\" class=\"alignnone size-post-small wp-image-4084\" src=\"https:\/\/scf.se\/forbundet\/wp-content\/uploads\/sites\/9\/2020\/03\/os-740x462.jpg\" alt=\"\" width=\"740\" height=\"462\" \/><\/a>\n<p>&nbsp;<\/p>\n<p>&nbsp;<\/p>\n","protected":false},"excerpt":{"rendered":"<p>OS i Tokyo och Paralympics 2020 flyttas fram med anledning av coronaviruset Covid-19. Spelen ska genomf\u00f6ras senast under sommaren 2021. &#8211; Ett\u00a0\u00a0klokt beslut som SOK st\u00e4ller sig bakom. Vi har ett globalt n\u00f6dl\u00e4ge och att genomf\u00f6ra t\u00e4vlingar som skulle inneb\u00e4ra h\u00e4lsorisker var inte ett alternativ, s\u00e4ger SOK:s ordf\u00f6rande Mats \u00c5rjes i ett pressmeddelande. Internationella<a href=\"https:\/\/scf.se\/forbundet\/os-i-tokyo-flyttas-till-2021-ett-bra-beslut-och-ett-klokt\/\" class=\"news-card__more\"> &#8230;<\/a><\/p>\n","protected":false},"author":34,"featured_media":0,"comment_status":"open","ping_status":"open","sticky":false,"template":"","format":"standard","meta":{"_acf_changed":false,"footnotes":""},"categories":[1],"tags":[],"class_list":["post-4083","post","type-post","status-publish","format-standard","hentry","category-forbundet"],"acf":[],"_links":{"self":[{"href":"https:\/\/scf.se\/forbundet\/wp-json\/wp\/v2\/posts\/4083","targetHints":{"allow":["GET"]}}],"collection":[{"href":"https:\/\/scf.se\/forbundet\/wp-json\/wp\/v2\/posts"}],"about":[{"href":"https:\/\/scf.se\/forbundet\/wp-json\/wp\/v2\/types\/post"}],"author":[{"embeddable":true,"href":"https:\/\/scf.se\/forbundet\/wp-json\/wp\/v2\/users\/34"}],"replies":[{"embeddable":true,"href":"https:\/\/scf.se\/forbundet\/wp-json\/wp\/v2\/comments?post=4083"}],"version-history":[{"count":0,"href":"https:\/\/scf.se\/forbundet\/wp-json\/wp\/v2\/posts\/4083\/revisions"}],"wp:attachment":[{"href":"https:\/\/scf.se\/forbundet\/wp-json\/wp\/v2\/media?parent=4083"}],"wp:term":[{"taxonomy":"category","embeddable":true,"href":"https:\/\/scf.se\/forbundet\/wp-json\/wp\/v2\/categories?post=4083"},{"taxonomy":"post_tag","embeddable":true,"href":"https:\/\/scf.se\/forbundet\/wp-json\/wp\/v2\/tags?post=4083"}],"curies":[{"name":"wp","href":"https:\/\/api.w.org\/{rel}","templated":true}]}}