
{"id":4079,"date":"2020-03-23T15:26:38","date_gmt":"2020-03-23T14:26:38","guid":{"rendered":"http:\/\/scf.se\/forbundet\/?p=4079"},"modified":"2020-04-29T14:44:20","modified_gmt":"2020-04-29T12:44:20","slug":"vanliga-fragor-om-coronaviruset-och-cykling","status":"publish","type":"post","link":"https:\/\/scf.se\/forbundet\/vanliga-fragor-om-coronaviruset-och-cykling\/","title":{"rendered":"Vanliga fr\u00e5gor om coronaviruset och cykling"},"content":{"rendered":"<p>(Uppdaterad 2020-04-20)<\/p>\n<p><em>Svenska Cykelf\u00f6rbundet f\u00f6rh\u00e5ller sig till Folkh\u00e4lsomyndighetens och regeringens rekommendationer, och utformar riktlinjer till klubbar, arrang\u00f6rer och enskilda cyklister utifr\u00e5n myndigheternas beslut.\u00a0<a href=\"https:\/\/scf.se\/forbundet\/riktlinjer-for-cyklister-och-tavlingsarrangorer\/\">H\u00e4r kan ni l\u00e4sa mer om tidigare beslut fattade med anledning av coronapandemin\u00a0<\/a><\/em><\/p>\n<hr \/>\n<p>Nya coronaviruset p\u00e5verkar Cykelsverige p\u00e5 olika s\u00e4tt. SCF har d\u00e4rf\u00f6r sammanst\u00e4llt n\u00e5gra av era vanligaste fr\u00e5gorna r\u00f6rande corona-pandemin och hur olika restriktioner p\u00e5verkar enskilda cyklister och arrang\u00f6rer.<\/p>\n<hr \/>\n<h3><strong>Vi \u00e4r en klubb som \u00e4r intresserad av att genomf\u00f6ra enklare lokala tr\u00e4ningst\u00e4vlingar. Vad \u00e4r kravet f\u00f6r s\u00e5dana?<\/strong><\/h3>\n<p>SVAR: Den 13 mars st\u00e4ngde SCF all nationell t\u00e4vlingsverksamhet under mars och april, utom klubb-och distriktst\u00e4vlingar.<br \/>\nEfter regeringens senaste\u00a0beslut (2020-03-27) om att f\u00f6rbjuda sammankomster med fler \u00e4n 50 personer har vi sk\u00e4rpt rekommendationerna och avr\u00e5der helt fr\u00e5n\u00a0att arrangera distriktst\u00e4vlingar och motionst\u00e4vlingar.\u00a0<a href=\"https:\/\/www.regeringen.se\/artiklar\/2020\/03\/andring-i-forordning-om-forbud-mot-att-halla-allmanna-sammankomster-och-offentliga-tillstallningar\/\">H\u00e4r kan ni l\u00e4sa regeringens beslut i sin helhet<\/a>.<\/p>\n<p>UPPDATERAT SVAR 2020-04-20:<br \/>\nSvenska Cykelf\u00f6rbundets styrelse har beslutat att f\u00f6rl\u00e4nga st\u00e4ngningen av den nationella t\u00e4vlingsverksamheten i ytterligare en m\u00e5nad. Det inneb\u00e4r att det fortsatt r\u00e5der totalt t\u00e4vlingsstopp f\u00f6r alla typer av nationella cykelt\u00e4vlingar, samt stopp f\u00f6r klubb- och distriktst\u00e4vlingar till och med den 31 maj. Restriktionerna g\u00e4ller \u00e4ven landslagssammankomster och l\u00e4ger i landslagsregi.<br \/>\nStyrelsen \u00e5terkommer med besked om tiden efter 31 maj senast den 20 maj 2020. <a href=\"https:\/\/scf.se\/forbundet\/covid-19-fortsatt-nationellt-tavlingsstopp-till-31-maj-2020\/\">L\u00c4S MER<\/a><br \/>\nVi uppmuntrar d\u00e4remot till klubbtr\u00e4ningar (se nedan f\u00f6r rekommendationer vid tr\u00e4ning).<\/p>\n<hr \/>\n<h3><strong>Vi \u00e4r en klubb som ska arrangera ett motionslopp i juli. Enligt Folkh\u00e4lsomyndigheten ska f\u00f6rbudet mot mer \u00e4n 50 personer g\u00e4lla till 31 december, samtidigt skriver SCF att t\u00e4vlingsf\u00f6rbudet g\u00e4ller mars och april. Hur ska vi g\u00f6ra, ska vi st\u00e4lla in loppet i juli?\u00a0<\/strong><\/h3>\n<p>SVAR: Vi tycker inte att ni ska st\u00e4lla in.\u00a0<a href=\"https:\/\/www.folkhalsomyndigheten.se\/nyheter-och-press\/nyhetsarkiv\/2020\/april\/nya-allmanna-rad-hall-avstand-och-ta-personligt-ansvar\/\">Folkh\u00e4lsomyndighetens sk\u00e4rpning av de allm\u00e4nna r\u00e5den<\/a>\u00a0den 1 april\u00a02020 \u00e4r satt till den 31 december av lagtekniska sk\u00e4l, men kan upph\u00e4vas n\u00e4r som helst.<br \/>\nDen 20 april kommer SCF:s styrelse meddela ytterligare restriktioner i den nationella t\u00e4vlingsverksamheten. Troligtvis f\u00f6rl\u00e4ngs nuvarande restriktioner ytterligare n\u00e5gon m\u00e5nad, men att st\u00e4lla in all t\u00e4vlingsverksamhet \u00e5ret ut \u00e4r inte aktuellt &#8211; och \u00e4r inte heller RF:s rekommendation.<br \/>\nSCF:s rekommendation till alla t\u00e4vlingsarrang\u00f6rer \u00e4r att ha is i magen och f\u00f6rs\u00f6ka att inte bekymra sig s\u00e5 mycket om deltagarantalet. S\u00e4tt i st\u00e4llet upp ett sista datum f\u00f6r er sj\u00e4lva, d\u00e4r ni m\u00e5ste fatta beslut om t\u00e4vlingen kan genomf\u00f6ras eller m\u00e5ste st\u00e4llas in.<\/p>\n<p>UPPDATERAT SVAR 2020-04-29<br \/>\nSka du eller din f\u00f6rening arrangera en cykelt\u00e4vling under maj och juni och vill flytta eller st\u00e4lla in arrangemanget med anledning av r\u00e5dande t\u00e4vlingsf\u00f6rbud? <a href=\"https:\/\/scf.se\/forbundet\/information-till-tavlingsarrangorer-som-drabbats-av-scf-tavlingsstopp\/\">H\u00e4r finns viktig information om hur ni b\u00f6r g\u00e5 till v\u00e4ga.<\/a><\/p>\n<hr \/>\n<h3><strong>M\u00e5ste en klubbt\u00e4vling eller tr\u00e4ning sanktioneras av SCF?<\/strong><\/h3>\n<p>SVAR: Nej, en klubbtr\u00e4ning beh\u00f6ver inte sanktioneras. En tr\u00e4ningst\u00e4vling beh\u00f6ver inte heller sanktioneras. Den sker inom den egna klubben, har ingen tidtagning eller nummerlappar och \u00e4r avgiftsfri. D\u00e4remot \u00e4r det viktigt att klubben f\u00f6ljer r\u00e5dande trafikregler och har koll p\u00e5 regler och tecken som g\u00e4ller vid klungk\u00f6rning.<\/p>\n<hr \/>\n<h3><strong>Hur b\u00f6r klubbarna t\u00e4nka kring barn- och ungdomstr\u00e4ning?<\/strong><\/h3>\n<p>SVAR: Folkh\u00e4lsomyndigheten har betonat vikten av fortsatt fysisk aktivitet f\u00f6r att fr\u00e4mja h\u00e4lsan och har\u00a0 har i dialog med bland annat Riksidrottsf\u00f6rbundet, uppdaterat r\u00e5d och rekommendationer som kan underl\u00e4tta f\u00f6r dem som ansvarar f\u00f6r idrotts- och tr\u00e4ningsaktiviteter. Fr\u00e5n och med 1 april\u00a0b\u00f6r dock &#8211; om m\u00f6jligt tr\u00e4ningar och h\u00e5llas utomhus.<br \/>\n\u00c4ven Svenska Cykelf\u00f6rbundets styrelse uppmuntrar ungdomstr\u00e4ning, s\u00e5 l\u00e4nge skolorna \u00e4r \u00f6ppna, eller till dess att regeringen kommer med andra restriktioner.<br \/>\n<a href=\"https:\/\/www.folkhalsomyndigheten.se\/nyheter-och-press\/nyhetsarkiv\/2020\/mars\/trana-garna-men-gor-det-sakert\/?fbclid=IwAR36Ldu3T7vS47mvRL2DeO31jgRcSn6c4hJk9prSVFKvjPy8clN94a9-fVE\">H\u00e4r kommer du direkt till sidan &#8221;tr\u00e4na g\u00e4rna men g\u00f6r det s\u00e4kert&#8221;.<\/a><\/p>\n<p><strong>Folkh\u00e4lsomyndighetens rekommendationer vid tr\u00e4ning<\/strong><\/p>\n<ul>\n<li>Den som \u00e4r sjuk, \u00e4ven med milda symtom, ska inte delta i aktiviteter alls, utan stanna hemma till och med tv\u00e5 dagar efter tillfrisknande. Insjuknar man under idrottsaktivitet ska man g\u00e5 hem direkt.<\/li>\n<li>Personer \u00f6ver 70 \u00e5r ska inte delta i gruppaktiviteter inomhus. Det \u00e4r viktigt f\u00f6r h\u00e4lsan att \u00e4ldre forts\u00e4tter r\u00f6ra sig, och fysisk aktivitet och promenader utomhus rekommenderas.<\/li>\n<li>Minska moment med n\u00e4rkontakt, g\u00f6r andra \u00f6vningar ist\u00e4llet.<\/li>\n<li>Dela inte vattenflaskor, munskydd och liknande som kan \u00f6verf\u00f6ra saliv.<\/li>\n<li>Se till att det finns m\u00f6jlighet till handtv\u00e4tt eller handsprit och uppmana till god handhygien.<\/li>\n<li>Undvik tr\u00e4ngsel.<\/li>\n<\/ul>\n<hr \/>\n<h3>Finns det n\u00e5got ekonomiskt st\u00f6d att s\u00f6ka f\u00f6r f\u00f6reningar under coronapandemin?<\/h3>\n<p>F\u00f6reningar kan s\u00f6ka st\u00f6d f\u00f6r kostnader f\u00f6r att anpassa verksamheten under coronakrisen via Projektst\u00f6d IF. (Tidigare Idrottslyftet) Det beslutade Riksidrottsstyrelsen 31 mars 2020.<br \/>\nBeslutet inneb\u00e4r att f\u00f6reningar ska kunna s\u00f6ka projektst\u00f6d f\u00f6r barn- och ungdomsidrotten via kriteriet: Bibeh\u00e5llen verksamhet under tiden f\u00f6r restriktioner p\u00e5 grund av corona.<br \/>\nKonkret kan det handla om att k\u00f6pa in utrustning f\u00f6r att bedriva utomhustr\u00e4ning eller genomf\u00f6ra annorlunda idrottsverksamhet, som med digitala hj\u00e4lpmedel.\u00a0St\u00f6det s\u00f6ks inom det ordinarie<a href=\"https:\/\/scf.se\/forbundet\/idrottslyftet-blir-projektstod-if-nytt-stod-till-klubbar-med-barn-och-ungdomsverksamhet\/\"> Projektst\u00f6det till barn- och ungdomsidrotten.<\/a><br \/>\n<em>Observera.<\/em>\u00a0<em>Riktlinjerna \u00e4r i dagsl\u00e4get inte fastst\u00e4llda av Riksidrottsf\u00f6rbundet<\/em>.\u00a0<em>St\u00f6det kommer att g\u00e5 att s\u00f6ka tidigast fr\u00e5n vecka 15.<\/em><\/p>\n<p>UPPDATERAT SVAR 2020-04-28<br \/>\nUnder perioden 1\u201315 maj kan idrottsf\u00f6reningar ans\u00f6ka om kompensationsst\u00f6d f\u00f6r ekonomiska konsekvenser av\u00a0coronakrisen. Ans\u00f6kan hanteras av RF och g\u00f6rs via IdrottOnline under fliken Idrottsmedel.\u00a0F\u00f6r att f\u00f6reningar ska kunna s\u00f6ka kompensation m\u00e5ste den totala f\u00f6rlusten vara p\u00e5 minst 15 000 kronor under perioden 12 mars \u2013 30 juni. <a href=\"https:\/\/scf.se\/forbundet\/ansokan-om-kompensationsstod-for-corona-oppnar-1-maj\/\">L\u00c4S MER<\/a><\/p>\n<hr \/>\n<h3><strong>Kommer<\/strong><strong> f\u00f6reningar och arrang\u00f6rer av cykelt\u00e4vlingar kompenseras ekonomiskt n\u00e4r t\u00e4vlingar st\u00e4lls in?<\/strong><\/h3>\n<p>SVAR: Den 20 mars 2020 beslutade regeringen om ett akut st\u00f6dpaket p\u00e5 500 miljoner kronor till idrottsevenemang som tvingats st\u00e4lla in p\u00e5 grund av coronaviruset mars och april. RF har nu bildat en referensgrupp tillsammans med representanter f\u00f6r SF med uppgift att ta fram en modell f\u00f6r hur st\u00f6det ska f\u00f6rdelas. Den 16 april kommer RF presentera principerna p\u00e5 hur st\u00f6det ska f\u00f6rdelas. Och den 19 april kommer SCF:s styrelse ta del av principerna som ligger till grund f\u00f6r kompensation. Den 20 april kommer beslutet kommuniceras ut till f\u00f6reningar och arrang\u00f6rer av t\u00e4vlingar.<\/p>\n<p>UPPDATERAT SVAR 2020-04-28<br \/>\nUnder perioden 1\u201315 maj kan idrottsf\u00f6reningar ans\u00f6ka om kompensationsst\u00f6d f\u00f6r ekonomiska konsekvenser av\u00a0coronakrisen. Ans\u00f6kan hanteras av RF och g\u00f6rs via IdrottOnline under fliken Idrottsmedel.\u00a0F\u00f6r att f\u00f6reningar ska kunna s\u00f6ka kompensation m\u00e5ste den totala f\u00f6rlusten vara p\u00e5 minst 15 000 kronor under perioden 12 mars \u2013 30 juni. <a href=\"https:\/\/scf.se\/forbundet\/ansokan-om-kompensationsstod-for-corona-oppnar-1-maj\/\">L\u00c4S MER<\/a><\/p>\n<hr \/>\n<h3><strong>Ska man teckna t\u00e4vlingslicens \u00e4ven fast t\u00e4vlingar st\u00e4lls in?<\/strong><\/h3>\n<p>SVAR: Vi tycker det \u00e4r viktigt att cyklisterna \u00e4r f\u00f6rs\u00e4krade b\u00e5de vid enskild tr\u00e4ning, klubbarrangemang och distriktst\u00e4vlingar. Vi rekommenderar d\u00e4rf\u00f6r att aktiva cyklister tecknar licens, d\u00e5 det i licensen ing\u00e5r en f\u00f6rs\u00e4kring som g\u00e4ller b\u00e5de vid tr\u00e4ning och t\u00e4vling.\u00a0 \u00c4ven motionscyklister kan teckna en baslicens f\u00f6r vara f\u00f6rs\u00e4krad vid tr\u00e4ning och klubbarrangemang.<br \/>\nSubvention av t\u00e4vlingslicensen till f\u00f6ljd av uteblivna t\u00e4vlingar \u00e4r i dag inte aktuellt.<\/p>\n<hr \/>\n<h3><strong>Kommer s\u00e4songen vara helt inst\u00e4lld p\u00e5 exakt samma s\u00e4tt som nu i mars\/april s\u00e5 l\u00e4nge restriktion p\u00e5 event med fler \u00e4n 50 personer kvarst\u00e5r fr\u00e5n Folkh\u00e4lsomyndigheten?\u00a0<\/strong><\/h3>\n<p>SVAR: I nul\u00e4get \u00e4r det f\u00f6r tidigt att l\u00e4mna n\u00e5gra svar om t\u00e4vlingss\u00e4songen 2020 efter 30 april. Styrelsen \u00e5terkommer med besked om tiden efter 30 april, senast den 20 april.<\/p>\n<hr \/>\n<h3><strong>Hur ska arrang\u00f6rer av nationella cykelt\u00e4vlingar f\u00f6rh\u00e5lla sig kring restriktionerna runt coronaviruset. Kan arrang\u00f6ren sj\u00e4lv flytta fram t\u00e4vlingar i t\u00e4vlingskalendern till datum som passar arrang\u00f6ren?<\/strong><\/h3>\n<p>SVAR: F\u00f6r att undvika eventuella krockar i t\u00e4vlingskalendern har SCF bildat en arbetsgrupp som i dialog med landets t\u00e4vlingsarrang\u00f6rer f\u00f6rs\u00f6ker hitta alternativa datum f\u00f6r de nationella t\u00e4vlingar som inte kan genomf\u00f6ras under mars och april. N\u00e4r eller om regeringen l\u00e4ttar p\u00e5 restriktionerna kommer styrelsen \u00e5terkomma med f\u00f6rslag p\u00e5 prioritetsordning f\u00f6r de internationella t\u00e4vlingarna.<br \/>\nF\u00f6r att det inte ska bli f\u00f6r m\u00e5nga krockar i t\u00e4vlingskalendern ber vi alla som ska byta helg att kontakta kansliet f\u00f6rst. I slut\u00e4ndan \u00e4r det kommissarierna som godk\u00e4nner det nya datumet, och de kommer inte till\u00e5ta att det g\u00e5r f\u00f6r m\u00e5nga lopp samtidigt.<br \/>\nI nul\u00e4get \u00e4r det dock f\u00f6r tidigt att l\u00e4mna n\u00e5gra svar om t\u00e4vlingss\u00e4songen 2020 efter 30 april.<\/p>\n<p>UPPDATERAT SVAR 2020-04-29:<br \/>\nDen som har ett cykelarrangemang inplanerat i v\u00e5r t\u00e4vlingskalender\u00a0<a href=\"https:\/\/www.swecyclingonline.se\/\">swecyclingonline.se<\/a>\u00a0(IndTa) under maj och juni, b\u00f6r omg\u00e5ende kontakta f\u00f6rbundet via\u00a0kanslimejlen\u00a0<a href=\"mailto:kansli@scf.se\">kansli@scf.se<\/a>\u00a0f\u00f6r v\u00e4gledning.<br \/>\nF\u00f6r att det inte ska k\u00f6ra ihop sig i t\u00e4vlingskalendern\u00a0<a href=\"https:\/\/www.swecyclingonline.se\/\">swecyclingonline.se<\/a>\u00a0(IndTa) l\u00e4ngre fram (n\u00e4r eller om f\u00f6rbudet h\u00e4vs) och f\u00f6r att t\u00e4vlingen ska f\u00e5 r\u00e4tt status, ber vi alla arrang\u00f6rer av lopp\u00a0som skulle arrangerats till och med den 30 juni och som nu vill senarel\u00e4gga sina arrangemang att senast 19 maj att informera f\u00f6rbundet via kanslimejlen\u00a0<a href=\"mailto:kansli@scf.se\">kansli@scf.se. <\/a><a href=\"https:\/\/scf.se\/forbundet\/information-till-tavlingsarrangorer-som-drabbats-av-scf-tavlingsstopp\/\">L\u00c4S MER<\/a><\/p>\n<hr \/>\n<h3><strong>Om restriktionen p\u00e5 50 personer sl\u00e4pps &#8211; \u00e4r det fullt bl\u00e5s som vanligt med alla t\u00e4vlingar d\u00e5?<\/strong><\/h3>\n<p>SVAR: SCF f\u00f6ljer regeringens och Folkh\u00e4lsomyndighetens riktlinjer. SCF har som ambition att \u00f6ppna upp t\u00e4vlingss\u00e4songen s\u00e5 fort restriktionerna l\u00e4ttar.<\/p>\n<hr \/>\n<h3><strong>Vi har t\u00e4nkt anordna en fixardag (reparera banan och cyklar etc) I nul\u00e4get vet vi inte antal som kan t\u00e4nkas dyka upp. R\u00e4knas detta som en sammankomst som inte f\u00e5r \u00f6verstiga 50 personer<br \/>\n<\/strong><\/h3>\n<p>SVAR: Det g\u00e5r alldeles utm\u00e4rkt att anordna en fixardag. N\u00e4r det g\u00e4ller klubbt\u00e4vlingar har vi sedan tidigare avr\u00e5tt fr\u00e5n anm\u00e4lan p\u00e5 plats. S\u00e5 om du \u00e4r os\u00e4ker p\u00e5 hur m\u00e5nga som kommer dyka upp, \u00e4r r\u00e5det att l\u00e5ta folk anm\u00e4la sitt deltagande innan \u2013 s\u00e5 du har du full koll p\u00e5 att antalet inte \u00f6verstiger 50 personer.<br \/>\nBe folk ta med egen mats\u00e4ck\/fika. Underl\u00e4tta f\u00f6r deltagare att h\u00e5lla en god handhygien (kanske kan folk ha p\u00e5 sig handskar utomhus) och se till att det inte skapas t\u00e4ta folksamlingar.<\/p>\n<p>I \u00f6vrigt g\u00e4ller Folkh\u00e4lsomyndighetens allm\u00e4nna r\u00e5d f\u00f6r att minska smittspridning:<\/p>\n<ul>\n<li>Tv\u00e4tta h\u00e4nderna ofta<\/li>\n<li>Hosta och nys i armvecket<\/li>\n<li>Undvik att r\u00f6ra \u00f6gon, n\u00e4sa och mun<\/li>\n<li>Stanna hemma n\u00e4r du \u00e4r sjuk<\/li>\n<li>Anv\u00e4nd handsprit<\/li>\n<\/ul>\n<hr \/>\n<h3><strong>P\u00e5 grund av corona-epidemin vill vi flytta en motionst\u00e4vling i t\u00e4vlingskalendern till ett annat datum senare i h\u00f6st. \u00c4r det okej?<\/strong><\/h3>\n<p>SVAR: Om ni \u00e4ndrar till nytt datum, s\u00e5 ska t\u00e4vlingen godk\u00e4nnas (igen) innan den kan sanktioneras. F\u00f6r att det inte ska bli f\u00f6r m\u00e5nga krockar i t\u00e4vlingskalendern ber vi d\u00e4rf\u00f6r alla som ska byta helg att kontakta kansliet f\u00f6rst. I slut\u00e4ndan \u00e4r det kommissarierna som godk\u00e4nner det nya datumet, och de kommer inte till\u00e5ta att det g\u00e5r f\u00f6r m\u00e5nga lopp samtidigt.<\/p>\n<hr \/>\n<h3>Vad g\u00e4ller vid \u00e5rsm\u00f6ten, kan v\u00e5r klubb h\u00e5lla \u00e5rsm\u00f6te som planerat?<\/h3>\n<p>SVAR:\u00a0Ideella f\u00f6reningar b\u00f6r om m\u00f6jligt skjuta upp \u00e5rsm\u00f6ten och liknande, om m\u00f6tet kr\u00e4ver att deltagarna tr\u00e4ffas p\u00e5 samma plats. Rekommendationen g\u00e4ller fr\u00e5n och med den 1 april <a href=\"https:\/\/www.folkhalsomyndigheten.se\/nyheter-och-press\/nyhetsarkiv\/2020\/april\/nya-allmanna-rad-hall-avstand-och-ta-personligt-ansvar\/\">i enlighet med Folkh\u00e4lsomyndighetens nya rekommendationer\u00a0<\/a><\/p>\n<p>&nbsp;<\/p>\n<p>&nbsp;<\/p>\n<p>&nbsp;<\/p>\n","protected":false},"excerpt":{"rendered":"<p>(Uppdaterad 2020-04-20) Svenska Cykelf\u00f6rbundet f\u00f6rh\u00e5ller sig till Folkh\u00e4lsomyndighetens och regeringens rekommendationer, och utformar riktlinjer till klubbar, arrang\u00f6rer och enskilda cyklister utifr\u00e5n myndigheternas beslut.\u00a0H\u00e4r kan ni l\u00e4sa mer om tidigare beslut fattade med anledning av coronapandemin\u00a0 Nya coronaviruset p\u00e5verkar Cykelsverige p\u00e5 olika s\u00e4tt. SCF har d\u00e4rf\u00f6r sammanst\u00e4llt n\u00e5gra av era vanligaste fr\u00e5gorna r\u00f6rande corona-pandemin och<a href=\"https:\/\/scf.se\/forbundet\/vanliga-fragor-om-coronaviruset-och-cykling\/\" class=\"news-card__more\"> &#8230;<\/a><\/p>\n","protected":false},"author":34,"featured_media":0,"comment_status":"open","ping_status":"open","sticky":false,"template":"","format":"standard","meta":{"_acf_changed":false,"footnotes":""},"categories":[1],"tags":[],"class_list":["post-4079","post","type-post","status-publish","format-standard","hentry","category-forbundet"],"acf":[],"_links":{"self":[{"href":"https:\/\/scf.se\/forbundet\/wp-json\/wp\/v2\/posts\/4079","targetHints":{"allow":["GET"]}}],"collection":[{"href":"https:\/\/scf.se\/forbundet\/wp-json\/wp\/v2\/posts"}],"about":[{"href":"https:\/\/scf.se\/forbundet\/wp-json\/wp\/v2\/types\/post"}],"author":[{"embeddable":true,"href":"https:\/\/scf.se\/forbundet\/wp-json\/wp\/v2\/users\/34"}],"replies":[{"embeddable":true,"href":"https:\/\/scf.se\/forbundet\/wp-json\/wp\/v2\/comments?post=4079"}],"version-history":[{"count":0,"href":"https:\/\/scf.se\/forbundet\/wp-json\/wp\/v2\/posts\/4079\/revisions"}],"wp:attachment":[{"href":"https:\/\/scf.se\/forbundet\/wp-json\/wp\/v2\/media?parent=4079"}],"wp:term":[{"taxonomy":"category","embeddable":true,"href":"https:\/\/scf.se\/forbundet\/wp-json\/wp\/v2\/categories?post=4079"},{"taxonomy":"post_tag","embeddable":true,"href":"https:\/\/scf.se\/forbundet\/wp-json\/wp\/v2\/tags?post=4079"}],"curies":[{"name":"wp","href":"https:\/\/api.w.org\/{rel}","templated":true}]}}