
{"id":4057,"date":"2021-04-01T08:00:49","date_gmt":"2021-04-01T06:00:49","guid":{"rendered":"http:\/\/scf.se\/forbundet\/?p=4057"},"modified":"2021-04-01T08:23:17","modified_gmt":"2021-04-01T06:23:17","slug":"riktlinjer-for-cyklister-och-tavlingsarrangorer","status":"publish","type":"post","link":"https:\/\/scf.se\/forbundet\/riktlinjer-for-cyklister-och-tavlingsarrangorer\/","title":{"rendered":"Aviserade l\u00e4ttnader dr\u00f6jer till 3 maj enligt FHM"},"content":{"rendered":"<p>H\u00e4r uppdaterar vi l\u00f6pande information om coronaviruset (COVID-19) och hur utvecklingen och myndighetsbeslut p\u00e5verkar Svenska Cykelf\u00f6rbundets verksamhet, medlemmar, landslag och t\u00e4vlingsarrang\u00f6rer.<\/p>\n<hr \/>\n<p><strong>2021-04-01: <\/strong><span style=\"font-size: 12.0pt\">Svenska Cykelf\u00f6rbundets styrelse har beslutat att h\u00e4va det generella t\u00e4vlingsf\u00f6rbudet fr\u00e5n och med 1 april 2021.<br \/>\n<\/span><span style=\"font-size: 12.0pt\">Styrelsen har i st\u00e4llet beslutat att SCF:s verksamhet ska f\u00f6lja svensk pandemilag och r\u00e5dande begr\u00e4nsningsf\u00f6rordning, och att klubbar och arrang\u00f6rer ska s\u00e4kerst\u00e4lla att allm\u00e4nna, lokala och regionala riktlinjer efterf\u00f6ljs vid tr\u00e4ning och t\u00e4vling.<\/span><\/p>\n<p class=\"BrdtextSwecycling\"><span style=\"font-size: 12.0pt\">Samtidigt har Folkh\u00e4lsomyndigheten skjutit upp de <a href=\"https:\/\/scf.se\/forbundet\/fhms-remissvar-okar-hoppet-for-arrangemang-redan-fran-11-april\/\">aviserade l\u00e4ttnaderna i begr\u00e4nsningsf\u00f6rordningen.<\/a>\u00a0<\/span>Med anledning av det allvarliga smittl\u00e4get g\u00f6rs i st\u00e4llet bed\u00f6mningen att f\u00f6r\u00e4ndringarna kan tr\u00e4da i kraft i m\u00e5nadsskiftet april\/maj. FHM beg\u00e4r d\u00e4rf\u00f6r att datumet \u00e4ndras till den 3 maj. Det inneb\u00e4r att det fortsatt bara \u00e4r till\u00e5tet f\u00f6r yrkesm\u00e4ssiga idrottare att t\u00e4vla och att det fortsatt \u00e4r stopp f\u00f6r cuper och t\u00e4vlingar p\u00e5 juniorniv\u00e5.<\/p>\n<p>SCF har d\u00e4rf\u00f6r uppdaterat verksamhetens <a href=\"https:\/\/scf.se\/forbundet\/wp-content\/uploads\/sites\/9\/2021\/04\/SCF_coronaprotoll_2_2021_V2.pdf\">v\u00e4gledande coronaprotokoll<\/a>. \u00c4ndringarna best\u00e5r i korthet av f\u00f6ljande punkter:<\/p>\n<ul>\n<li>Svensk pandemilag och nuvarande begr\u00e4nsningsf\u00f6rordning \u00e4r styrande f\u00f6r Svenska Cykelf\u00f6rbundets verksamhet.<\/li>\n<li>F\u00f6rtydligande av definitionen yrkesm\u00e4ssig idrottare och vem som f\u00e5r t\u00e4vla med elitlicens<\/li>\n<li>F\u00f6rtydligande om att det i nul\u00e4get bara \u00e4r till\u00e5tet f\u00f6r yrkesm\u00e4ssig idrottare att t\u00e4vla<\/li>\n<li>Fortsatt stopp f\u00f6r juniorer att t\u00e4vla<\/li>\n<\/ul>\n<p>Svenska Cykelf\u00f6rbundets Coronaprotokoll \u00e4r ett levande dokument och s\u00e5 fort FHM och regering medger l\u00e4ttnader revideras dokumentet.<\/p>\n<p><strong>L\u00e4s eller ladda ner:\u00a0 <\/strong><a href=\"https:\/\/scf.se\/forbundet\/wp-content\/uploads\/sites\/9\/2021\/04\/SCF_coronaprotoll_2_2021_V2.pdf\">Svenska Cykelf\u00f6rbundets Coronaprotokoll nr 2 v2<\/a><\/p>\n<hr \/>\n<p><strong>2021-02-25<\/strong> Folkh\u00e4lsomyndigheten och regeringen inf\u00f6r ytterligare \u00e5tg\u00e4rder f\u00f6r att st\u00e4vja smittspridningen i landet. Fr\u00e5n<strong> 1 mars<\/strong> b\u00f6r idrottsr\u00f6relsen avst\u00e5 helt fr\u00e5n att ordna eller delta i l\u00e4ger, matcher, cuper och andra t\u00e4vlingar, med undantag f\u00f6r yrkesm\u00e4ssig idrott. Beslutet grundas p\u00e5 det r\u00e5dande allvarliga smittl\u00e4get. <a href=\"https:\/\/scf.se\/forbundet\/stopp-for-enstaka-matcher-lager-och-cuper-fran-1-mars\/\">L\u00c4S MER<\/a><\/p>\n<hr \/>\n<p><strong>2021-01-15:<\/strong> Det generella t\u00e4vlingsf\u00f6rbudet f\u00f6rl\u00e4ngs till och med 1 april 2021. Vi har dock tagit fram ett nytt coronaprotokoll med vissa l\u00e4ttnader f\u00f6r verksamheten. <span style=\"font-size: 12.0pt\"><a href=\"https:\/\/scf.se\/forbundet\/wp-content\/uploads\/sites\/9\/2021\/01\/Coronaprotokoll-nr-2-2021-01-15-1.pdf\">Svenska Cykelf\u00f6rbundets Coronaprotokoll nr 2<\/a> baserar sig p\u00e5 myndighetsbeslut och nya f\u00f6rbudsordningen, och har tagits fram f\u00f6r att s\u00e4kerst\u00e4lla att SCF:s verksamhet kan bedrivas p\u00e5 ett smitts\u00e4kert vis.\u00a0<\/span><\/p>\n<p><strong>Sammanfattning av inneh\u00e5llet i\u00a0 SCF:s nya coronaprotokoll:<\/strong><\/p>\n<ul>\n<li>Tydligg\u00f6rande av vad som g\u00e4ller f\u00f6r idrotten i stort<\/li>\n<li>SCF:s definition p\u00e5 yrkesm\u00e4ssig idrottare (i linje med RF:s riktlinjer)<\/li>\n<li>Undantag ska kunna g\u00f6ras f\u00f6r arrang\u00f6rer av nationella t\u00e4vlingar som kan visa p\u00e5 smitts\u00e4kert t\u00e4vlingsuppl\u00e4gg som g\u00e5r i linje med begr\u00e4nsningsf\u00f6rordningen, och myndighetsbeslut.<\/li>\n<li>F\u00f6ruts\u00e4ttningar f\u00f6r landslagsverksamhet\/l\u00e4ger\/resor<\/li>\n<li>Vad som g\u00e4ller vid tr\u00e4ning utomhus<\/li>\n<li>L\u00e4nksamling till myndigheter<\/li>\n<\/ul>\n<p>Ladda g\u00e4rna ner och l\u00e4s igenom hela <span style=\"font-size: 12.0pt\"><a href=\"https:\/\/scf.se\/forbundet\/wp-content\/uploads\/sites\/9\/2021\/01\/Coronaprotokoll-nr-2-2021-01-15-1.pdf\">Svenska Cykelf\u00f6rbundets Coronaprotokoll nr 2<\/a><\/span><\/p>\n<hr \/>\n<h2>Ny pandemilag fr\u00e5n 10 januari<\/h2>\n<p>Riksdagen har beslutat om den s\u00e5 kallade\u00a0<a title=\"Sida Svensk f\u00f6rfattningssamling pandemilag \" href=\"https:\/\/www.svenskforfattningssamling.se\/doc\/20214.html\" target=\"_blank\" rel=\"noopener noreferrer\">pandemilagen<\/a>\u00a0som g\u00e4ller fr\u00e5n den 10 januari 2021. I anslutning till lagen har regeringen beslutat om en\u00a0<a title=\"Sida Svensk f\u00f6rfattningssamling f\u00f6rordning \" href=\"https:\/\/www.svenskforfattningssamling.se\/doc\/20218.html\" target=\"_blank\" rel=\"noopener noreferrer\">f\u00f6rordning<\/a>\u00a0och Folkh\u00e4lsomyndigheten om\u00a0<a title=\"Sida Folkh\u00e4lsomyndigheten f\u00f6reskrifter\" href=\"https:\/\/www.folkhalsomyndigheten.se\/publicerat-material\/publikationsarkiv\/h\/hslf-fs-20212\/\" target=\"_blank\" rel=\"noopener noreferrer\">f\u00f6reskrifter och allm\u00e4nna r\u00e5d<\/a>, som f\u00f6rtydligar hur lagen ska efterf\u00f6ljas. Enligt pandemilagens f\u00f6rordning till\u00e5ts max \u00e5tta deltagare vid allm\u00e4nna sammankomster och offentliga tillst\u00e4llningar, som idrottsevenemang med publik. I lagen finns ocks\u00e5 s\u00e4rskilda begr\u00e4nsningar f\u00f6r gym, idrottsanl\u00e4ggningar och badhus som \u00e4r \u00f6ppna f\u00f6r allm\u00e4nheten. <a href=\"https:\/\/www.rf.se\/coronavirusetochidrottsrorelsen\/vanligafragoromcoronavirusochidrott\/dennyapandemilagengallerfran10januari2021.vadinnebardenforidrotten\">L\u00c4S MER<\/a><\/p>\n<hr \/>\n<p><strong>2020-12-14<\/strong> Riksidrottsf\u00f6rbundet (RF) har uppdaterat sin FAQ med kompletterande fr\u00e5gor och svar med anledning av de nya allm\u00e4nna r\u00e5den som b\u00f6rjade g\u00e4lla den 14 december. <a href=\"https:\/\/www.rf.se\/coronavirusetochidrottsrorelsen\/vanligafragoromcoronavirusochidrott\/\">https:\/\/www.rf.se\/coronavirusetochidrottsrorelsen\/vanligafragoromcoronavirusochidrott\/<\/a><\/p>\n<p>Den 15 januari 2021 kommer Svenska Cykelf\u00f6rbundet\u00a0 i ett nytt coronadokument presentera riktlinjer f\u00f6r tr\u00e4ning och t\u00e4vling v\u00e5ren 2021.<\/p>\n<hr \/>\n<p><strong>2020-12-09 Tr\u00e4ning p\u00e5 smitts\u00e4kert s\u00e4tt till\u00e5ts f\u00f6r alla &#8211; t\u00e4vlingsf\u00f6rbud kvarst\u00e5r<\/strong><\/p>\n<p>M\u00e5ndagen den 14 december ers\u00e4tts de lokala allm\u00e4nna r\u00e5den av nya nationella r\u00e5d. F\u00f6r idrottens del inneb\u00e4r de nya nationella r\u00e5den att det \u00e5ter blir till\u00e5tet f\u00f6r personer \u00f6ver 16 \u00e5r att genomf\u00f6ra gemensamma tr\u00e4ningar om det kan ske under smitts\u00e4kra former, med f\u00f6rdel utomhus.<br \/>\nRegeringen betonar dock att max \u00e5tta personer \u00e4r den nya normen i enlighet med regeringens f\u00f6rbudsordning om offentliga sammankomster som \u00e4r begr\u00e4nsad till \u00e5tta deltagare. Folkh\u00e4lsomyndigheten l\u00e4gger \u00e4ven stor vikt p\u00e5 det personliga ansvaret. L\u00c4S MER: <a title=\"Dokument Folkh\u00e4lsomyndigheten allm\u00e4nna r\u00e5d\" href=\"https:\/\/www.folkhalsomyndigheten.se\/contentassets\/5da13979cd774f33ae44527f442221bd\/andring-foreskrifter-allmanna-rad-hslf-fs-2020-12-gallerfrom-2020-12-14.pdf\" target=\"_blank\" rel=\"noopener noreferrer\">Folkh\u00e4lsomyndighetens f\u00f6reskrifter och allm\u00e4nna r\u00e5d<\/a><br \/>\nFormellt g\u00e4ller r\u00e5den till och med den 30 juni 2021.<a href=\"https:\/\/scf.se\/forbundet\/traning-pa-smittsakert-satt-tillats-for-alla-tavlingsforbud-kvarstar\/\"> L\u00c4S MER<\/a><\/p>\n<hr \/>\n<p><strong>2020-11-26<\/strong> <strong>All t\u00e4vlingsverksamhet fortsatt pausad till 15 januari<br \/>\n<\/strong><\/p>\n<p>Den 1 november beslutade styrelsen att pausa den nationella t\u00e4vlingsverksamheten, samt alla internationella landslagsuppdrag.<br \/>\nMed anledning av regeringens f\u00f6rbud mot allm\u00e4nna sammankomster med fler \u00e4n 8 personer, samt sk\u00e4rpta allm\u00e4nna r\u00e5d i hela Sverige, har styrelsen fattat beslut om att f\u00f6rl\u00e4nga nuvarande riktlinjer. Undantaget fr\u00e5n t\u00e4vlingsf\u00f6rbudet \u00e4r e-cycling, d\u00e4r ut\u00f6varna t\u00e4vlar enskilt i hemmet eller annan lokal.<\/p>\n<p><strong>Det inneb\u00e4r att:<\/strong><\/p>\n<p><strong>Nationella t\u00e4vlingar:<\/strong> St\u00e4lls in till och med 15 januari<\/p>\n<p><strong>Landslagsverksamhet<\/strong>: St\u00e4lls in till och med 15 januari<\/p>\n<p><strong>Resor:<\/strong> Resor f\u00f6r f\u00f6rbundsrepresentanter och personal stoppas till och med 15 januari. Kanslipersonal ska fortsatt arbeta hemifr\u00e5n.<\/p>\n<p><strong>Distriktst\u00e4vlingar:<\/strong> St\u00e4lls in till och med 15 januari<\/p>\n<p><strong>Klubbtr\u00e4ningar:<\/strong> St\u00e4lls in till och med 15 januari \u2013 med undantag f\u00f6r barn och ungdomar f\u00f6dda 2005 eller senare. <a href=\"https:\/\/www.rf.se\/Nyheter\/Allanyheter\/fortydligandebehovsombarnochungdomarstraning\">L\u00c4S MER<\/a><\/p>\n<p><strong>Klubbt\u00e4vlingar:<\/strong> St\u00e4lls in till och med 15 januari \u2013 med undantag f\u00f6r barn och ungdomar f\u00f6dda 2005 eller senare. <a href=\"https:\/\/www.rf.se\/Nyheter\/Allanyheter\/fortydligandebehovsombarnochungdomarstraning\">L\u00c4S MER<\/a><\/p>\n<p><strong>Utbildningar i SCF:s regi:<\/strong> St\u00e4lls in till och med 15 januari<\/p>\n<p><strong>SCF vill understryka att de lokala allm\u00e4nna r\u00e5den g\u00e4ller och att tr\u00e4ning i grupp inte \u00e4r f\u00f6renliga med dessa.\u00a0<\/strong><\/p>\n<p><b>L\u00c4S MER:\u00a0<a href=\"https:\/\/www.folkhalsomyndigheten.se\/smittskydd-beredskap\/utbrott\/aktuella-utbrott\/covid-19\/lokala-allmanna-rad\/\">Folkh\u00e4lsomyndighetens lokala allm\u00e4nna r\u00e5d f\u00f6r covid-19<\/a><\/b><\/p>\n<hr \/>\n<header class=\"entry-header\">\n<p class=\"entry-title\"><strong>2020-11-12<\/strong> <strong>Lokala allm\u00e4nna r\u00e5d i Dalarna, Gotland, V\u00e4rmland och V\u00e4stmanland<br \/>\n<\/strong>Sk\u00e4rpta lokala allm\u00e4nna r\u00e5d inf\u00f6rs i regionerna Dalarna, Gotland, V\u00e4rmland och V\u00e4stmanland fram till och med 10 december p\u00e5 grund av \u00f6kad smittspridning.<\/p>\n<\/header>\n<div class=\"entry-title\">\n<div><a href=\"https:\/\/one-lnk.com\/x1elQ_vr5ZiCn3Lm2Pzb6YW3usnTlwtpao8HymtX01gzuWm97Ug8TWyL2t859PUxLBntwwPpORip0eLbuvHN4BW0g\/x1eXkmcDQKTFxn6POJPNiHw4bXH-TeszI-CNCKQoX69R9utuVLNiD3hE6qQfcGDpU0ZbgUDCCfUj4AJsVNmK18-9pJ_G4kIW7zT-8LnH_oGFnLnmHxVH9Go_eeR5BJutN63x2M7FzzcwhUFixwQ4SVgDs3gqHqrFIQDLtXbmrN7KsURIdPzMmzdvWcL3RHAAf4lZJwiv288DSGsV44sBUdOCiwoO-qzkbvuk1joqUrmz7kW4rBpwRYQHY9lmUpkXcGC\/x1e4yan9PGUA3jeYe61QVSaZQ\/\">Folkh\u00e4lsomyndigheten har sammanst\u00e4llt vad som g\u00e4ller, region f\u00f6r region<\/a>.<\/div>\n<div>\n<hr \/>\n<\/div>\n<\/div>\n<p><strong>2020-11-10 Sk\u00e4rpta lokala allm\u00e4nna r\u00e5d inf\u00f6rs i regionerna Kalmar, V\u00e4sterbotten och Norrbotten fram till och med 8 december p\u00e5 grund av \u00f6kad smittspridning, meddelar Folkh\u00e4lsomyndigheten<\/strong><\/p>\n<p><a href=\"https:\/\/one-lnk.com\/x1elQ_vr5ZiCn3Lm2Pzb6YW3usnTlwtpao8HymtX01gzuWm97Ug8TWyL2t859PUxLBntwwPpORip0eLbuvHN4BW0g\/x1eXkmcDQKTFxn6POJPNiHw4bXH-TeszI-CNCKQoX69R9utuVLNiD3hE6qQfcGDpU0ZbgUDCCfUj4AJsVNmK18-9pJ_G4kIW7zT-8LnH_oGFnLnmHxVH9Go_eeR5BJutN63x2M7FzzcwhUFixwQ4SVgDs3gqHqrFIQDLtXbmrN7KsURIdPzMmzdvWcL3RHAAf4lZJwiv288DSGsV44sBUdOCiwoO-qzkbvuk1joqUrmz7kW4rBpwRYQHY9lmUpkXcGC\/x1e4yan9PGUA3jeYe61QVSaZQ\/\">Folkh\u00e4lsomyndigheten har sammanst\u00e4llt vad som g\u00e4ller, region f\u00f6r region<\/a>.<\/p>\n<hr \/>\n<p><strong>2020-11-05 Sk\u00e4rpta restriktioner i flera regioner<br \/>\n<\/strong>Ytterligare regioner har beslutat om allm\u00e4nna r\u00e5d med sk\u00e4rpta restriktioner. Aktuella exempel f\u00f6r n\u00e4rvarande \u00e4r <strong>Uppsala, Sk\u00e5ne, V\u00e4stra G\u00f6taland, \u00d6sterg\u00f6tland, Stockholm, Halland, \u00d6rebro, J\u00f6nk\u00f6ping, S\u00f6dermanland och Kronobergs l\u00e4n.<\/strong><\/p>\n<p><a href=\"https:\/\/one-lnk.com\/x1elQ_vr5ZiCn3Lm2Pzb6YW3usnTlwtpao8HymtX01gzuWm97Ug8TWyL2t859PUxLBntwwPpORip0eLbuvHN4BW0g\/x1eXkmcDQKTFxn6POJPNiHw4bXH-TeszI-CNCKQoX69R9utuVLNiD3hE6qQfcGDpU0ZbgUDCCfUj4AJsVNmK18-9pJ_G4kIW7zT-8LnH_oGFnLnmHxVH9Go_eeR5BJutN63x2M7FzzcwhUFixwQ4SVgDs3gqHqrFIQDLtXbmrN7KsURIdPzMmzdvWcL3RHAAf4lZJwiv288DSGsV44sBUdOCiwoO-qzkbvuk1joqUrmz7kW4rBpwRYQHY9lmUpkXcGC\/x1e4yan9PGUA3jeYe61QVSaZQ\/\">Folkh\u00e4lsomyndigheten har sammanst\u00e4llt vad som g\u00e4ller, region f\u00f6r region<\/a>.<\/p>\n<hr \/>\n<p><strong>2020-11-01<\/strong><br \/>\nSCF:s f\u00f6rbundsstyrelse har den 1 november fattat v\u00e4gledande beslut om tr\u00e4nings- och t\u00e4vlingsverksamheten i de regioner som omfattas av Folkh\u00e4lsomyndighetens sk\u00e4rpta allm\u00e4nna r\u00e5d. Styrelsen har \u00e4ven beslutat om att st\u00e4lla in all nationell t\u00e4vlingsverksamhet under november, samt att ingen landslagsverksamhet ska ske under november.<a href=\"https:\/\/scf.se\/forbundet\/beslut-om-tavling-och-traning-med-anledning-av-skarpta-regionala-restriktioner\/\"> L\u00c4S MER<\/a><\/p>\n<hr \/>\n<h3><strong>T\u00c4VLING UNDER CORONA <\/strong><br \/>\n<strong>Kompletterande information \u2013 riktlinjer och r\u00e5d vid cykelt\u00e4vling under coronapandemin<\/strong><br \/>\n<strong>1 juli 2020<\/strong><\/h3>\n<p>SCF arrangerade under onsdagen ett informationsm\u00f6te\u00a0 via den digitala plattformen Teams. Arrang\u00f6rer fr\u00e5n hela landet deltog i m\u00f6tet och st\u00e4llde fr\u00e5gor runt coronaanpassningen av t\u00e4vlingsverksamheten. Efter m\u00f6tet har vi f\u00f6rs\u00f6kt besvara alla fr\u00e5gest\u00e4llningar och f\u00f6rtydliga v\u00e5ra r\u00e5d och rekommendationer ytterligare i det uppdaterade dokumentet\u00a0<a href=\"https:\/\/scf.se\/forbundet\/wp-content\/uploads\/sites\/9\/2020\/07\/T\u00e4vling-under-Corona-2020-07-02-1.pdf\">T\u00e4vling under Corona 2020-07-02<\/a>.<\/p>\n<p>Den som vill ta del av vad som sades under m\u00f6tet kan\u00a0<a href=\"https:\/\/web.microsoftstream.com\/video\/005ae488-4936-4c47-9d11-8e94dd5e9f3e\">KLICKA H\u00c4R<\/a><\/p>\n<p>H\u00e4r kan du ladda ner det uppdaterade st\u00f6ddokumentet <a href=\"https:\/\/scf.se\/forbundet\/wp-content\/uploads\/sites\/9\/2020\/07\/T\u00e4vling-under-Corona-2020-07-02-1.pdf\">T\u00e4vling under Corona 2020-07-02<\/a><\/p>\n<hr \/>\n<h4>V\u00e4lkommen p\u00e5 Informationstr\u00e4ff f\u00f6r arrang\u00f6rer<\/h4>\n<p>2020-06-24 Inf\u00f6r l\u00e4ttnaden av t\u00e4vlingsf\u00f6rbudet bjuder vi in arrang\u00f6rer till fr\u00e5gestund med SCF och RF <a href=\"https:\/\/scf.se\/forbundet\/inbjudan-till-digitalt-arrangorsmote-med-scf-och-rf-infor-tavlingsuppstart\/\">L\u00c4S MER<\/a><\/p>\n<hr \/>\n<h3>Uppdaterade riktlinjer och r\u00e5d vid t\u00e4vling under coronapandemin<\/h3>\n<p>2020-06-17 Med anledning av regeringens l\u00e4ttnader av reserestriktionerna som b\u00f6rjade g\u00e4lla den 13 juni sl\u00e5r SCF:s styrelse fast att det \u00e4r m\u00f6jligt att arrangera SCF-sanktionerade t\u00e4vlingar enligt tidigare fattat beslut, om de kan arrangeras inom ramen av Folkh\u00e4lsomyndigheten och regeringens f\u00f6rbud mot sammankomster med fler \u00e4n 50 personer som i nul\u00e4get g\u00e4ller till och med den 31 december 2020.<\/p>\n<p>SCF har d\u00e4rf\u00f6r tagit fram anpassade riktlinjer och st\u00f6d till arrang\u00f6rer av distriktst\u00e4vlingar, motionslopp, cuper och andra nationella t\u00e4vlingar:\u00a0<strong><a href=\"https:\/\/scf.se\/forbundet\/wp-content\/uploads\/sites\/9\/2020\/07\/T\u00e4vling-under-Corona-2020-07-02-1.pdf\">Uppdaterade riktlinjer och r\u00e5d vid t\u00e4vling under coronapandemin<\/a><\/strong><\/p>\n<p><strong>F\u00f6ljande datum f\u00f6r \u00e5terstart av t\u00e4vlingsverksamheten g\u00e4ller fortfarande<\/strong><\/p>\n<p><strong>15 juni:<\/strong>\u00a0Klubbt\u00e4vlingar till\u00e5ts f\u00f6r klubbens egna medlemmar<br \/>\n<strong>1 juli:\u00a0<\/strong>Allians-och distriktst\u00e4vlingar till\u00e5ts<br \/>\n<strong>15 juli:\u00a0<\/strong>Nationella t\u00e4vlingar till\u00e5ts<\/p>\n<p>P\u00e5 f\u00f6rekommen anledning vill styrelsen p\u00e5minna om att det inte \u00e4r okej att arrangera eller delta i icke sanktionerade t\u00e4vlingar.<\/p>\n<hr \/>\n<h4>F\u00f6rsiktig positivism inf\u00f6r t\u00e4vlingsstarten<\/h4>\n<p>2020-06-12 Polismyndigheten har gett vissa klarg\u00f6rande som g\u00f6r att SCF ser det som m\u00f6jligt att starta den nationella t\u00e4vlingss\u00e4songen senast den 15 juli i enlighet med tidigare fattat beslut. Utifr\u00e5n detta f\u00f6rtydliganden kommer Svenska Cykelf\u00f6rbundets styrelse, grengrupper, samt den tillf\u00e4lliga t\u00e4vlingsgrupp som satts ihop med anledning av Coronakrisen, att utforma generella riktlinjer inf\u00f6r den kommande t\u00e4vlingsstarten. Dessa kommer kommuniceras ut under vecka 25 \u2013 dock senast torsdag den 18 juni. <a href=\"https:\/\/scf.se\/forbundet\/forsiktigt-positiva-besked-infor-aterstarten-av-tavlingssasongen\/\">L\u00c4S MER<\/a><\/p>\n<p><strong>Beslut och besked om kompensationsst\u00f6d<br \/>\n<\/strong>2020-06-09 Coronakrisen har f\u00f6r idrottsr\u00f6relsens del varat i tre m\u00e5nader. Mycket har handlat om sv\u00e5ra ekonomiska konsekvenser f\u00f6r f\u00f6rbund och f\u00f6reningar. RF kommer den n\u00e4rmaste veckan besluta och kunna ge besked om f\u00f6rdelningen av regeringens krisst\u00f6d p\u00e5 500 miljoner kronor:<\/p>\n<p><strong>11 juni:<\/strong> Riksidrottsstyrelsen tar beslut om f\u00f6rdelning av kompensationsst\u00f6det till specialidrottsf\u00f6rbund (SF) och idrottsf\u00f6reningar (IF).<br \/>\n<strong>12 juni:<\/strong> SF f\u00e5r besked om beviljade ans\u00f6kningar. Utbetalningar till SF p\u00e5b\u00f6rjas.<br \/>\n<strong>15 juni:<\/strong> IF f\u00e5r besked om beviljade ans\u00f6kningar. Utbetalningar till IF p\u00e5b\u00f6rjas.<\/p>\n<p><a href=\"https:\/\/one-lnk.com\/x1eu8Xu89kIu8k-2lsw2ZM0y-NrzgRHAlyVc72P6LHSMDmv-JZqpXwJ_3Plu2LPvFzN-lLIGwcJwPVIIZsnvDNSaQ\/x1e4AMEKAG2whsJ8-QE9WMmRzdEE1wP7TbTjf2E_ru5T5sWqs7NA4B4U4pB4zN4jD3MnulDY9NUdlCyvg4HBdMg6MrZjXJaJesdHVftpxa-q_Gt3iugMgv13iM36IgcU2En2asWAd75J3JDpvFTim1J1md23J_ZNkkyXo0DY-fxNzQ\/x1e4yan9PGUA3jeYe61QVSaZQ\/\" data-original-color=\"\">F\u00f6lj RF:s uppdateringar om coronakrisen<\/a><\/p>\n<h3>Information inf\u00f6r l\u00e4ttnaden av t\u00e4vlingsf\u00f6rbudet den 15 juni<\/h3>\n<p>2020-06-02 Under fredagen meddelade RF och Folkh\u00e4lsomyndigheten att man ger<a href=\"https:\/\/www.rf.se\/Nyheter\/Allanyheter\/klarteckenformatcherochtavlingarforseniorer\">\u00a0klartecken f\u00f6r matcher och t\u00e4vlingar f\u00f6r seniorer<\/a>\u00a0fr\u00e5n och med 14 juni. Nyheten kommunicerades ut under en presskonferens p\u00e5 fredagsmorgonen och RF kallade senare till ett informationsm\u00f6te. <a href=\"https:\/\/scf.se\/forbundet\/information-infor-lattnaden-av-tavlingsforbudet-den-15-juni\/\">L\u00c4S MER\u00a0<\/a><\/p>\n<hr \/>\n<h3>SCF l\u00e4ttar p\u00e5 t\u00e4vlingsf\u00f6rbudet i tre steg fr\u00e5n och med den 15 juni<\/h3>\n<p>2020-05-20 Den 15 juli h\u00e4vs det nationella t\u00e4vlingsstoppet \u2013 f\u00f6rbeh\u00e5llet att Folkh\u00e4lsomyndighetens restriktioner kan f\u00f6ljas. Beslutet om att sl\u00e4ppa p\u00e5 t\u00e4vlingsf\u00f6rbudet togs av SCF:s styrelsem\u00f6te under tisdagskv\u00e4llen. \u00c5terstarten kommer ske i tre steg och redan den 15 juni till\u00e5ts t\u00e4vlingar inom den egna klubben, samt prova-p\u00e5-aktiviteter. <a href=\"https:\/\/scf.se\/forbundet\/covid-19-scf-lattar-pa-tavlingsforbudet-i-tre-steg-fran-och-med-den-15-juni\/\">L\u00c4S MER<\/a><\/p>\n<hr \/>\n<h3 class=\"entry-title\"><strong>Regeringens krispaket till idrotten r\u00e4cker inte<\/strong><\/h3>\n<p>2020-05-12 Idrottsr\u00f6relsen drabbas h\u00e5rdare av coronakrisen \u00e4n tidigare ber\u00e4knat: Minus 1,2 miljarder kronor fram till sista juni, enligt en ny unders\u00f6kning fr\u00e5n RF: \u2013\u00a0Regeringens v\u00e4lbeh\u00f6vliga krispaket p\u00e5 500 miljoner kronor kommer inte i n\u00e4rheten av att t\u00e4cka de omfattande ekonomiska konsekvenserna av coronakrisen f\u00f6r svensk idrott, menar RF <a href=\"https:\/\/www.rf.se\/Nyheter\/Allanyheter\/regeringenskrispakettillidrottenrackerinte\">L\u00c4S MER<\/a><\/p>\n<hr \/>\n<h3>Nordiska M\u00e4sterskapen 2020 flyttas fram p\u00e5 grund av karant\u00e4nregler<\/h3>\n<p>2020-05-12 Med anledning av Coronaviruset (covid-19) och de nordiska l\u00e4ndernas karant\u00e4nregler har Skoghalls Cykelklubb-Hammar\u00f6 meddelat att man skjuter upp Nordiska M\u00e4sterskapen 2020 i ett \u00e5r. <a href=\"https:\/\/scf.se\/landsvag\/nordiska-masterskapen-2020\/\">L\u00c4S MER<\/a><\/p>\n<hr \/>\n<h3>Viktig p\u00e5minnelse fr\u00e5n RF g\u00e4llande kompensationsst\u00f6d till IF<\/h3>\n<p>2020-05-08\u00a0D\u00e5 ett stort antal ans\u00f6kningar f\u00f6rv\u00e4ntas \u00e4r kvaliteten p\u00e5 ans\u00f6kningarna av st\u00f6rsta vikt.<br \/>\nDet \u00e4r av yttersta vikt att ber\u00f6rda f\u00f6reningar (IF) inkommer med verifierade och l\u00e4ttbegripliga underlag som styrker deras ekonomiska f\u00f6rluster. Detta underl\u00e4ttar handl\u00e4ggningen.<a href=\"https:\/\/scf.se\/forbundet\/viktig-paminnelse-fran-rf-gallande-kompensationsstod-till-if\/\">L\u00c4S MER<\/a><\/p>\n<h3><strong>Information till t\u00e4vlingsarrang\u00f6rer som drabbats av SCF t\u00e4vlingsstopp<\/strong><\/h3>\n<p>2020-04-29 Den som har ett cykelarrangemang inplanerat i v\u00e5r t\u00e4vlingskalender\u00a0<a href=\"https:\/\/www.swecyclingonline.se\/\">swecyclingonline.se<\/a>\u00a0(IndTa) under maj och juni, b\u00f6r omg\u00e5ende kontakta f\u00f6rbundet via\u00a0kanslimejlen\u00a0<a href=\"mailto:kansli@scf.se\">kansli@scf.se<\/a>\u00a0f\u00f6r v\u00e4gledning. <a href=\"https:\/\/scf.se\/forbundet\/information-till-tavlingsarrangorer-som-drabbats-av-scf-tavlingsstopp\/\">L\u00c4S MER<\/a><\/p>\n<hr \/>\n<p><span style=\"font-size: 20px;font-weight: bold\">Ans\u00f6kan om kompensationsst\u00f6d f\u00f6r corona \u00f6ppnar 1 maj<\/span><\/p>\n<header class=\"entry-header\">\n<p class=\"entry-title\">2020-04-28 Under perioden 1\u201315 maj kan idrottsf\u00f6reningar ans\u00f6ka om kompensationsst\u00f6d f\u00f6r ekonomiska konsekvenser av\u00a0coronakrisen. Ans\u00f6kan hanteras av RF och g\u00f6rs via IdrottOnline under fliken Idrottsmedel.\u00a0F\u00f6r att f\u00f6reningar ska kunna s\u00f6ka kompensation m\u00e5ste den totala f\u00f6rlusten vara p\u00e5 minst 15 000 kronor under perioden 12 mars \u2013 30 juni. <a href=\"https:\/\/scf.se\/forbundet\/ansokan-om-kompensationsstod-for-corona-oppnar-1-maj\/\">L\u00c4S MER<\/a><\/p>\n<\/header>\n<hr \/>\n<h3>F\u00f6rbundsstyrelsen f\u00f6rl\u00e4nger t\u00e4vlingsf\u00f6rbud till 31 maj 2020<\/h3>\n<p>2020-04-20 Svenska Cykelf\u00f6rbundets styrelse har beslutat att f\u00f6rl\u00e4nga st\u00e4ngningen av den nationella t\u00e4vlingsverksamheten i ytterligare en m\u00e5nad. Det inneb\u00e4r att det fortsatt r\u00e5der totalt t\u00e4vlingsstopp f\u00f6r alla typer av nationella cykelt\u00e4vlingar, samt stopp f\u00f6r klubb- och distriktst\u00e4vlingar till och med den 31 maj. Restriktionerna g\u00e4ller \u00e4ven landslagssammankomster och l\u00e4ger i landslagsregi.<br \/>\nStyrelsen \u00e5terkommer med besked om tiden efter 31 maj senast den 20 maj 2020. <a href=\"https:\/\/scf.se\/forbundet\/covid-19-fortsatt-nationellt-tavlingsstopp-till-31-maj-2020\/\">L\u00c4S MER<\/a><\/p>\n<hr \/>\n<h3>Har du fr\u00e5gor om corona-epidemin och cykel?<\/h3>\n<p>Missa inte v\u00e5r sida<a href=\"https:\/\/scf.se\/forbundet\/vanliga-fragor-om-coronaviruset-och-cykling\/\"> Vanliga fr\u00e5gor och svar om corona och cykling<\/a>.\u00a0Vi fyller p\u00e5 med fr\u00e5gor och svar i takt med att det kommer nya.<\/p>\n<hr \/>\n<h3><strong>V\u00e4tternrundan 2020 st\u00e4lls in<\/strong><\/h3>\n<p>(2020-04-02) Det st\u00e5r klart efter att V\u00e4tternrundans ledning och styrelse har utrett alla t\u00e4nkbara alternativ.<br \/>\n<a href=\"https:\/\/vatternrundan.se\/sv\/2020\/04\/02\/vatternrundan-2020-stalls-in\/\">L\u00e4s mer om V\u00e4tternrundans beslut h\u00e4r.<\/a><\/p>\n<hr \/>\n<h3><strong>UCI s<\/strong><strong>t\u00e4ller in den internationella t\u00e4vlingss\u00e4songen till oc<\/strong><strong>h med den 1 juni\u00a0<\/strong><\/h3>\n<p>(2020-04-01) UCI f\u00f6rl\u00e4nger t\u00e4vlingsf\u00f6rbudet till 1 juni 2020. Det beslutades under ett m\u00f6te med Internationella cykelunionens olika representanter den 1 april. Beslutet g\u00e4ller alla grenar i UCI:s t\u00e4vlingskalender.\u00a0<a href=\"https:\/\/scf.se\/forbundet\/wp-content\/uploads\/sites\/9\/2020\/04\/PRESS-RELEASE-The-UCI-prolongs-the-suspension-of-cycling-events-until-1-June-2020-and-continues-consultations-for-the-reorganisation-of-the-UCI-International-Road-Calendar.pdf\">H\u00e4r kan ni l\u00e4sa pressmeddelandet fr\u00e5n UCI.<\/a><br \/>\nSvenska Cykelf\u00f6rbundets styrelse \u00e5terkommer med besked om ytterligare restriktioner i den nationella t\u00e4vlingsverksamheten senast den 20 april.<\/p>\n<hr \/>\n<h2><strong>Sverige f\u00f6rbjuder sammankomster med fler \u00e4n 50 personer<\/strong><\/h2>\n<p>(2020-03-27)\u00a0Regeringen har tagit beslut om ett f\u00f6rbud mot allm\u00e4nna sammankomster med fler \u00e4n 50 personer. Syftet med f\u00f6rbudet \u00e4r att minska takten p\u00e5 smittspridningen av coronaviruset i samh\u00e4llet.\u00a0F\u00f6rbudet tr\u00e4der i kraft s\u00f6ndagen den 29 mars och g\u00e4ller tills vidare.<br \/>\n<a href=\"https:\/\/www.regeringen.se\/artiklar\/2020\/03\/andring-i-forordning-om-forbud-mot-att-halla-allmanna-sammankomster-och-offentliga-tillstallningar\/\">H\u00e4r kan du l\u00e4sa regeringens beslut i sin helhet<\/a>.<br \/>\nSvenska Cykelf\u00f6rbundet har sedan tidigare st\u00e4llt in t\u00e4vlingsverksamheten under mars och april med undantag f\u00f6r klubb- och distriktst\u00e4vlingar. Med anledning av regeringens besked avr\u00e5der vi nu klubbar och distrikt fr\u00e5n att arrangera t\u00e4vlingar p\u00e5 distrikts- och klubbniv\u00e5. T\u00e4nk \u00e4ven p\u00e5 att en \u00f6vertr\u00e4delse av f\u00f6rbudet kan medf\u00f6ra b\u00f6ter eller f\u00e4ngelse f\u00f6r ansvarig arrang\u00f6r.<br \/>\nEnligt polisens definition \u00e4r ett idrottsevenemang att anse som en offentlig tillst\u00e4llning och omfattas d\u00e4rf\u00f6r av best\u00e4mmelserna i den nya f\u00f6rordningen och deltagarantalet f\u00e5r inte \u00f6verstiga 50 personer.\u00a0\u00a0<a href=\"https:\/\/polisen.se\/aktuellt\/nyheter\/2020\/mars\/ytterligare-begransade-mojligheter-till-allmanna-sammankomster-och-tillstallningar\/\">L\u00e4s mer p\u00e5 polisens hemsida.<\/a><\/p>\n<hr \/>\n<h2>OS och Paralympics flyttas till 2021<\/h2>\n<p>(2020-03-24) Internationella Olympiska Kommitt\u00e9n (IOK) hade under tisdagen m\u00f6ten med japanska myndigheter och organisationskommitt\u00e9n f\u00f6r spelen i Tokyo. D\u00e5 togs beslutet att flytta spelen fr\u00e5n start juli 2020 till att arrangeras senast under sommaren 2021. Sveriges Olympiska kommitt\u00e9 v\u00e4lkomnar beskedet. \u00c4ven Internationella Paralympiska kommitt\u00e9n (IPC) har beslutat att skjuta fram spelen i Tokyo.\u00a0<a href=\"https:\/\/scf.se\/forbundet\/os-i-tokyo-flyttas-till-2021-ett-bra-beslut-och-ett-klokt\/\">L\u00e4s mer om IOK:s beslut<\/a><\/p>\n<hr \/>\n<h2>Idrotta g\u00e4rna men g\u00f6r det s\u00e4kert<\/h2>\n<p>(2020-03-24) Folkh\u00e4lsomyndigheten har i dialog med bland annat Riksidrottsf\u00f6rbundet, uppdaterat r\u00e5d och rekommendationer som kan underl\u00e4tta f\u00f6r dem som ansvarar f\u00f6r idrotts- och tr\u00e4ningsaktiviteter.\u00a0Fysisk aktivitet \u00e4r bra f\u00f6r folkh\u00e4lsan, idrott och tr\u00e4ning ska d\u00e4rf\u00f6r forts\u00e4tta, anser Folkh\u00e4lsomyndigheten. Tr\u00e4ningar, matcher eller lokala cuper beh\u00f6ver inte st\u00e4llas in med anledning av epidemin.\u00a0<a href=\"https:\/\/www.folkhalsomyndigheten.se\/nyheter-och-press\/nyhetsarkiv\/2020\/mars\/trana-garna-men-gor-det-sakert\/?fbclid=IwAR36Ldu3T7vS47mvRL2DeO31jgRcSn6c4hJk9prSVFKvjPy8clN94a9-fVE\">H\u00e4r kommer du direkt till sidan.<\/a><\/p>\n<p><strong>Folkh\u00e4lsomyndighetens rekommendationer vid tr\u00e4ning<\/strong><\/p>\n<ul>\n<li>Den som \u00e4r sjuk, \u00e4ven med milda symtom, ska inte delta i aktiviteter alls, utan stanna hemma till och med tv\u00e5 dagar efter tillfrisknande. Insjuknar man under idrottsaktivitet ska man g\u00e5 hem direkt.<\/li>\n<li>Personer \u00f6ver 70 \u00e5r ska inte delta i gruppaktiviteter inomhus. Det \u00e4r viktigt f\u00f6r h\u00e4lsan att \u00e4ldre forts\u00e4tter r\u00f6ra sig, och fysisk aktivitet och promenader utomhus rekommenderas.<\/li>\n<li>Minska moment med n\u00e4rkontakt, g\u00f6r andra \u00f6vningar ist\u00e4llet.<\/li>\n<li>Dela inte vattenflaskor, munskydd och liknande som kan \u00f6verf\u00f6ra saliv.<\/li>\n<li>Se till att det finns m\u00f6jlighet till handtv\u00e4tt eller handsprit och uppmana till god handhygien.<\/li>\n<li>Undvik tr\u00e4ngsel exempelvis vid insl\u00e4pp av publik p\u00e5 l\u00e4ktare och vid f\u00f6rs\u00e4ljning.<br \/>\n<hr \/>\n<\/li>\n<\/ul>\n<h2><strong>Styrelsen uppmanar distrikten i storstadsregionerna<\/strong><\/h2>\n<p>(2020-03-23) Smittspridningen av coronaviruset \u00f6kar i storstadsregionerna Stockholm, V\u00e4stra G\u00f6taland och Sk\u00e5ne, samt i S\u00f6rmland, \u00d6sterg\u00f6tland och Uppsala l\u00e4n.Enligt tidigare beslut till\u00e5ter Svenska Cykelf\u00f6rbundets styrelse <a href=\"https:\/\/scf.se\/forbundet\/riktlinjer-for-arrangemang-av-klubb-och-distriktstavlingar-under-mars-och-april\/\">klubb- och distriktst\u00e4vlingar<\/a> under mars och april, men uppmanar nu distrikt i ovan n\u00e4mnda regioner att se \u00f6ver om ytterligare restriktioner \u00e4r n\u00f6dv\u00e4ndiga f\u00f6r att minska smittspridning vid grupptr\u00e4ning och t\u00e4vling.<br \/>\nI \u00f6vrigt g\u00e4ller <a href=\"https:\/\/www.folkhalsomyndigheten.se\/smittskydd-beredskap\/utbrott\/aktuella-utbrott\/covid-19\/information-till-arrangorer-av-evenemang\/\">Folkh\u00e4lsomyndighetens rekommendationer vid sammankomster med f\u00e4rre \u00e4n 500 personer<\/a>.<\/p>\n<h3><strong>Fr\u00e5gor och svar om coronaviruset<br \/>\n<\/strong><\/h3>\n<p>Med anledning av nya coronaviruset f\u00e5r vi just nu m\u00e5nga fr\u00e5gor fr\u00e5n arrang\u00f6rer och enskilda cyklister. Vi har d\u00e4rf\u00f6r sammanst\u00e4llt en sida med era vanligaste fr\u00e5gor och f\u00f6rs\u00f6kt besvara dem. H\u00e4r kommer ni direkt till sidan <a href=\"https:\/\/scf.se\/forbundet\/vanliga-fragor-om-coronaviruset-och-cykling\/\">Vanliga fr\u00e5gor om coronaviruset och cykling<\/a><\/p>\n<hr \/>\n<h2><strong>SCF st\u00e4nger t\u00e4vlingss\u00e4songen under mars och april <\/strong><\/h2>\n<p>(2020-03-13) Efter regeringens beslut att inte till\u00e5ta arrangemang med mer \u00e4n 500 deltagare har Svenska Cykelf\u00f6rbundets styrelse beslutat att ingen nationell t\u00e4vlingsverksamhet inom cykel f\u00e5r ske under mars och april m\u00e5nad \u2013 med undantag f\u00f6r klubbt\u00e4vlingar och distriktst\u00e4vlingar.\u00a0Beslutet \u00e4r taget den 13 mars 2020 och g\u00e4ller till och med 30 april.<\/p>\n<p><strong>Motivering till beslut<\/strong><\/p>\n<p>F\u00f6r att begr\u00e4nsa och minska smittspridning av nya coronaviruset \u00e4r styrelsens gemensamma uppfattning att resandet b\u00f6r h\u00e5llas nere, b\u00e5de inom landet och utomlands.<\/p>\n<blockquote><p>&#8211; V\u00e5r uppgift idag \u00e4r att minska spridningen, eftersom v\u00e5ra nationella cykelt\u00e4vlingar lockar deltagare fr\u00e5n hela landet ser vi i nul\u00e4get ingen annan l\u00f6sning \u00e4n att st\u00e4nga ner all t\u00e4vlingsverksamhet i Cykelsverige under mars och april, s\u00e4ger f\u00f6rbundsordf\u00f6rande Stefhan Klang.<\/p><\/blockquote>\n<p>P\u00e5 grund av det ovissa l\u00e4get rekommenderar vi \u00e4ven att arrang\u00f6rer av cykelt\u00e4vlingar i maj ser \u00f6ver alternativa datum. Senast den 20 april \u00e5terkommer styrelsen med besked om tiden efter 30 april.<\/p>\n<p><strong>Motionslopp<br \/>\n<\/strong>V\u00e5r rekommendation \u00e4r att st\u00e4lla in alla nationella motionslopp under mars och april m\u00e5nad \u2013 oavsett antal deltagare. Arrang\u00f6rer av motionslopp i maj b\u00f6r ta h\u00f6jd f\u00f6r att f\u00f6rbudet kan f\u00f6rl\u00e4ngas men inv\u00e4nta SCF:s beslut om eventuell f\u00f6rl\u00e4ngning den 20 april.<\/p>\n<p><strong>SWE Cup<br \/>\n<\/strong>Vi uppmanar arrang\u00f6rer av SWE Cup landsv\u00e4g och MTB att st\u00e4lla in, eller hitta alternativa datum f\u00f6r premi\u00e4rerna av cuperna i april. Arrang\u00f6rer av SWE Cupt\u00e4vlingar i maj b\u00f6r ta h\u00f6jd f\u00f6r att f\u00f6rbudet kan f\u00f6rl\u00e4ngas men inv\u00e4nta SCF:s beslut om eventuell f\u00f6rl\u00e4ngning den 20 april.<\/p>\n<p><strong>SM<br \/>\n<\/strong>V\u00e5r f\u00f6rhoppning \u00e4r att samtliga SM-t\u00e4vlingar ska kunna genomf\u00f6ras. SM-t\u00e4vlingar kommer dock inte att arrangeras s\u00e5 l\u00e4nge regeringens nuvarande restriktioner om sammankomster g\u00e4ller.<\/p>\n<p><strong>Landslagssammankomster<br \/>\n<\/strong>Alla landslagsl\u00e4ger och landslagsuppdrag under mars och april st\u00e4lls in. Respektive f\u00f6rbundskapten ansvarar f\u00f6r kommunikation med landslagscyklisterna oavsett gren.<\/p>\n<p><strong><a href=\"https:\/\/scf.se\/forbundet\/riktlinjer-for-arrangemang-av-klubb-och-distriktstavlingar-under-mars-och-april\/\">Klubb- och distriktst\u00e4vlingar<\/a><br \/>\n<\/strong>Vi till\u00e5ter klubbt\u00e4vlingar under mars och april, samt distriktst\u00e4vlingar, s\u00e5vida inte antalet deltagare \u00f6verstiger 500 deltagare, funktion\u00e4rer, \u00e5sk\u00e5dare tillsammans. Vi ber dock distrikten att fundera kring t\u00e4vlingar och resande.\u00a0Kan distriktet arrangera fler och mindre t\u00e4vlingar f\u00f6r att minska resandet och antalet t\u00e4vlande per t\u00e4vling?<br \/>\nVi uppmanar \u00e4ven alla arrang\u00f6rer att noga beakta de allm\u00e4nna r\u00e5d f\u00f6r minskad smittspridning som Folkh\u00e4lsomyndigheten ger\u00a0&#8211; l\u00e4s mer\u00a0<a href=\"https:\/\/www.folkhalsomyndigheten.se\/smittskydd-beredskap\/utbrott\/aktuella-utbrott\/covid-19\/\">H\u00c4R<\/a><br \/>\nUnderl\u00e4tta f\u00f6r deltagare att h\u00e5lla en god handhygien. Se till att det inte skapas t\u00e4ta folksamlingar. L\u00e5t deltagarna duscha hemma.<\/p>\n<p><strong>Tr\u00e4ning<br \/>\n<\/strong>Folkh\u00e4lsomyndigheten har betonat vikten av fortsatt fysisk aktivitet f\u00f6r att fr\u00e4mja h\u00e4lsan. I dagsl\u00e4get \u00e4r det dock sv\u00e5rt att ge generella rekommendationer kring hur tr\u00e4ningsverksamheten b\u00f6r bedrivas mer \u00e4n de allm\u00e4nna r\u00e5d som Folkh\u00e4lsomyndigheten ger. Styrelsens inst\u00e4llning \u00e4r att uppmuntra till ungdomstr\u00e4ning, s\u00e5 l\u00e4nge skolorna \u00e4r \u00f6ppna, eller till dess att regeringen kommer med andra restriktioner.<\/p>\n<hr \/>\n<p><strong>2020-03-18<a href=\"https:\/\/www.rf.se\/Nyheter\/Allanyheter\/idrottsforeningarforlorar500miljonerpainstalldaevenemang\">\u00a0Idrottsf\u00f6reningar f\u00f6rlorar 500 miljoner kronor p\u00e5 inst\u00e4llda evenemang<\/a><br \/>\n<\/strong><strong>2020-03-14\u00a0<a href=\"https:\/\/www.regeringen.se\/uds-reseinformation\/ud-avrader\/utlandsresor--avradan-for-alla-lander\/\">UD avr\u00e5der fr\u00e5n utlandsresor till alla l\u00e4nder<\/a>. Beslutet togs 14 mars och g\u00e4ller till och med 14 april.<br \/>\n<\/strong><strong>2020-03-12 Riksidrottsf\u00f6rbundet har uppr\u00e4ttat en sida med vanliga fr\u00e5gor om <a href=\"https:\/\/www.rf.se\/coronavirusetochidrottsrorelsen\/vanligafragoromcoronavirusochidrott\/\">corona och idrott<\/a><\/strong><\/p>\n<p><strong>2020-03-12 F\u00f6ljande regler g\u00e4ller oavsett idrott eller evenemang\u00a0<\/strong><\/p>\n<p>\u2022 Allm\u00e4nna sammankomster och offentliga tillst\u00e4llningar som samlar mer \u00e4n 500 personer f\u00f6rbjuds.<br \/>\n\u2022 Sammankomster 500 personer \u00e4r i idrottssammanhang deltagare, funktion\u00e4rer, \u00e5sk\u00e5dare tillsammans.<br \/>\n\u2022 Beslutet g\u00e4ller tillsvidare i hela Sverige fr\u00e5n 12 mars.<br \/>\n\u2022 Anordnare som inte f\u00f6ljer detta riskerar b\u00f6ter eller f\u00e4ngelse i upp till 6 m\u00e5nader.<br \/>\n\u2022 Redan meddelade tillst\u00e5nd kommer justeras i enlighet med beslutet.<br \/>\n\u2022 Polisen \u00e4ger r\u00e4tt att st\u00e4lla in eller uppl\u00f6sa tillst\u00e4llningar som inte f\u00f6ljer beslutet.<br \/>\n\u2022 Regeringen m\u00e5ste h\u00e4va f\u00f6rordningen den dagen som den inte l\u00e4ngre beh\u00f6vs.<\/p>\n<p><a href=\"https:\/\/www.regeringen.se\/artiklar\/2020\/03\/forordning-om-forbud-mot-att-halla-allmanna-sammankomster-och-offentliga-tillstallningar\/\">F\u00f6rordning om f\u00f6rbud mot att h\u00e5lla allm\u00e4nna sammankomster och offentliga tillst\u00e4llningar<\/a><\/p>\n<p>T\u00e4vlingss\u00e4songen \u00e4r l\u00e5ng och Svenska Cykelf\u00f6rbundet hoppas att s\u00e5 m\u00e5nga t\u00e4vlingar som m\u00f6jligt ska kunna genomf\u00f6ras nationellt s\u00e4songen 2020.<br \/>\nVi uppmanar arrang\u00f6rer att ta del av information p\u00e5 scf.se och h\u00f6ra av sig till kansli@scf.se med fr\u00e5gor och funderingar.<\/p>\n<p><strong>(Uppdaterad 2020-03-14) Folkh\u00e4lsomyndighetens rekommendationer f\u00f6r evenemang med f\u00e4rre \u00e4n 500 personer<\/strong><\/p>\n<p>Folkh\u00e4lsomyndigheten rekommenderar att alla arrang\u00f6rer g\u00f6r en riskbed\u00f6mning inf\u00f6r evenemang med f\u00e4rre \u00e4n 500 deltagare.\u00a0<a href=\"https:\/\/www.folkhalsomyndigheten.se\/smittskydd-beredskap\/utbrott\/aktuella-utbrott\/covid-19\/information-till-arrangorer-av-evenemang\/\">Riskbed\u00f6mning av evenemang och sammankomster med anledning av covid-19<\/a><br \/>\nFolkh\u00e4lsomyndigheten rekommenderar ocks\u00e5 digitala m\u00f6ten eller webbseminarier som alternativ f\u00f6r fysiska m\u00f6ten. Vid alla evenemang b\u00f6r arrang\u00f6ren vara extra noga med att personer med symtom inte deltar och att bra m\u00f6jligheter till en god handhygien finns.<\/p>\n<p><strong>(20-03-04) Reserekommendationer<\/strong><\/p>\n<p>H\u00e4r f\u00f6ljer generella r\u00e5d och riktlinjer som cyklister kan ta hj\u00e4lp av inf\u00f6r och under resa utomlands. Vi v\u00e4nder oss b\u00e5de till enskilda cyklister som \u00e4r i st\u00e5nd att resa utomlands f\u00f6r att cykla, samt cyklister och annan personal som ska resa i landslagssammanhang. Svenska Cykelf\u00f6rbundet har tidigare skrivit om att<a href=\"https:\/\/scf.se\/mountainbike\/mountainbikelandslaget-staller-in-italienresa-pa-grund-av-coronaviruset\/\"> landslaget MTB-XCO st\u00e4llt in kommande l\u00e4ger och t\u00e4vlingar i Italien<\/a>. \u00c4ven BMX-landslaget har beslutat att st\u00e4lla in ett inplanerat l\u00e4ger i norra Italien. Vi har skickat ut s\u00e4rskild information till f\u00f6rbundskaptener och tj\u00e4nstem\u00e4n anst\u00e4llda av f\u00f6rbundet. L\u00e4ngre ner kan ni ta del av UCI:s dokument r\u00f6rande internationella t\u00e4vlingar.<\/p>\n<p><strong>Checklista innan resa<\/strong><\/p>\n<ul>\n<li>Ta reda p\u00e5 om resm\u00e5let \u00e4r ett omr\u00e5de som betraktas som<strong> riskomr\u00e5de<\/strong>.<\/li>\n<li>F\u00f6rlita er inte bara p\u00e5 UD:s reserekommendationer. <del>Norra Italien \u00e4r exempelvis inte ett h\u00f6griskomr\u00e5de enligt UD. Trots det har flygbolag som SAS stoppat alla flyg till och fr\u00e5n norra Italien mellan 4\u201316 mars. Skolor har st\u00e4ngt, r\u00f6da zoner har inr\u00e4ttats, med mer.<\/del> <strong>Uppdatering 2020-03-06<\/strong>:\u00a0UD avr\u00e5der fr\u00e5n icke-n\u00f6dv\u00e4ndiga\u00a0resor till regioner norra Italien och Sydkorea.<\/li>\n<li>Fr\u00e5n och med 3 mars 2020 inf\u00f6r SCF en karant\u00e4n p\u00e5 14 dagar f\u00f6r personal som varit i norra Italien och andra riskomr\u00e5den <strong>efter rekommendation fr\u00e5n RF<\/strong>. Ta reda p\u00e5 vad din skola eller arbetsplats har f\u00f6r rutiner g\u00e4llande coronaviruset och karant\u00e4n.<\/li>\n<li>Se \u00f6ver ditt reseskydd. De flesta f\u00f6rs\u00e4kringsbolagens reseskydd g\u00e4ller <strong>inte<\/strong> vid karant\u00e4n och inst\u00e4llda flyg till f\u00f6ljd av coronaviruset.<\/li>\n<li>Reseskyddet t\u00e4cker <strong>inte <\/strong>alltid\u00a0kostnader som uppst\u00e5r i samband med att ett enskilt land inf\u00f6r restriktioner \u2013 s\u00e5vida det inte st\u00e5r med p\u00e5 UD:s avr\u00e5danlista.<\/li>\n<li>Coronaviruset orsakar sjukdomen covid-19 som numera \u00e4r klassad som samh\u00e4llsfarlig. D\u00e4rf\u00f6r kan smittskyddsl\u00e4kare ta beslutet att s\u00e4tta \u00e4ven friska personer i karant\u00e4n.<\/li>\n<\/ul>\n<p><strong>Informationsplikt innan resa<\/strong><\/p>\n<ul>\n<li>I samband med landslagsuppdrag ska cyklister informeras om ovanst\u00e5ende risker f\u00f6r att kunna fatta ett eget beslut om deltagande.<\/li>\n<li>\u00c4r personen under 18 \u00e5r ska \u00e4ven v\u00e5rdnadshavare informeras om risker innan avresa.<\/li>\n<\/ul>\n<p><strong>Rekommendationer i samband med resor<\/strong><\/p>\n<ul>\n<li>Om m\u00f6jligt boka bara avbokningsbara boenden och resebiljetter, f\u00f6r att undvika stora extrautgifter.<\/li>\n<li>Undvik hotell. Boka eget boende i m\u00f6jligaste m\u00e5n.<\/li>\n<li>F\u00f6r g\u00e4rna dagbok \u00f6ver vilka platser du befunnit dig p\u00e5.<\/li>\n<li>I nul\u00e4get vet vi att coronaviruset sprids genom kontakt mellan m\u00e4nniskor, eller genom hostningar och nysningar, s\u00e5 kallad droppsmitta.<\/li>\n<li>F\u00f6rs\u00f6k d\u00e4rf\u00f6r begr\u00e4nsa bes\u00f6k i folkmassor.<\/li>\n<li>Undvik att h\u00e4lsa p\u00e5 andra genom handslag (eller kindpussar)<\/li>\n<li>Undvik att ta i ansiktet eller i \u00f6gonen.<\/li>\n<li>Tv\u00e4tta h\u00e4nderna ofta med tv\u00e5l och vatten.<\/li>\n<li>Anv\u00e4nd handsprit om det inte finns m\u00f6jlighet att tv\u00e4tta h\u00e4nderna.<\/li>\n<li>Nys och hosta i armvecket eller i en pappersservett.<\/li>\n<\/ul>\n<p><strong>Om sjukdom intr\u00e4ffar i samband med, eller efter resa<\/strong><\/p>\n<h3>Fr\u00e5gor om corona ring 11313<\/h3>\n<ul>\n<li>Ring 1177 om du eller annan person uppvisar luftv\u00e4gssymtom som hosta, andningssv\u00e5righeter eller feber.<\/li>\n<li>Har du fr\u00e5gor om coronaviruset kan du dygnet runt ringa 11313 som \u00e4r det nationella informationsnumret.<\/li>\n<li>L\u00e4s mer: <a href=\"https:\/\/www.folkhalsomyndigheten.se\/smittskydd-beredskap\/utbrott\/aktuella-utbrott\/covid-19\/fragor-och-svar\/\">https:\/\/www.folkhalsomyndigheten.se\/smittskydd-beredskap\/utbrott\/aktuella-utbrott\/covid-19\/fragor-och-svar\/<\/a><\/li>\n<li>L\u00e4s mer:\u00a0<a href=\"https:\/\/www.regeringen.se\/artiklar\/2020\/03\/information-om-uds-arbete-med-anledning-av-coronaviruset\/\">UD<\/a><\/li>\n<li>L\u00e4s mer:\u00a0<a href=\"https:\/\/www.who.int\/emergencies\/diseases\/novel-coronavirus-2019\/situation-reports\">WHO<\/a><\/li>\n<\/ul>\n<p><strong>Pressmeddelanden fr\u00e5n UCI g\u00e4llande COVID-19 och internationella cykelt\u00e4vlingar\u00a0<\/strong><\/p>\n<ul>\n<li><a href=\"https:\/\/scf.se\/forbundet\/wp-content\/uploads\/sites\/9\/2020\/03\/PRESS-RELEASE-Impact-of-the-coronavirus-on-the-UCI-International-Calendar-002.pdf\">2020-03-04<\/a>\u00a0Pressrelease g\u00e4llande nya coronaviruset fr\u00e5n UCI<\/li>\n<li><a href=\"https:\/\/scf.se\/forbundet\/wp-content\/uploads\/sites\/9\/2020\/03\/Letter-to-Organisers-of-events-on-UCI-International-Calendar_06Mar2020.pdf\">2020-03-09<\/a> Riktlinjer f\u00f6r arrang\u00f6rer av UCI-lopp med anledning av covid-19<\/li>\n<li><a href=\"https:\/\/scf.se\/forbundet\/wp-content\/uploads\/sites\/9\/2020\/03\/PRESS-RELEASE-2020-Mercedes-Benz-UCI-Mountain-Bike-World-Cup-postponement-of-round-in-Lousa-Portugal.pdf\">2020-03-11<\/a> UCI\u00a0Mountain Bike World Cup i\u00a0Lous\u00e3, Portugal den 21-22 mars st\u00e4lls in<\/li>\n<li><a href=\"https:\/\/scf.se\/forbundet\/wp-content\/uploads\/sites\/9\/2020\/03\/PRESS-RELEASE-The-UCI-and-its-partners-unite-to-face-the-consequences-of-the-coronavirus-for-road-cycling.pdf\">2020-03-18<\/a> UCI stryker alla landsv\u00e4gst\u00e4vlingar mars april &#8211; t\u00e4vlingss\u00e4songen kan f\u00f6rl\u00e4ngas till 1 november.<\/li>\n<li><a href=\"https:\/\/scf.se\/forbundet\/wp-content\/uploads\/sites\/9\/2020\/03\/2020_UEC_calendar_18.03.2020.pdf\">2020-03-18<\/a>\u00a0Pressmeddelande om UCE-kalendern. MTB-EM flyttas. \u00c4ven BMX-cupen f\u00f6rskjuts.<\/li>\n<li><a href=\"https:\/\/www.uci.org\/inside-uci\/press-releases\/2020-mercedes-benz-uci-mountain-bike-world-cup-maribor-(slovenia)-postponed-losinj-(croatia)-cancelled\">2020-03-20<\/a>\u00a0V\u00e4rldscup-t\u00e4vlingar i MTB \u00e4r inst\u00e4llda<\/li>\n<li><a href=\"https:\/\/scf.se\/forbundet\/wp-content\/uploads\/sites\/9\/2020\/03\/PRESS-RELEASE-The-2020-UCI-BMX-World-Championships-in-Houston-United-States-postponed.pdf\">2020-03-23<\/a> UCI BMX World Championships i\u00a0Houston skjuts upp<\/li>\n<li><a href=\"https:\/\/www.uci.org\/inside-uci\/press-releases\/2020-mercedes-benz-uci-mountain-bike-world-cup-nove-mesto-na-morave-(czech-republic)-postponed-fort-william-(great-britain)-cancelled\">2020-03-24<\/a> Senaste nytt om Mercedes-Benz UCI Mountain Bike World Cup<\/li>\n<li><a href=\"https:\/\/sok.se\/pressmeddelanden\/2020-03-24-os-i-tokyo-flyttas-fram.html\">2020-03-24<\/a> OS i Tokyo flyttas fram till senast 2021<\/li>\n<li><a href=\"https:\/\/www.paralympic.org\/news\/ipc-reaction-tokyo-2020-paralympic-games-postponed\">2020-03-24<\/a>\u00a0Paralympics 2020 flyttas fram<\/li>\n<li><a href=\"https:\/\/scf.se\/forbundet\/wp-content\/uploads\/sites\/9\/2020\/03\/PRESS-RELEASE-UCI-statement-concerning-the-postponement-of-the-Tokyo-2020-Olympic-and-Paralympic-Games-and-the-resumption-of-the-cycling-season.pdf\">2020-03-24<\/a> UCI kommenterar framskjutningen av OS i Tokyo<\/li>\n<li><a href=\"https:\/\/scf.se\/forbundet\/wp-content\/uploads\/sites\/9\/2020\/03\/2020-UCI-BMX-Supercross-World-Cup-round-in-Rock-Hill-United-States-postponed-_-EN-FR.docx\">2020-03-26<\/a>\u00a0UCI BMX Supercross World Cup i Rock Hill, USA skjuts fram.<\/li>\n<li><a href=\"https:\/\/scf.se\/forbundet\/wp-content\/uploads\/sites\/9\/2020\/04\/PRESS-RELEASE-The-UCI-prolongs-the-suspension-of-cycling-events-until-1-June-2020-and-continues-consultations-for-the-reorganisation-of-the-UCI-International-Road-Calendar.pdf\">2020-04-01<\/a> UCI st\u00e4ller in t\u00e4vlingss\u00e4songen\u00a0 till och med 1 juni. G\u00e4ller alla grenar.<\/li>\n<\/ul>\n<p>Om ni har fr\u00e5gor kring resor utomlands, eller andra fr\u00e5gor r\u00f6rande coronaviruset h\u00f6r g\u00e4rna av er till <a href=\"mailto:kansli@scf.se\">kansli@scf.se<\/a> s\u00e5 hj\u00e4lper vi till!<\/p>\n<a href=\"https:\/\/scf.se\/forbundet\/wp-content\/uploads\/sites\/9\/2020\/03\/coronan.jpg\"><img loading=\"lazy\" decoding=\"async\" class=\"alignnone size-post-small wp-image-4058\" src=\"https:\/\/scf.se\/forbundet\/wp-content\/uploads\/sites\/9\/2020\/03\/coronan-740x462.jpg\" alt=\"\" width=\"740\" height=\"462\" \/><\/a>\n<p>&nbsp;<\/p>\n","protected":false},"excerpt":{"rendered":"<p>H\u00e4r uppdaterar vi l\u00f6pande information om coronaviruset (COVID-19) och hur utvecklingen och myndighetsbeslut p\u00e5verkar Svenska Cykelf\u00f6rbundets verksamhet, medlemmar, landslag och t\u00e4vlingsarrang\u00f6rer. 2021-04-01: Svenska Cykelf\u00f6rbundets styrelse har beslutat att h\u00e4va det generella t\u00e4vlingsf\u00f6rbudet fr\u00e5n och med 1 april 2021. Styrelsen har i st\u00e4llet beslutat att SCF:s verksamhet ska f\u00f6lja svensk pandemilag och r\u00e5dande begr\u00e4nsningsf\u00f6rordning, och<a href=\"https:\/\/scf.se\/forbundet\/riktlinjer-for-cyklister-och-tavlingsarrangorer\/\" class=\"news-card__more\"> &#8230;<\/a><\/p>\n","protected":false},"author":34,"featured_media":4354,"comment_status":"open","ping_status":"open","sticky":false,"template":"","format":"standard","meta":{"_acf_changed":false,"footnotes":""},"categories":[1],"tags":[],"class_list":["post-4057","post","type-post","status-publish","format-standard","hentry","category-forbundet"],"acf":[],"_links":{"self":[{"href":"https:\/\/scf.se\/forbundet\/wp-json\/wp\/v2\/posts\/4057","targetHints":{"allow":["GET"]}}],"collection":[{"href":"https:\/\/scf.se\/forbundet\/wp-json\/wp\/v2\/posts"}],"about":[{"href":"https:\/\/scf.se\/forbundet\/wp-json\/wp\/v2\/types\/post"}],"author":[{"embeddable":true,"href":"https:\/\/scf.se\/forbundet\/wp-json\/wp\/v2\/users\/34"}],"replies":[{"embeddable":true,"href":"https:\/\/scf.se\/forbundet\/wp-json\/wp\/v2\/comments?post=4057"}],"version-history":[{"count":0,"href":"https:\/\/scf.se\/forbundet\/wp-json\/wp\/v2\/posts\/4057\/revisions"}],"wp:featuredmedia":[{"embeddable":true,"href":"https:\/\/scf.se\/forbundet\/wp-json\/wp\/v2\/media\/4354"}],"wp:attachment":[{"href":"https:\/\/scf.se\/forbundet\/wp-json\/wp\/v2\/media?parent=4057"}],"wp:term":[{"taxonomy":"category","embeddable":true,"href":"https:\/\/scf.se\/forbundet\/wp-json\/wp\/v2\/categories?post=4057"},{"taxonomy":"post_tag","embeddable":true,"href":"https:\/\/scf.se\/forbundet\/wp-json\/wp\/v2\/tags?post=4057"}],"curies":[{"name":"wp","href":"https:\/\/api.w.org\/{rel}","templated":true}]}}