
{"id":4053,"date":"2020-03-02T10:16:34","date_gmt":"2020-03-02T09:16:34","guid":{"rendered":"http:\/\/scf.se\/forbundet\/?p=4053"},"modified":"2020-04-03T08:31:16","modified_gmt":"2020-04-03T06:31:16","slug":"idrottslyftet-blir-projektstod-if-nytt-stod-till-klubbar-med-barn-och-ungdomsverksamhet","status":"publish","type":"post","link":"https:\/\/scf.se\/forbundet\/idrottslyftet-blir-projektstod-if-nytt-stod-till-klubbar-med-barn-och-ungdomsverksamhet\/","title":{"rendered":"Idrottslyftet blir Projektst\u00f6d IF &#8211; nytt st\u00f6d till klubbar med barn-och ungdomsverksamhet"},"content":{"rendered":"<p>Vid \u00e5rsskiftet 2019 gick Idrottslyftet i sin tidigare form i \u201dgraven\u201d. Ist\u00e4llet finns nu Projektst\u00f6d IF \u2013 barn och ungdomsidrott. Projektst\u00f6d inom barn- och ungdomsidrott syftar till att skapa f\u00f6ruts\u00e4ttningar f\u00f6r idrottsf\u00f6reningar att utveckla sin barn- och ungdomsidrott i enlighet med <a href=\"https:\/\/www.strategi2025.se\/\">RF:s\u00a0Strategi 2025.<\/a><\/p>\n<p>F\u00f6reningar anslutna till Svenska Cykelf\u00f6rbundet kommer kan s\u00f6ka projektst\u00f6d inom tv\u00e5 omr\u00e5den med den nya st\u00f6dformen.<\/p>\n<p><strong>Omr\u00e5de 1<\/strong>\u00a0\u201dF\u00e5 fler ungdomar att stanna kvar i den organiserade idrotten\u201d.<br \/>\nF\u00f6r detta omr\u00e5de g\u00e4ller f\u00f6ljande inriktningar:<br \/>\n\u2013 utveckla eller implementera nya tr\u00e4nings- och t\u00e4vlingsformer f\u00f6r m\u00e5lgruppen.<br \/>\n\u2013 anpassa idrottsytor och k\u00f6pa in material som s\u00e4rskilt g\u00f6r att m\u00e5lgruppen forts\u00e4tter idrotta.<br \/>\n\u2013 utveckla f\u00f6reningsmilj\u00f6n s\u00e5 att m\u00e5lgruppen upplever den som trygg, v\u00e4lkomnande och inkluderande.<\/p>\n<p><strong>Omr\u00e5de 2\u00a0<\/strong>\u201dUtbildade barn- och ungdomsledare i IF\u201d<br \/>\n\u2013 H\u00e4r kan man s\u00f6ka st\u00f6d f\u00f6r idrottsspecifika utbildningar vilket inneb\u00e4r aktivitetsledarutbildningar inom ramen f\u00f6r SF:s egna utbildningsstruktur.<\/p>\n<p><strong>Omr\u00e5de 4<\/strong> &#8221;Bibeh\u00e5llen verksamhet under tiden f\u00f6r restriktioner p\u00e5 grund av corona.<br \/>\n\u2013 Insatser som underl\u00e4ttar fortsatt barn-och ungdomsverksamhet under coronakrisen.<br \/>\n<em>Riktlinjerna \u00e4r i dagsl\u00e4get inte fastst\u00e4llda av Riksidrottsf\u00f6rbundet<\/em>.\u00a0<em>St\u00f6det kommer att g\u00e5 att s\u00f6ka tidigast fr\u00e5n vecka 15<\/em><\/p>\n<p><strong>Ans\u00f6kningsperiod 1 mars \u2013 1 oktober 2020<\/strong><br \/>\nAktiviteten ska vara en planerad aktivitet och genomf\u00f6ras under 2020.\u00a0Medel kan inte s\u00f6kas i efterhand, n\u00e4r aktiviteten redan \u00e4r genomf\u00f6rd. (Undantag: SCF utbildningar med IL-medel, genomf\u00f6rda 20-01-01-20-03-01).<\/p>\n<p>Maxbeloppet per f\u00f6rening \u00e4r 30 000 kronor. Beloppet kan f\u00f6rdelas p\u00e5 en eller flera ans\u00f6kningar under ans\u00f6kningsperioden.<\/p>\n<p><strong>Hur ans\u00f6ker man?<\/strong><br \/>\nAns\u00f6kningar g\u00f6rs genom att fylla i och skicka in en ans\u00f6kan via IdrottOnline, formul\u00e4r f\u00f6r ans\u00f6kan finns tillg\u00e4nglig\u00a0<strong>from 1 mars 2020<\/strong>\u00a0under fliken \u201dIdrottsmedel\u201d. F\u00f6reningens Ordf\u00f6rande, Kass\u00f6r och Idrottslyftsansvarig \u00e4r beh\u00f6riga att skicka in ans\u00f6kan.<\/p>\n<p><strong>F\u00f6rening kan ans\u00f6ka om nedan villkor uppfylls:<\/strong><br \/>\n\u2013 SCF-ansluten f\u00f6rening<br \/>\n\u2013 Bedriver ungdomsverksamhet<br \/>\n\u2013 Redovisar LOK-st\u00f6d<br \/>\n\u2013 Projektet \u00e4r cykelrelaterat<\/p>\n<p><strong>Ans\u00f6kan ska inneh\u00e5lla:<\/strong><br \/>\n\u2013 Syfte med projektet<br \/>\n\u2013 Motivering<br \/>\n\u2013 Ans\u00f6kt belopp*<br \/>\n\u2013\u00a0Projektbudget<br \/>\n\u2013 Genomf\u00f6randeperiod<\/p>\n<p><em>*F\u00f6r st\u00f6rre projekt kan 50% av maxbeloppet p\u00e5 30 000 kronor betalas ut vid godk\u00e4nd ans\u00f6kan, resterande belopp betalas ut n\u00e4r projektet har genomf\u00f6rts och \u00e5terrapporterats\u00a0<\/em><\/p>\n<p>Via RF kan klubbar \u00e4ven s\u00f6ka st\u00f6d till anl\u00e4ggningar och idrottsytor. Men \u00e4ven till Individuell t\u00e4vlings- och tr\u00e4ningsutrustning som ink\u00f6p av exempelvis cyklar. SCF administrerar allts\u00e5\u00a0<strong>inte<\/strong> detta st\u00f6d. L\u00e4s mer om <a href=\"https:\/\/www.rf.se\/globalassets\/riksidrottsforbundet\/nya-dokument\/mediearkiv\/bidrag-och-stod\/tilldelade-stod\/regelverk\/foreskrifter-for-rfs-stod-till-anlaggningar-och-idrottsmiljoer-2020-2021.pdf?w=900&amp;h=900\">Projektst\u00f6d IF Anl\u00e4ggning.<\/a><\/p>\n<a href=\"https:\/\/scf.se\/forbundet\/wp-content\/uploads\/sites\/9\/2020\/03\/cykelbild.jpg\"><img loading=\"lazy\" decoding=\"async\" class=\"alignnone size-post-small wp-image-4054\" src=\"https:\/\/scf.se\/forbundet\/wp-content\/uploads\/sites\/9\/2020\/03\/cykelbild-726x462.jpg\" alt=\"\" width=\"726\" height=\"462\" \/><\/a>\n<p>&nbsp;<\/p>\n<p>&nbsp;<\/p>\n","protected":false},"excerpt":{"rendered":"<p>Vid \u00e5rsskiftet 2019 gick Idrottslyftet i sin tidigare form i \u201dgraven\u201d. Ist\u00e4llet finns nu Projektst\u00f6d IF \u2013 barn och ungdomsidrott. Projektst\u00f6d inom barn- och ungdomsidrott syftar till att skapa f\u00f6ruts\u00e4ttningar f\u00f6r idrottsf\u00f6reningar att utveckla sin barn- och ungdomsidrott i enlighet med RF:s\u00a0Strategi 2025. F\u00f6reningar anslutna till Svenska Cykelf\u00f6rbundet kommer kan s\u00f6ka projektst\u00f6d inom tv\u00e5<a href=\"https:\/\/scf.se\/forbundet\/idrottslyftet-blir-projektstod-if-nytt-stod-till-klubbar-med-barn-och-ungdomsverksamhet\/\" class=\"news-card__more\"> &#8230;<\/a><\/p>\n","protected":false},"author":34,"featured_media":0,"comment_status":"open","ping_status":"open","sticky":false,"template":"","format":"standard","meta":{"_acf_changed":false,"footnotes":""},"categories":[1],"tags":[],"class_list":["post-4053","post","type-post","status-publish","format-standard","hentry","category-forbundet"],"acf":[],"_links":{"self":[{"href":"https:\/\/scf.se\/forbundet\/wp-json\/wp\/v2\/posts\/4053","targetHints":{"allow":["GET"]}}],"collection":[{"href":"https:\/\/scf.se\/forbundet\/wp-json\/wp\/v2\/posts"}],"about":[{"href":"https:\/\/scf.se\/forbundet\/wp-json\/wp\/v2\/types\/post"}],"author":[{"embeddable":true,"href":"https:\/\/scf.se\/forbundet\/wp-json\/wp\/v2\/users\/34"}],"replies":[{"embeddable":true,"href":"https:\/\/scf.se\/forbundet\/wp-json\/wp\/v2\/comments?post=4053"}],"version-history":[{"count":0,"href":"https:\/\/scf.se\/forbundet\/wp-json\/wp\/v2\/posts\/4053\/revisions"}],"wp:attachment":[{"href":"https:\/\/scf.se\/forbundet\/wp-json\/wp\/v2\/media?parent=4053"}],"wp:term":[{"taxonomy":"category","embeddable":true,"href":"https:\/\/scf.se\/forbundet\/wp-json\/wp\/v2\/categories?post=4053"},{"taxonomy":"post_tag","embeddable":true,"href":"https:\/\/scf.se\/forbundet\/wp-json\/wp\/v2\/tags?post=4053"}],"curies":[{"name":"wp","href":"https:\/\/api.w.org\/{rel}","templated":true}]}}