
{"id":3972,"date":"2020-01-04T21:50:05","date_gmt":"2020-01-04T20:50:05","guid":{"rendered":"http:\/\/scf.se\/forbundet\/?p=3972"},"modified":"2020-01-05T02:14:06","modified_gmt":"2020-01-05T01:14:06","slug":"till-minne-av-hans-jonsson-lamnar-ett-stort-tomrum-efter-sig","status":"publish","type":"post","link":"https:\/\/scf.se\/forbundet\/till-minne-av-hans-jonsson-lamnar-ett-stort-tomrum-efter-sig\/","title":{"rendered":"Till minne av Hans J\u00f6nsson: &#8221;Han l\u00e4mnar ett stort tomrum efter sig&#8221;"},"content":{"rendered":"<p>Cykel-Sverige har sorg. P\u00e5 julafton avled Hans J\u00f6nsson efter en kort tids sjukdom. Hans var en framst\u00e5ende cyklist med JSM-guld 1975, men kommer mest att kommas ih\u00e5g, som Sveriges fr\u00e4msta cykelarrang\u00f6r.<br \/>\nSedan slutet av 1900-talet har Hans funnits med i t\u00e4vlingsledningen i V\u00e5rg\u00e5rda CK, som arrangerat SM, internationella h\u00f6gklassiga t\u00e4vlingar och under en l\u00e5ng period p\u00e5 t\u00e4vlingar p\u00e5 h\u00f6gsta niv\u00e5 f\u00f6r damerna med World Cup och World Tour. Hans har ocks\u00e5 under m\u00e5nga \u00e5r varit ordf\u00f6rande i V\u00e5rg\u00e5rda CK.<br \/>\nMed sitt lugn och sin trygghet skapade Hans en fantastisk st\u00e4mning i funktion\u00e4rsk\u00e5ren f\u00f6r dessa stora t\u00e4vlingar.<br \/>\nHans f\u00f6rm\u00e5ga att leda en ideell t\u00e4vlingsorganisation, gav till resultat att t\u00e4vlingarna fick h\u00f6gsta betyg av UCI och de deltagande lagen.<br \/>\nHans J\u00f6nsson l\u00e4mnar ett stort tomrum efter sig, men hans h\u00f6gsta \u00f6nskan var in i det sista att damernas World Tourt\u00e4vlingar i V\u00e5rg\u00e5rda ska leva vidare och att V\u00e5rg\u00e5rda CK ska forts\u00e4tta att vara en livaktig f\u00f6rening.<\/p>\n<p>Vi \u00e4r m\u00e5nga som s\u00f6rjer denne alltid s\u00e5 tydlige, v\u00e4nlige och inspirerande cykelledare.<\/p>\n<p>V\u00e5ra tankar g\u00e5r till hans familj. Vila i frid i cykelhimlen, Hans!<\/p>\n<p><strong>Svenska Cykelf\u00f6rbundet genom Anders Bj\u00f6rklund<\/strong><\/p>\n<p>&nbsp;<\/p>\n","protected":false},"excerpt":{"rendered":"<p>Cykel-Sverige har sorg. P\u00e5 julafton avled Hans J\u00f6nsson efter en kort tids sjukdom. Hans var en framst\u00e5ende cyklist med JSM-guld 1975, men kommer mest att kommas ih\u00e5g, som Sveriges fr\u00e4msta cykelarrang\u00f6r. Sedan slutet av 1900-talet har Hans funnits med i t\u00e4vlingsledningen i V\u00e5rg\u00e5rda CK, som arrangerat SM, internationella h\u00f6gklassiga t\u00e4vlingar och under en l\u00e5ng<a href=\"https:\/\/scf.se\/forbundet\/till-minne-av-hans-jonsson-lamnar-ett-stort-tomrum-efter-sig\/\" class=\"news-card__more\"> &#8230;<\/a><\/p>\n","protected":false},"author":34,"featured_media":0,"comment_status":"open","ping_status":"open","sticky":false,"template":"","format":"standard","meta":{"_acf_changed":false,"footnotes":""},"categories":[1],"tags":[],"class_list":["post-3972","post","type-post","status-publish","format-standard","hentry","category-forbundet"],"acf":[],"_links":{"self":[{"href":"https:\/\/scf.se\/forbundet\/wp-json\/wp\/v2\/posts\/3972","targetHints":{"allow":["GET"]}}],"collection":[{"href":"https:\/\/scf.se\/forbundet\/wp-json\/wp\/v2\/posts"}],"about":[{"href":"https:\/\/scf.se\/forbundet\/wp-json\/wp\/v2\/types\/post"}],"author":[{"embeddable":true,"href":"https:\/\/scf.se\/forbundet\/wp-json\/wp\/v2\/users\/34"}],"replies":[{"embeddable":true,"href":"https:\/\/scf.se\/forbundet\/wp-json\/wp\/v2\/comments?post=3972"}],"version-history":[{"count":0,"href":"https:\/\/scf.se\/forbundet\/wp-json\/wp\/v2\/posts\/3972\/revisions"}],"wp:attachment":[{"href":"https:\/\/scf.se\/forbundet\/wp-json\/wp\/v2\/media?parent=3972"}],"wp:term":[{"taxonomy":"category","embeddable":true,"href":"https:\/\/scf.se\/forbundet\/wp-json\/wp\/v2\/categories?post=3972"},{"taxonomy":"post_tag","embeddable":true,"href":"https:\/\/scf.se\/forbundet\/wp-json\/wp\/v2\/tags?post=3972"}],"curies":[{"name":"wp","href":"https:\/\/api.w.org\/{rel}","templated":true}]}}