
{"id":3836,"date":"2019-09-18T14:21:22","date_gmt":"2019-09-18T12:21:22","guid":{"rendered":"http:\/\/scf.se\/forbundet\/?p=3836"},"modified":"2019-09-18T14:21:22","modified_gmt":"2019-09-18T12:21:22","slug":"gront-ljus-for-niu-cykelgymnasium-i-huddinge-och-mtb-i-torsby","status":"publish","type":"post","link":"https:\/\/scf.se\/forbundet\/gront-ljus-for-niu-cykelgymnasium-i-huddinge-och-mtb-i-torsby\/","title":{"rendered":"Gr\u00f6nt ljus f\u00f6r NIU cykelgymnasium i Huddinge \u2013 och mtb i Torsby"},"content":{"rendered":"<p><strong>H\u00f6stterminen 2020 startar Sj\u00f6dalsgymnasiet i Huddinge NIU-cykel med plats f\u00f6r 12 elever per \u00e5r.\u00a0Gymnasiet kommer i f\u00f6rsta hand erbjuda mtb- och landsv\u00e4gscykel men om intresse finns \u00e4r skolans rektor \u00f6ppen f\u00f6r att ta in BMX-elever.<\/strong><\/p>\n<blockquote><p>&#8211; Vi har saknat ett NIU-cykel i Stockholmsomr\u00e5det s\u00e5 det h\u00e4r \u00e4r rolig nyhet f\u00f6r hela M\u00e4lardalen, s\u00e4ger Johan Lundstr\u00f6m, rektor p\u00e5 Sj\u00f6dalsgymnasiet.<\/p><\/blockquote>\n<p>Skolan har ett geografiskt bra l\u00e4ge vid Huddinge centrum, fyra minuter fr\u00e5n pendelt\u00e5gsstationen. I n\u00e4romr\u00e5det ligger bland annat Lida mtb-leder och Huddinge kommuns slalombacke Flottsbro d\u00e4r det finns en downhillbana. Det finns \u00e4ven en BMX-hall i Vis\u00e4ttra, och\u00a0\u00c4lvsj\u00f6 stadsdelsf\u00f6rvaltning har sedan tidigare flaggat f\u00f6r att bygga en BMX-bana i europastandard.<\/p>\n<p>Skolan har l\u00e5ng erfarenhet av att driva Nationell idrottsutbildning i friidrott och har en organisation p\u00e5 plats som \u00e4r anpassad f\u00f6r NIU. Johan Lundstr\u00f6m ser d\u00e4rf\u00f6r flera samverkansomr\u00e5den.<\/p>\n<blockquote><p>&#8211; Det kommer finnas goda m\u00f6jligheter att samk\u00f6ra tr\u00e4ningsfysiologi och dela erfarenheter och kompetens. Vi har en v\u00e4l utrustad inomhushall med gym, cyklar och l\u00f6pbanor inomhus. Och vi erbjuder naturligtvis alla gymnasieprogram, s\u00e4ger han.<\/p><\/blockquote>\n<p>Skolan har \u00e4ven haft kontakt med klubbar i regionen och f\u00e5tt ett positivt gensvar d\u00e5 de ser att det finns ett behov av cykelutbildning i regionen. Eleverna f\u00e5r \u00e4ven ett gratis tr\u00e4ningskort till Huddingehallen som erbjuder b\u00e5de gym, tr\u00e4ning och bad.<\/p>\n<p>Johan Lundstr\u00f6m har kontrakterat Robin Niller som tr\u00e4nare f\u00f6r NIU-cykel. Robin Niller \u00e4r anlitad ledare av Svenska Cykelf\u00f6rbundet och har bland annat haft landslagsuppdrag f\u00f6r b\u00e5de cykelcross och mtb. Det p\u00e5g\u00e5r \u00e4ven samtal med Johan Fransson, f\u00f6rbundskapten i BMX.<\/p>\n<blockquote><p>&#8211; Jag hoppas den h\u00e4r satsningen kan fylla en lucka i v\u00e5rt upptagningsomr\u00e5de. Cykel \u00e4r p\u00e5 frammarsch och det borde finnas ett elevunderlag i regionen, s\u00e4ger Johan Lundstr\u00f6m<\/p><\/blockquote>\n<p>I dag finns <a href=\"https:\/\/scf.se\/forbundet\/utbildningar\/rig-niu\/\">NIU cykel<\/a>\u00a0i Falun, J\u00f6nk\u00f6ping och Skara. Och i b\u00f6rjan av \u00e5ret beslutades \u00e4ven att Stjerneskolan i Torsby f\u00e5r starta NIU Mountainbike fr\u00e5n h\u00f6stterminen 2020. Stjerneskolan har varit skidgymnasium sedan b\u00f6rjan av 1970-talet och har idag RIG-verksamhet med l\u00e4ngdskidor och skidskytte som en viktig del i skolans utbud. Sedan l\u00e4s\u00e5ret 2011-2012 finns NIU alpin skid\u00e5kning, skicross, l\u00e4ngdskidor, skidskytte och fotboll.<\/p>\n<p>Torsby \u00e4r V\u00e4rmlands nordligaste kommun med flera leder anpassade f\u00f6r mtb. Stjerneskolan har dessutom en egen test- och tr\u00e4ningsanl\u00e4ggning d\u00e4r eleverna kan g\u00f6ra syreupptagstester- och laktest f\u00f6r att individanpassa tr\u00e4ningen. P\u00e5 den idrottsliga sidan har nuvarande- och f\u00f6re detta elever p\u00e5 Stjerneskolan er\u00f6vrat 140 medaljer vid junior-SM, VM, Ungdoms-OS och OS.<\/p>\n<p><em>Text: Jenny Palmqvist SCF<\/em><\/p>\n<div id=\"attachment_3841\" class=\"wp-caption alignnone\" ><a href=\"https:\/\/scf.se\/forbundet\/wp-content\/uploads\/sites\/9\/2019\/09\/sj\u00f6dalsr\u00e4ttare-e1568806080592.jpg\"><img loading=\"lazy\" decoding=\"async\" class=\"size-post-small wp-image-3841\" src=\"https:\/\/scf.se\/forbundet\/wp-content\/uploads\/sites\/9\/2019\/09\/sj\u00f6dalsr\u00e4ttare-e1568806080592-740x462.jpg\" alt=\"\" width=\"740\" height=\"462\" \/><\/a><p class=\"wp-caption-text\">Sj\u00f6dalsgymnasiets rektor Johan Lundstr\u00f6m och Robin Niller ser fram emot h\u00f6stterminen 2020 d\u00e5 NIU-cykel startar p\u00e5 skolan.<\/p><\/div>\n","protected":false},"excerpt":{"rendered":"<p>H\u00f6stterminen 2020 startar Sj\u00f6dalsgymnasiet i Huddinge NIU-cykel med plats f\u00f6r 12 elever per \u00e5r.\u00a0Gymnasiet kommer i f\u00f6rsta hand erbjuda mtb- och landsv\u00e4gscykel men om intresse finns \u00e4r skolans rektor \u00f6ppen f\u00f6r att ta in BMX-elever. &#8211; Vi har saknat ett NIU-cykel i Stockholmsomr\u00e5det s\u00e5 det h\u00e4r \u00e4r rolig nyhet f\u00f6r hela M\u00e4lardalen, s\u00e4ger Johan<a href=\"https:\/\/scf.se\/forbundet\/gront-ljus-for-niu-cykelgymnasium-i-huddinge-och-mtb-i-torsby\/\" class=\"news-card__more\"> &#8230;<\/a><\/p>\n","protected":false},"author":34,"featured_media":0,"comment_status":"open","ping_status":"open","sticky":false,"template":"","format":"standard","meta":{"_acf_changed":false,"footnotes":""},"categories":[1],"tags":[],"class_list":["post-3836","post","type-post","status-publish","format-standard","hentry","category-forbundet"],"acf":[],"_links":{"self":[{"href":"https:\/\/scf.se\/forbundet\/wp-json\/wp\/v2\/posts\/3836","targetHints":{"allow":["GET"]}}],"collection":[{"href":"https:\/\/scf.se\/forbundet\/wp-json\/wp\/v2\/posts"}],"about":[{"href":"https:\/\/scf.se\/forbundet\/wp-json\/wp\/v2\/types\/post"}],"author":[{"embeddable":true,"href":"https:\/\/scf.se\/forbundet\/wp-json\/wp\/v2\/users\/34"}],"replies":[{"embeddable":true,"href":"https:\/\/scf.se\/forbundet\/wp-json\/wp\/v2\/comments?post=3836"}],"version-history":[{"count":0,"href":"https:\/\/scf.se\/forbundet\/wp-json\/wp\/v2\/posts\/3836\/revisions"}],"wp:attachment":[{"href":"https:\/\/scf.se\/forbundet\/wp-json\/wp\/v2\/media?parent=3836"}],"wp:term":[{"taxonomy":"category","embeddable":true,"href":"https:\/\/scf.se\/forbundet\/wp-json\/wp\/v2\/categories?post=3836"},{"taxonomy":"post_tag","embeddable":true,"href":"https:\/\/scf.se\/forbundet\/wp-json\/wp\/v2\/tags?post=3836"}],"curies":[{"name":"wp","href":"https:\/\/api.w.org\/{rel}","templated":true}]}}