
{"id":3777,"date":"2019-06-18T15:59:26","date_gmt":"2019-06-18T13:59:26","guid":{"rendered":"http:\/\/scf.se\/forbundet\/?p=3777"},"modified":"2019-06-18T16:02:53","modified_gmt":"2019-06-18T14:02:53","slug":"matthias-wengelin-blir-larare-pa-rig-i-skara","status":"publish","type":"post","link":"https:\/\/scf.se\/forbundet\/matthias-wengelin-blir-larare-pa-rig-i-skara\/","title":{"rendered":"Matthias Wengelin blir l\u00e4rare p\u00e5 RIG i Skara"},"content":{"rendered":"<p>Matthias Wengelin tog studenten fr\u00e5n Katedralskolan 2008 och har d\u00e4refter arbetat som cykelproffs och drivit sin egen satsning. Nu ska han parallellt med sina andra uppdrag arbeta som l\u00e4rare p\u00e5 cykelgymnasiet i Skara och d\u00e4r hj\u00e4lpa och st\u00f6tta elever att f\u00f6rhoppningsvis n\u00e5 samma framg\u00e5ngar som han sj\u00e4lv har r\u00f6nt.<\/p>\n<blockquote><p>\u2013 Det ska bli j\u00e4ttesp\u00e4nnande! H\u00e4r har det formats flera stora och framg\u00e5ngsrika profiler inom cyklingen och nu f\u00e5r jag vara med och leda och utveckla fler, s\u00e4ger Matthias Wengelin.<\/p><\/blockquote>\n<p><strong>Hj\u00e4lpa fler att n\u00e5 framg\u00e5ng<\/strong><br \/>\nSedan 2012 har Matthias varit mountainbikeinstrukt\u00f6r och har goda erfarenheter av att leda och planera tr\u00e4ningspass f\u00f6r s\u00e5v\u00e4l nyb\u00f6rjare som erfarna cyklister. Han \u00e4r aktiv i mountainbikeslandslaget och har dessutom drivit sin egen satsning sedan 2008. Allt detta kommer han forts\u00e4tta med, men nu vill han ta steget att genom sina erfarenheter utbilda fler att n\u00e5 samma framg\u00e5ng.<\/p>\n<blockquote><p>\u2013 Det var inte allt f\u00f6r l\u00e4ngesedan som jag sj\u00e4lv gick p\u00e5 skolan och kommer ih\u00e5g vilka f\u00f6rv\u00e4ntningar som jag hade p\u00e5 utbildningen och l\u00e4rarna. Det ser jag som en enorm styrka! Under t\u00e4vlings\u00e5ren har jag skaffat mig goda kunskaper kring vilka t\u00e4vlingar som kan vara bra att k\u00f6ra och vilka banor som passar vilka cyklar, forts\u00e4tter han.<\/p><\/blockquote>\n<p><strong>Flyttade fr\u00e5n Dalarna<\/strong><br \/>\nN\u00e4r Matthias var 16 \u00e5r tog han steget att flytta fr\u00e5n S\u00e4ter i Dalarna till Skara. Ett stort steg att ta i den \u00e5ldern men f\u00f6r honom var det en sj\u00e4lvklarhet. Trots avst\u00e5endet var Katedralskolan givet d\u00e5 skolan erbjuder en h\u00f6gklassig cykelutbildning och har format flera stora profiler. Det \u00e4r flera ungdomar som t\u00e4nker som Matthias och det \u00e4r m\u00e5nga utifr\u00e5n som s\u00f6ker sig till skolans cykelutbildning.<\/p>\n<blockquote><p>\u2013 Jag vet hur det k\u00e4nns att flytta och byta milj\u00f6 i den \u00e5ldern. F\u00f6rutom min roll som cykeltr\u00e4nare tror jag att jag kommer kunna st\u00f6tta eleverna p\u00e5 andra plan som inte bara r\u00f6r cyklingen, avslutar Matthias.<\/p><\/blockquote>\n","protected":false},"excerpt":{"rendered":"<p>Matthias Wengelin tog studenten fr\u00e5n Katedralskolan 2008 och har d\u00e4refter arbetat som cykelproffs och drivit sin egen satsning. Nu ska han parallellt med sina andra uppdrag arbeta som l\u00e4rare p\u00e5 cykelgymnasiet i Skara och d\u00e4r hj\u00e4lpa och st\u00f6tta elever att f\u00f6rhoppningsvis n\u00e5 samma framg\u00e5ngar som han sj\u00e4lv har r\u00f6nt. \u2013 Det ska bli j\u00e4ttesp\u00e4nnande!<a href=\"https:\/\/scf.se\/forbundet\/matthias-wengelin-blir-larare-pa-rig-i-skara\/\" class=\"news-card__more\"> &#8230;<\/a><\/p>\n","protected":false},"author":2,"featured_media":0,"comment_status":"open","ping_status":"open","sticky":false,"template":"","format":"standard","meta":{"_acf_changed":false,"footnotes":""},"categories":[1],"tags":[],"class_list":["post-3777","post","type-post","status-publish","format-standard","hentry","category-forbundet"],"acf":[],"_links":{"self":[{"href":"https:\/\/scf.se\/forbundet\/wp-json\/wp\/v2\/posts\/3777","targetHints":{"allow":["GET"]}}],"collection":[{"href":"https:\/\/scf.se\/forbundet\/wp-json\/wp\/v2\/posts"}],"about":[{"href":"https:\/\/scf.se\/forbundet\/wp-json\/wp\/v2\/types\/post"}],"author":[{"embeddable":true,"href":"https:\/\/scf.se\/forbundet\/wp-json\/wp\/v2\/users\/2"}],"replies":[{"embeddable":true,"href":"https:\/\/scf.se\/forbundet\/wp-json\/wp\/v2\/comments?post=3777"}],"version-history":[{"count":0,"href":"https:\/\/scf.se\/forbundet\/wp-json\/wp\/v2\/posts\/3777\/revisions"}],"wp:attachment":[{"href":"https:\/\/scf.se\/forbundet\/wp-json\/wp\/v2\/media?parent=3777"}],"wp:term":[{"taxonomy":"category","embeddable":true,"href":"https:\/\/scf.se\/forbundet\/wp-json\/wp\/v2\/categories?post=3777"},{"taxonomy":"post_tag","embeddable":true,"href":"https:\/\/scf.se\/forbundet\/wp-json\/wp\/v2\/tags?post=3777"}],"curies":[{"name":"wp","href":"https:\/\/api.w.org\/{rel}","templated":true}]}}