
{"id":2617,"date":"2018-05-16T12:24:13","date_gmt":"2018-05-16T10:24:13","guid":{"rendered":"http:\/\/scf.se\/forbundet\/?p=2617"},"modified":"2018-07-10T10:35:24","modified_gmt":"2018-07-10T08:35:24","slug":"prova-pa-cyklar","status":"publish","type":"post","link":"https:\/\/scf.se\/forbundet\/prova-pa-cyklar\/","title":{"rendered":"Prova-p\u00e5-cyklar till barn- och ungdomsverksamhet"},"content":{"rendered":"<p>Nu finns det en fin m\u00f6jlighet att f\u00e5 fler att testa p\u00e5 v\u00e5r fantastiska idrott! Som en del av satsningen p\u00e5 nyrekrytering kan SCF nu erbjuda alla f\u00f6reningar att hyra prova-p\u00e5-cyklar till barn- och ungdomsverksamhet under tre \u00e5rs tid till en kostnad av 900 kronor per \u00e5r inklusive en \u00e5rlig service av cykeln. Det \u00e4r ocks\u00e5 m\u00f6jligt att ans\u00f6ka om medel fr\u00e5n <a href=\"https:\/\/scf.se\/forbundet\/stod-service\/idrottslyftet\/\">Idrottslyftet <\/a>f\u00f6r detta. Sportson tillhandah\u00e5ller och servar cyklarna som kan h\u00e4mtas i n\u00e4rmaste Sportsonbutik. F\u00f6reningen disponerar cykeln\/cyklarna under tre \u00e5r. <a href=\"https:\/\/scf.se\/forbundet\/wp-content\/uploads\/sites\/9\/2018\/05\/SCF_prova-pa\u030a-cyklar_idrottslyftet-1.pdf\">Information om projektet f\u00f6r prova-p\u00e5-cyklar h\u00e4r.\u00a0<\/a><\/p>\n<h3>Intresseanm\u00e4lan<\/h3>\n<p>G\u00f6r intresseanm\u00e4lan h\u00e4r &#8211; vi h\u00e5ller formul\u00e4ret \u00f6ppet s\u00e5 l\u00e4nge det finns cyklar. Men v\u00e4nta inte f\u00f6r l\u00e4nge, f\u00f6rst till kvarn g\u00e4ller f\u00f6r de cyklar som finns kvar!\u00a0<a href=\"https:\/\/docs.google.com\/forms\/d\/e\/1FAIpQLSdWI4FKJQuReVA19RFKply4FkGGIAySDhomZjR__bJxZ6r_ug\/viewform\">Till formul\u00e4r f\u00f6r intresseanm\u00e4lan<\/a>.<\/p>\n<h3>Vi vill rekrytera fler!<\/h3>\n<p>F\u00f6reningar som erh\u00e5ller prova-p\u00e5-cyklar f\u00f6rbinder sig att, under en valfri period eller vid ett tillf\u00e4lle, rapportera hur det g\u00e5r f\u00f6r prova-p\u00e5-verksamheten. Vi ser g\u00e4rna att vi f\u00e5r fr\u00e5n er n\u00e5gon form av redaktionellt material som fritt f\u00e5r anv\u00e4ndas av SCF f\u00f6r publicering p\u00e5 scf.se och i SCF:s sociala medier.<\/p>\n<hr \/>\n<ul>\n<li><a href=\"https:\/\/scf.se\/forbundet\/wp-content\/uploads\/sites\/9\/2018\/05\/Sportson-adresser-enkel-180416.pdf\">H\u00e4r finns Sportsons butiker i Sverige<\/a><\/li>\n<li><a href=\"https:\/\/scf.se\/forbundet\/wp-content\/uploads\/sites\/9\/2018\/05\/SCF_prova-pa\u030a-cyklar_idrottslyftet-1.pdf\">Informationsblad om prova-p\u00e5-cyklar<\/a><\/li>\n<li><a href=\"https:\/\/scf.se\/forbundet\/stod-service\/idrottslyftet\/\">Mer om Idrottslyftet<\/a><\/li>\n<\/ul>\n<a href=\"https:\/\/scf.se\/forbundet\/wp-content\/uploads\/sites\/9\/2016\/01\/sportson.jpg\"><img loading=\"lazy\" decoding=\"async\" class=\"alignnone size-full wp-image-888\" src=\"https:\/\/scf.se\/forbundet\/wp-content\/uploads\/sites\/9\/2016\/01\/sportson.jpg\" alt=\"logo_nyttmonst_utantagline\" width=\"463\" height=\"154\" srcset=\"https:\/\/scf.se\/forbundet\/wp-content\/uploads\/sites\/9\/2016\/01\/sportson.jpg 463w, https:\/\/scf.se\/forbundet\/wp-content\/uploads\/sites\/9\/2016\/01\/sportson-300x100.jpg 300w\" sizes=\"auto, (max-width: 463px) 100vw, 463px\" \/><\/a>\u00a0 \u00a0\u00a0<img loading=\"lazy\" decoding=\"async\" class=\"alignnone size-medium wp-image-1867\" src=\"https:\/\/scf.se\/forbundet\/wp-content\/uploads\/sites\/9\/2015\/11\/idrottslyftet_rgb_yellow-286x300.jpg\" alt=\"idrottslyftet_rgb_yellow\" width=\"286\" height=\"300\" \/>\n","protected":false},"excerpt":{"rendered":"<p>Nu finns det en fin m\u00f6jlighet att f\u00e5 fler att testa p\u00e5 v\u00e5r fantastiska idrott! Som en del av satsningen p\u00e5 nyrekrytering kan SCF nu erbjuda alla f\u00f6reningar att hyra prova-p\u00e5-cyklar till barn- och ungdomsverksamhet under tre \u00e5rs tid till en kostnad av 900 kronor per \u00e5r inklusive en \u00e5rlig service av cykeln. Det<a href=\"https:\/\/scf.se\/forbundet\/prova-pa-cyklar\/\" class=\"news-card__more\"> &#8230;<\/a><\/p>\n","protected":false},"author":2,"featured_media":0,"comment_status":"open","ping_status":"open","sticky":false,"template":"","format":"standard","meta":{"_acf_changed":false,"footnotes":""},"categories":[1],"tags":[],"class_list":["post-2617","post","type-post","status-publish","format-standard","hentry","category-forbundet"],"acf":[],"_links":{"self":[{"href":"https:\/\/scf.se\/forbundet\/wp-json\/wp\/v2\/posts\/2617","targetHints":{"allow":["GET"]}}],"collection":[{"href":"https:\/\/scf.se\/forbundet\/wp-json\/wp\/v2\/posts"}],"about":[{"href":"https:\/\/scf.se\/forbundet\/wp-json\/wp\/v2\/types\/post"}],"author":[{"embeddable":true,"href":"https:\/\/scf.se\/forbundet\/wp-json\/wp\/v2\/users\/2"}],"replies":[{"embeddable":true,"href":"https:\/\/scf.se\/forbundet\/wp-json\/wp\/v2\/comments?post=2617"}],"version-history":[{"count":0,"href":"https:\/\/scf.se\/forbundet\/wp-json\/wp\/v2\/posts\/2617\/revisions"}],"wp:attachment":[{"href":"https:\/\/scf.se\/forbundet\/wp-json\/wp\/v2\/media?parent=2617"}],"wp:term":[{"taxonomy":"category","embeddable":true,"href":"https:\/\/scf.se\/forbundet\/wp-json\/wp\/v2\/categories?post=2617"},{"taxonomy":"post_tag","embeddable":true,"href":"https:\/\/scf.se\/forbundet\/wp-json\/wp\/v2\/tags?post=2617"}],"curies":[{"name":"wp","href":"https:\/\/api.w.org\/{rel}","templated":true}]}}