
{"id":2446,"date":"2017-12-19T11:49:58","date_gmt":"2017-12-19T10:49:58","guid":{"rendered":"http:\/\/scf.se\/forbundet\/?p=2446"},"modified":"2017-12-19T11:49:58","modified_gmt":"2017-12-19T10:49:58","slug":"2446-2","status":"publish","type":"post","link":"https:\/\/scf.se\/forbundet\/2446-2\/","title":{"rendered":"Nystartad cykeltekniker-utbildning i B\u00e5stad"},"content":{"rendered":"<p>B\u00e5stads Turism och N\u00e4ringsliv g\u00f6r mer f\u00f6r cykel \u00e4n att bara samarbeta med SCF och CK Bure\u00a0inf\u00f6r landsv\u00e4g-SM 2018. Nu har de tillsammans med Akademi B\u00e5stad tagit fram en ny och unik yrkesvuxutbildning till \u201dCykeltekniker\u201d. I takt med att inst\u00e4llningen hos befolkningen \u00e4ndras till det positiva och status p\u00e5 cykeln \u00f6kar, v\u00e4xer \u00e4ven behovet av duktiga cykelreparat\u00f6rer.<\/p>\n<blockquote><p>\u2013 Vi har f\u00f6rst\u00e5tt att den nuvarande kompetensen inom cykelreparationer har \u00e5ldrats och inte riktigt h\u00e4ngt med i branschens snabba utveckling. M\u00e5nga uttrycker ocks\u00e5 ett behov av en ny generation som kan ta \u00f6ver och modernisera verksamheterna. Vi har tagit fram en skr\u00e4ddarsydd utbildning s\u00e5 att branschen f\u00e5r m\u00f6jlighet att snabbt f\u00e5 fram kompetent personal som jobbar i cykelbutiker eller verkst\u00e4der och kan ta hand om cyklarna n\u00e4r s\u00e4songen drar ig\u00e5ng, s\u00e4ger Helen Rosenberg, Utbildningsledare p\u00e5 Akademi B\u00e5stad i ett pressmeddelande.<\/p><\/blockquote>\n<p>Utbildningen riktar sig till den som vill skaffa sig en yrkesutbildning inom cykelreparation och underh\u00e5ll och tar 20 veckor med start den 24 januari 2018. Den teoretiska undervisningen drivs p\u00e5 Akademi B\u00e5stad, varvat med praktik p\u00e5 f\u00f6retag. Praktidelen utg\u00f6r ca 60% av utbildningen.\u00a0Sista ans\u00f6kningsdatum f\u00f6r utbildningen \u00e4r <strong>den 8 januari 2018.<\/strong><\/p>\n<p><a href=\"https:\/\/scf.se\/forbundet\/wp-content\/uploads\/sites\/9\/2017\/12\/Yrkesvux_cykeltekniker_faktablad.pdf\">Faktablad om utbildningen<\/a><\/p>\n<p>L\u00e4s mer i <a href=\"https:\/\/scf.se\/forbundet\/wp-content\/uploads\/sites\/9\/2017\/12\/Pressmeddelande-Cykeltekniker-Yrkesvux-utbildning-Akademi-B\u00e5stad.pdf\">pressmeddelande fr\u00e5n B\u00e5stad Kommun <\/a><\/p>\n<p>&nbsp;<\/p>\n","protected":false},"excerpt":{"rendered":"<p>B\u00e5stads Turism och N\u00e4ringsliv g\u00f6r mer f\u00f6r cykel \u00e4n att bara samarbeta med SCF och CK Bure\u00a0inf\u00f6r landsv\u00e4g-SM 2018. Nu har de tillsammans med Akademi B\u00e5stad tagit fram en ny och unik yrkesvuxutbildning till \u201dCykeltekniker\u201d. I takt med att inst\u00e4llningen hos befolkningen \u00e4ndras till det positiva och status p\u00e5 cykeln \u00f6kar, v\u00e4xer \u00e4ven behovet<a href=\"https:\/\/scf.se\/forbundet\/2446-2\/\" class=\"news-card__more\"> &#8230;<\/a><\/p>\n","protected":false},"author":2,"featured_media":0,"comment_status":"open","ping_status":"open","sticky":false,"template":"","format":"standard","meta":{"_acf_changed":false,"footnotes":""},"categories":[1],"tags":[],"class_list":["post-2446","post","type-post","status-publish","format-standard","hentry","category-forbundet"],"acf":[],"_links":{"self":[{"href":"https:\/\/scf.se\/forbundet\/wp-json\/wp\/v2\/posts\/2446","targetHints":{"allow":["GET"]}}],"collection":[{"href":"https:\/\/scf.se\/forbundet\/wp-json\/wp\/v2\/posts"}],"about":[{"href":"https:\/\/scf.se\/forbundet\/wp-json\/wp\/v2\/types\/post"}],"author":[{"embeddable":true,"href":"https:\/\/scf.se\/forbundet\/wp-json\/wp\/v2\/users\/2"}],"replies":[{"embeddable":true,"href":"https:\/\/scf.se\/forbundet\/wp-json\/wp\/v2\/comments?post=2446"}],"version-history":[{"count":0,"href":"https:\/\/scf.se\/forbundet\/wp-json\/wp\/v2\/posts\/2446\/revisions"}],"wp:attachment":[{"href":"https:\/\/scf.se\/forbundet\/wp-json\/wp\/v2\/media?parent=2446"}],"wp:term":[{"taxonomy":"category","embeddable":true,"href":"https:\/\/scf.se\/forbundet\/wp-json\/wp\/v2\/categories?post=2446"},{"taxonomy":"post_tag","embeddable":true,"href":"https:\/\/scf.se\/forbundet\/wp-json\/wp\/v2\/tags?post=2446"}],"curies":[{"name":"wp","href":"https:\/\/api.w.org\/{rel}","templated":true}]}}