
{"id":1954,"date":"2016-12-09T11:45:27","date_gmt":"2016-12-09T10:45:27","guid":{"rendered":"http:\/\/scf.se\/forbundet\/?p=1954"},"modified":"2016-12-20T15:22:35","modified_gmt":"2016-12-20T14:22:35","slug":"ungdomscampen-uc17","status":"publish","type":"post","link":"https:\/\/scf.se\/forbundet\/ungdomscampen-uc17\/","title":{"rendered":"Ungdomscampen, 6-8 januari 2017"},"content":{"rendered":"<h3>F\u00f6r tredje \u00e5ret p\u00e5 raken &#8211; UC17!<\/h3>\n<p>Ett l\u00e4ger f\u00f6r alla intresserade och licensierade cyklister i \u00e5ldern 13-16 \u00e5r fr\u00e5n v\u00e5ra samtliga sju grenar. Nedan f\u00f6ljer den viktigaste informationen f\u00f6r er som \u00e4r intresserade av att delta:<\/p>\n<p><strong>N\u00c4R<\/strong><br \/>\n6-8 januari 2017. Samling kl. 17.00 fredagen den 6:e, avresa s\u00f6ndagen den 8:e kl 14.00.<\/p>\n<p><strong>VAR<\/strong><br \/>\n<a href=\"http:\/\/gullbrannagarden.se\/kontakt\/hitta-hit\">Gullbrannag\u00e5rden<\/a>, Eldsberga , utanf\u00f6r Halmstad.<br \/>\n<em>Tips:<\/em> Ta t\u00e5get till Halmstad, SCF ordnar buss mellan stationen och boendet.\u00a0Gemensam h\u00e4mtning vid Halmstad j\u00e4rnv\u00e4gsstation fredag 6 januari kl. 16.20.\u00a0Buss tillbaka till Halmstad anl\u00e4nder till stationen p\u00e5 s\u00f6ndag den 8 januari ca 14.45.\u00a0Meddela i anm\u00e4lan om ni \u00f6nskar h\u00e4mtning och l\u00e4mning.<\/p>\n<p><strong>M\u00c5LGRUPP<\/strong><br \/>\nAlla licensierade cyklister i \u00e5ldern 13-16 \u00e5r (det vill s\u00e4ga de som under 2017 kommer att t\u00e4vla i 13-14 och 15-16 klassen och \u00e4r f\u00f6dda \u00e5r 2001-2004). Aktiviteterna under helgen kommer att vara \u201dgren-ospecifika\u201d och det kommer finnas lika mycket att erbjuda oavsett om du h\u00e5ller p\u00e5 med BMX, MTB, Landsv\u00e4g, Bana, Trial, CX eller Paracykel. Inga cyklar kommer att anv\u00e4ndas.<\/p>\n<p><strong>M\u00c5L\u00a0<\/strong><br \/>\nM\u00e5let med helgen \u00e4r att alla f\u00e5r utvecklas som individer och ha riktigt kul tillsammans. L\u00e4gret ska vara en chans f\u00f6r oss att l\u00e4ra k\u00e4nna varandra \u00f6ver grengr\u00e4nserna, f\u00f6r var och en av oss att utmana oss sj\u00e4lva, hitta nya inspirationsk\u00e4llor samt l\u00e4ra oss nya grejer som \u00e4r viktiga f\u00f6r v\u00e5r cykling.<\/p>\n<p><strong>PROGRAMMET<\/strong><br \/>\nUnder helgen kommer deltagarna f\u00e5 tr\u00e4na ihop, lyssna p\u00e5 f\u00f6rel\u00e4sningar, f\u00e5 tid att l\u00e4ra k\u00e4nna varandra utanf\u00f6r sina respektive grenar samt tr\u00e4ffa representanter fr\u00e5n SCF och \u00e4ldre cyklister med p\u00e5g\u00e5ende elitsatsning.<\/p>\n<p><strong>TA MED<\/strong><br \/>\nALLA tar med sig lakan, \u00f6rngott, p\u00e5slakan och egen handduk, samt kl\u00e4der f\u00f6r inomhus- och utomhustr\u00e4ning. Kl\u00e4der efter v\u00e4der!<\/p>\n<p><strong>PRIS<\/strong><br \/>\nKostnadsfritt. Max 130 deltagare, f\u00f6rst till kvarn g\u00e4ller!<br \/>\nResa till och fr\u00e5n l\u00e4gret betalas av cyklist eller f\u00f6rening.<br \/>\nAvbokning senare \u00e4n 1 januari 2017 debiteras den enskilde cyklisten\/f\u00f6reningen med 1000 SEK.<br \/>\nMot uppvisande av l\u00e4karintyg faller avbokningskostnad.<\/p>\n<p><strong>ANM\u00c4LAN<\/strong><br \/>\nF\u00f6reningen anm\u00e4ler gemensamt alla sina ungdomar genom google docs, <a href=\"https:\/\/docs.google.com\/forms\/d\/e\/1FAIpQLSfyGGprKT002qY_VynwEl-RHVXS_dmKtz7LVCg5aJC6CBqDsQ\/viewform\">l\u00e4nk h\u00e4r<\/a>, senast den 23 december.\u00a0Bekr\u00e4ftelse p\u00e5 att man har en plats p\u00e5 Ungdomscampen kommer ut f\u00f6rst n\u00e4r vi f\u00e5tt in samtliga anm\u00e4lningar och haft en chans att se att allt st\u00e5r r\u00e4tt till.<br \/>\nH\u00e5ll g\u00e4rna koll p\u00e5 Instagramkontot (se nedan), d\u00e4r vi publicerar en del information kring campen.<\/p>\n<p>I och med att ni anm\u00e4ler er s\u00e5 har ni ocks\u00e5 godk\u00e4nt att vi f\u00e5r ta och anv\u00e4nda foto p\u00e5 gemensamma aktiviteter under helgen. Om ni har sk\u00e4l som inte medger publicering av foton ber vi er omg\u00e5ende ta kontakt med projektledaren f\u00f6r campen,\u00a0<a href=\"mailto:alice.andersson@scf.se\">alice.andersson@scf.se<\/a>.<\/p>\n<p><strong>SOCIALA MEDIER<\/strong><br \/>\nAktivera er redan nu p\u00e5 <a href=\"https:\/\/www.instagram.com\/ungdomscampen\/\">instagramkonto ungdomscampen<\/a> och\/eller under #UC17<\/p>\n<h3>VARMT V\u00c4LKOMNA TILL UC17!<\/h3>\n<div id=\"attachment_1955\" class=\"wp-caption alignnone\" ><a href=\"https:\/\/scf.se\/forbundet\/wp-content\/uploads\/sites\/9\/2016\/12\/Tr\u00e4ningsv\u00e4rk.jpg\"><img loading=\"lazy\" decoding=\"async\" class=\"wp-image-1955 size-full\" src=\"https:\/\/scf.se\/forbundet\/wp-content\/uploads\/sites\/9\/2016\/12\/Tr\u00e4ningsv\u00e4rk.jpg\" alt=\"Tr\u00e4ningsv\u00e4rk\" width=\"1080\" height=\"704\" srcset=\"https:\/\/scf.se\/forbundet\/wp-content\/uploads\/sites\/9\/2016\/12\/Tr\u00e4ningsv\u00e4rk.jpg 1080w, https:\/\/scf.se\/forbundet\/wp-content\/uploads\/sites\/9\/2016\/12\/Tr\u00e4ningsv\u00e4rk-300x196.jpg 300w, https:\/\/scf.se\/forbundet\/wp-content\/uploads\/sites\/9\/2016\/12\/Tr\u00e4ningsv\u00e4rk-768x501.jpg 768w, https:\/\/scf.se\/forbundet\/wp-content\/uploads\/sites\/9\/2016\/12\/Tr\u00e4ningsv\u00e4rk-1024x667.jpg 1024w\" sizes=\"auto, (max-width: 1080px) 100vw, 1080px\" \/><\/a><p class=\"wp-caption-text\">Tr\u00e4ningspass p\u00e5 UC16<\/p><\/div>\n","protected":false},"excerpt":{"rendered":"<p>F\u00f6r tredje \u00e5ret p\u00e5 raken &#8211; UC17! Ett l\u00e4ger f\u00f6r alla intresserade och licensierade cyklister i \u00e5ldern 13-16 \u00e5r fr\u00e5n v\u00e5ra samtliga sju grenar. Nedan f\u00f6ljer den viktigaste informationen f\u00f6r er som \u00e4r intresserade av att delta: N\u00c4R 6-8 januari 2017. Samling kl. 17.00 fredagen den 6:e, avresa s\u00f6ndagen den 8:e kl 14.00. VAR<a href=\"https:\/\/scf.se\/forbundet\/ungdomscampen-uc17\/\" class=\"news-card__more\"> &#8230;<\/a><\/p>\n","protected":false},"author":2,"featured_media":0,"comment_status":"open","ping_status":"open","sticky":false,"template":"","format":"standard","meta":{"_acf_changed":false,"footnotes":""},"categories":[1],"tags":[],"class_list":["post-1954","post","type-post","status-publish","format-standard","hentry","category-forbundet"],"acf":[],"_links":{"self":[{"href":"https:\/\/scf.se\/forbundet\/wp-json\/wp\/v2\/posts\/1954","targetHints":{"allow":["GET"]}}],"collection":[{"href":"https:\/\/scf.se\/forbundet\/wp-json\/wp\/v2\/posts"}],"about":[{"href":"https:\/\/scf.se\/forbundet\/wp-json\/wp\/v2\/types\/post"}],"author":[{"embeddable":true,"href":"https:\/\/scf.se\/forbundet\/wp-json\/wp\/v2\/users\/2"}],"replies":[{"embeddable":true,"href":"https:\/\/scf.se\/forbundet\/wp-json\/wp\/v2\/comments?post=1954"}],"version-history":[{"count":0,"href":"https:\/\/scf.se\/forbundet\/wp-json\/wp\/v2\/posts\/1954\/revisions"}],"wp:attachment":[{"href":"https:\/\/scf.se\/forbundet\/wp-json\/wp\/v2\/media?parent=1954"}],"wp:term":[{"taxonomy":"category","embeddable":true,"href":"https:\/\/scf.se\/forbundet\/wp-json\/wp\/v2\/categories?post=1954"},{"taxonomy":"post_tag","embeddable":true,"href":"https:\/\/scf.se\/forbundet\/wp-json\/wp\/v2\/tags?post=1954"}],"curies":[{"name":"wp","href":"https:\/\/api.w.org\/{rel}","templated":true}]}}