
{"id":1773,"date":"2016-09-20T17:07:53","date_gmt":"2016-09-20T15:07:53","guid":{"rendered":"http:\/\/scf.se\/forbundet\/?p=1773"},"modified":"2016-09-21T15:06:25","modified_gmt":"2016-09-21T13:06:25","slug":"inspirationstips-fran-andreas","status":"publish","type":"post","link":"https:\/\/scf.se\/forbundet\/inspirationstips-fran-andreas\/","title":{"rendered":"Inspirationstips fr\u00e5n &#8221;Cykel-Andreas&#8221;"},"content":{"rendered":"<p>Det \u00e4r verkligen s\u00e5 att\u00a0\u00e5rets svenska framg\u00e5ngar\u00a0har gett en rej\u00e4l skjuts till cykelsverige och f\u00e5r fler ungdomar att testa p\u00e5 cykelsporten. Vi (SCF kansli) f\u00e5r dagligen indikationer p\u00e5 att klubbarna f\u00e5r fler och fler deltagare p\u00e5 tr\u00e4ningarna &#8211; en del beh\u00f6ver fler ledare, andra beh\u00f6ver tips p\u00e5 lekar och roliga cykel\u00f6vningar som de kan anv\u00e4nda i tr\u00e4ningen. \u00a0Vi f\u00e5r ocks\u00e5 input\u00a0fr\u00e5n medlemmar som vill dela med sig av sina tips till andra, vilket \u00e4r j\u00e4ttekul. Dessa ska vi samla och hitta ett s\u00e4tt att sprida s\u00e5 att flera kan ta del av dem. Vi b\u00f6rjar med ett tips fr\u00e5n &#8221;Cykel-Andreas&#8221;!<\/p>\n<p>Andreas Widell har varit aktiv cyklist sedan barnsben. Idag \u00e4r han b\u00e5de tr\u00e4nare och ordf\u00f6rande f\u00f6r V\u00e4rmd\u00f6 CK. Han ber\u00e4ttade att han vill ge n\u00e5got tillbaka till sporten som har gett honom s\u00e5 mycket och fick en id\u00e9 om att dela med sig sina kunskaper till andra cyklister. Andreas b\u00f6rjade\u00a0samla ihop olika \u00f6vningar f\u00f6r tekniktr\u00e4ning p\u00e5 MTB och resultatet blev en \u00f6vningsbank i bloggen\u00a0<a href=\"https:\/\/cykelandreas.wordpress.com\/ovningsbanken\/\">&#8221;Cykelandreas&#8221;<\/a>. H\u00e4r hittar man \u00f6vningar fr\u00e4mst anpassade f\u00f6r ungdomar mellan 9-12 \u00e5r men som egentligen passar alla cyklister\u00a0oavsett \u00e5lder. En av de popul\u00e4raste \u00f6vningarna \u00e4r &#8221;cykel-kull&#8221;.<\/p>\n<p>G\u00e5 in och kika p\u00e5 <a href=\"https:\/\/cykelandreas.wordpress.com\/ovningsbanken\/\">\u00f6vningsbanken<\/a>,\u00a0l\u00e5t dig inspireras och l\u00e4r dig nya och roliga cykel\u00f6vningar! \u00d6vningarna finns \u00e4ven p\u00e5 facebook-sidan\u00a0<a href=\"https:\/\/www.facebook.com\/Cykelandreas\/?fref=ts\">\u2019\u2019Cykel-Andreas\u2019\u2019<\/a>.<\/p>\n<p>Har ni n\u00e5gra grymma \u00f6vningar eller hemliga cykelknep? Det spelar ingen roll hur l\u00e4nge du har cyklat, alla id\u00e9er \u00e4r v\u00e4lkomna! Tipsa oss du ocks\u00e5 &#8211; skicka ett mejl till <a href=\"mailto:kansli@scf.se\">kansli@scf.se<\/a>\u00a0med dina b\u00e4sta id\u00e9er s\u00e5 samlar vi ihop dem och l\u00e4gger ut p\u00e5 scf.se\/forbundet.<\/p>\n<p>Tillsammans utvecklar vi cykelsverige!<\/p>\n<p>&nbsp;<\/p>\n","protected":false},"excerpt":{"rendered":"<p>Det \u00e4r verkligen s\u00e5 att\u00a0\u00e5rets svenska framg\u00e5ngar\u00a0har gett en rej\u00e4l skjuts till cykelsverige och f\u00e5r fler ungdomar att testa p\u00e5 cykelsporten. Vi (SCF kansli) f\u00e5r dagligen indikationer p\u00e5 att klubbarna f\u00e5r fler och fler deltagare p\u00e5 tr\u00e4ningarna &#8211; en del beh\u00f6ver fler ledare, andra beh\u00f6ver tips p\u00e5 lekar och roliga cykel\u00f6vningar som de kan<a href=\"https:\/\/scf.se\/forbundet\/inspirationstips-fran-andreas\/\" class=\"news-card__more\"> &#8230;<\/a><\/p>\n","protected":false},"author":17,"featured_media":0,"comment_status":"open","ping_status":"open","sticky":false,"template":"","format":"standard","meta":{"_acf_changed":false,"footnotes":""},"categories":[1],"tags":[],"class_list":["post-1773","post","type-post","status-publish","format-standard","hentry","category-forbundet"],"acf":[],"_links":{"self":[{"href":"https:\/\/scf.se\/forbundet\/wp-json\/wp\/v2\/posts\/1773","targetHints":{"allow":["GET"]}}],"collection":[{"href":"https:\/\/scf.se\/forbundet\/wp-json\/wp\/v2\/posts"}],"about":[{"href":"https:\/\/scf.se\/forbundet\/wp-json\/wp\/v2\/types\/post"}],"author":[{"embeddable":true,"href":"https:\/\/scf.se\/forbundet\/wp-json\/wp\/v2\/users\/17"}],"replies":[{"embeddable":true,"href":"https:\/\/scf.se\/forbundet\/wp-json\/wp\/v2\/comments?post=1773"}],"version-history":[{"count":0,"href":"https:\/\/scf.se\/forbundet\/wp-json\/wp\/v2\/posts\/1773\/revisions"}],"wp:attachment":[{"href":"https:\/\/scf.se\/forbundet\/wp-json\/wp\/v2\/media?parent=1773"}],"wp:term":[{"taxonomy":"category","embeddable":true,"href":"https:\/\/scf.se\/forbundet\/wp-json\/wp\/v2\/categories?post=1773"},{"taxonomy":"post_tag","embeddable":true,"href":"https:\/\/scf.se\/forbundet\/wp-json\/wp\/v2\/tags?post=1773"}],"curies":[{"name":"wp","href":"https:\/\/api.w.org\/{rel}","templated":true}]}}