
{"id":1596,"date":"2016-06-08T17:11:23","date_gmt":"2016-06-08T15:11:23","guid":{"rendered":"http:\/\/scf.se\/forbundet\/?p=1596"},"modified":"2016-06-13T13:08:42","modified_gmt":"2016-06-13T11:08:42","slug":"unikt-erbjudande-fran-skoda-till-forman-for-ungdomscampen","status":"publish","type":"post","link":"https:\/\/scf.se\/forbundet\/unikt-erbjudande-fran-skoda-till-forman-for-ungdomscampen\/","title":{"rendered":"VIP-biljett till Tour de France till f\u00f6rm\u00e5n f\u00f6r SCF Ungdomscamp"},"content":{"rendered":"<hr \/>\n<p>SKODA och cykelresef\u00f6retaget Cycling Adventure st\u00f6ttar Cykelf\u00f6rbundets Ungdomscamp (UC) med ett unikt erbjudande: En VIP-biljett till Tour de France auktioneras ut p\u00e5 Tradera och pengarna g\u00e5r oavkortat till\u00a0Ungdomscampen.<\/p>\n<p>Ungdomscampen samlar ungdomar mellan 13-16 \u00e5r fr\u00e5n cykelsportens alla grenar, som under en helg f\u00e5r tr\u00e4ffas, tr\u00e4na (ej n\u00f6dv\u00e4ndigtvis p\u00e5 cykel) och ha kul tillsammans. Syftet \u00e4r\u00a0att utveckla ungdomarna som individer och utbilda dem i grundl\u00e4ggande t\u00e4vlingsregler, etiska regler och tr\u00e4ningsl\u00e4ra.<\/p>\n<p><a href=\"http:\/\/www.tradera.com\/item\/340193\/259418409\/vip-biljett-till-tour-de-france-etapp-12-mont-ventoux-\">Till Tradera &#8221;VIP-biljett till Tour de France etapp 12&#8221;<\/a><\/p>\n<p>UC 2017 planeras att genomf\u00f6ras n\u00e4sta g\u00e5ng under januari m\u00e5nad 2017.<br \/>\nH\u00e5ll utkik efter information fram\u00e5t h\u00f6stkanten!<\/p>\n<a href=\"https:\/\/scf.se\/forbundet\/wp-content\/uploads\/sites\/9\/2016\/06\/DSC_8427_UC2017-1.jpg\"><img loading=\"lazy\" decoding=\"async\" class=\"alignnone size-post-small wp-image-1610\" src=\"https:\/\/scf.se\/forbundet\/wp-content\/uploads\/sites\/9\/2016\/06\/DSC_8427_UC2017-1-740x462.jpg\" alt=\"DSC_8427_UC2017\" width=\"740\" height=\"462\" \/><\/a>\n<a href=\"https:\/\/scf.se\/forbundet\/wp-content\/uploads\/sites\/9\/2016\/06\/DSC_8562_UC2017.jpg\"><img loading=\"lazy\" decoding=\"async\" class=\"alignnone wp-image-1605 size-post-small\" src=\"https:\/\/scf.se\/forbundet\/wp-content\/uploads\/sites\/9\/2016\/06\/DSC_8562_UC2017-740x462.jpg\" alt=\"DSC_8562_UC2017\" width=\"740\" height=\"462\" \/><\/a> <a href=\"https:\/\/scf.se\/forbundet\/wp-content\/uploads\/sites\/9\/2016\/06\/DSC_8595_UC2017.jpg\"><img loading=\"lazy\" decoding=\"async\" class=\"alignnone wp-image-1606 size-post-small\" src=\"https:\/\/scf.se\/forbundet\/wp-content\/uploads\/sites\/9\/2016\/06\/DSC_8595_UC2017-740x462.jpg\" alt=\"DSC_8595_UC2017\" width=\"740\" height=\"462\" \/><\/a> <a href=\"https:\/\/scf.se\/forbundet\/wp-content\/uploads\/sites\/9\/2016\/06\/DSC_8646_UC2017.jpg\"><img loading=\"lazy\" decoding=\"async\" class=\"alignnone wp-image-1607 size-post-small\" src=\"https:\/\/scf.se\/forbundet\/wp-content\/uploads\/sites\/9\/2016\/06\/DSC_8646_UC2017-740x462.jpg\" alt=\"DSC_8646_UC2017\" width=\"740\" height=\"462\" \/><\/a> <a href=\"https:\/\/scf.se\/forbundet\/wp-content\/uploads\/sites\/9\/2016\/06\/DSC_8788_UC2017.jpg\"><img loading=\"lazy\" decoding=\"async\" class=\"alignnone wp-image-1608 size-post-small\" src=\"https:\/\/scf.se\/forbundet\/wp-content\/uploads\/sites\/9\/2016\/06\/DSC_8788_UC2017-740x462.jpg\" alt=\"DSC_8788_UC2017\" width=\"740\" height=\"462\" \/><\/a>\n<p>F\u00f6rsta upplagan av ungdomscampen arrangerades 2015 i \u00c5nnaboda.<\/p>\n<p>&nbsp;<\/p>\n","protected":false},"excerpt":{"rendered":"<p>SKODA och cykelresef\u00f6retaget Cycling Adventure st\u00f6ttar Cykelf\u00f6rbundets Ungdomscamp (UC) med ett unikt erbjudande: En VIP-biljett till Tour de France auktioneras ut p\u00e5 Tradera och pengarna g\u00e5r oavkortat till\u00a0Ungdomscampen. Ungdomscampen samlar ungdomar mellan 13-16 \u00e5r fr\u00e5n cykelsportens alla grenar, som under en helg f\u00e5r tr\u00e4ffas, tr\u00e4na (ej n\u00f6dv\u00e4ndigtvis p\u00e5 cykel) och ha kul tillsammans. Syftet<a href=\"https:\/\/scf.se\/forbundet\/unikt-erbjudande-fran-skoda-till-forman-for-ungdomscampen\/\" class=\"news-card__more\"> &#8230;<\/a><\/p>\n","protected":false},"author":2,"featured_media":0,"comment_status":"open","ping_status":"open","sticky":false,"template":"","format":"standard","meta":{"_acf_changed":false,"footnotes":""},"categories":[1],"tags":[],"class_list":["post-1596","post","type-post","status-publish","format-standard","hentry","category-forbundet"],"acf":[],"_links":{"self":[{"href":"https:\/\/scf.se\/forbundet\/wp-json\/wp\/v2\/posts\/1596","targetHints":{"allow":["GET"]}}],"collection":[{"href":"https:\/\/scf.se\/forbundet\/wp-json\/wp\/v2\/posts"}],"about":[{"href":"https:\/\/scf.se\/forbundet\/wp-json\/wp\/v2\/types\/post"}],"author":[{"embeddable":true,"href":"https:\/\/scf.se\/forbundet\/wp-json\/wp\/v2\/users\/2"}],"replies":[{"embeddable":true,"href":"https:\/\/scf.se\/forbundet\/wp-json\/wp\/v2\/comments?post=1596"}],"version-history":[{"count":0,"href":"https:\/\/scf.se\/forbundet\/wp-json\/wp\/v2\/posts\/1596\/revisions"}],"wp:attachment":[{"href":"https:\/\/scf.se\/forbundet\/wp-json\/wp\/v2\/media?parent=1596"}],"wp:term":[{"taxonomy":"category","embeddable":true,"href":"https:\/\/scf.se\/forbundet\/wp-json\/wp\/v2\/categories?post=1596"},{"taxonomy":"post_tag","embeddable":true,"href":"https:\/\/scf.se\/forbundet\/wp-json\/wp\/v2\/tags?post=1596"}],"curies":[{"name":"wp","href":"https:\/\/api.w.org\/{rel}","templated":true}]}}