
{"id":1513,"date":"2016-05-18T16:30:28","date_gmt":"2016-05-18T14:30:28","guid":{"rendered":"http:\/\/scf.se\/forbundet\/?p=1513"},"modified":"2016-06-13T17:51:06","modified_gmt":"2016-06-13T15:51:06","slug":"1513-2","status":"publish","type":"post","link":"https:\/\/scf.se\/forbundet\/1513-2\/","title":{"rendered":"Vad \u00e4r SWE Cup"},"content":{"rendered":"<p>SWE Cup \u00e4r en cup f\u00f6r Elit och Junior. Det har varit grundtanken fr\u00e5n b\u00f6rjan\u00a0n\u00e4r cupen startades. SWE Cup skall vara en t\u00e4vling f\u00f6r Sveriges b\u00e4sta cyklister i respektive gren. Det ska ocks\u00e5 finnas tydliga utvecklingssteg med \u00f6kning av sv\u00e5righetsgrad i t\u00e4vlandet, fr\u00e5n PostNordtrampet for Kids till distriktst\u00e4vlingar och\u00a0upp till v\u00e4rldscuper och internationella m\u00e4sterskap.<\/p>\n<p>I Sverige har vi bara p\u00e5 n\u00e5gra \u00e5r g\u00e5tt fr\u00e5n att arrangera tv\u00e5 UCI-kategoriserade t\u00e4vlingar till nio UCI-arrangemang i \u00e5r. En fantastiskt utveckling som inneb\u00e4r m\u00f6jligheter att ta viktiga UCI-po\u00e4ng p\u00e5 hemmaplan.\u00a0Svenska Cykelf\u00f6rbundets egna t\u00e4vlingar &#8211; i \u00e5r \u00e4r de 13 stycken SM-arrangemang, 29\u00a0SWE Cup-t\u00e4vlingar i 7 grenar &#8211; plus de n\u00e4mnda internationella UCI-t\u00e4vlingarna kr\u00e4ver en viss m\u00e4ngd centrala resurser.\u00a0 F\u00f6r att en arrang\u00f6rsf\u00f6rening ska ta p\u00e5 sig att genomf\u00f6ra\u00a0\u201df\u00f6rbundets t\u00e4vlingar\u201d ska arrang\u00f6ren, oavsett gren, kunna f\u00f6rv\u00e4nta sig samma st\u00f6ttning fr\u00e5n f\u00f6rbundet centralt. St\u00f6ttningen inneb\u00e4r bland annat personal p\u00e5 plats (t.ex. kommissarier), materiel, prispengar, medaljer, pokaler och ledartr\u00f6jor.<\/p>\n<p>F\u00f6r att tydligg\u00f6ra vad SWE Cup \u00e4r: M\u00e5let \u00e4r p\u00e5 sikt att kunna f\u00e5 till sponsrade cuper f\u00f6r Elit, Ungdom och Masters i alla grenar, vilket i sin tur kan generera resurser f\u00f6r en utvecklad verksamhet. Men\u00a0Svenska Cykelf\u00f6rbundet st\u00e4ller sig inte bakom cupverksamhet f\u00f6r barn under 12 \u00e5r. Barns t\u00e4vlande ska vara p\u00e5 barnens villkor, och SCF har valt att f\u00f6lja Riksidrottsf\u00f6rbundets riktlinjer f\u00f6r barn och ungdomsidrott.\u00a0En inriktning som har som m\u00e5ls\u00e4ttning\u00a0 att gynna ett livsl\u00e5ngt idrottande, vilket vi inom cykel har fantastiska f\u00f6ruts\u00e4ttningar f\u00f6r.<\/p>\n<p><a href=\"http:\/\/www.svenskidrott.se\/Barnochungdomsidrott\/Riktlinjerforbarn-ochungdomsidrotten\/\">L\u00e4s g\u00e4rna mer om detta viktiga \u00e4mne h\u00e4r<\/a><\/p>\n<p>Det \u00e4r ocks\u00e5 viktigt att cuperna blir ett steg i utvecklingstrappan, d\u00e4r de rikst\u00e4ckande cuperna blir slutm\u00e5let. Man skulle kunna t\u00e4nka sig distriktscuper som synkas med delt\u00e4vlingar i SWE Cup s\u00e5 att ungdomar och nationella idoler m\u00f6ts p\u00e5 samma banor flera g\u00e5nger under en s\u00e4song.<\/p>\n<p><strong>Varf\u00f6r har SCF inte kommunicerat ut detta b\u00e4ttre?<br \/>\n<\/strong>Vi har helt enkelt inte r\u00e4ckt till. P\u00e5 Svenska Cykelf\u00f6rbundets kansli arbetar fem personer + en p\u00e5 halvtid som sk\u00f6ter ekonomin. Ut\u00f6ver det har vi ute i verksamheten arvoderade f\u00f6rbundskaptener och kommissarier, tidtagare, m\u00e5lkamerask\u00f6tare med flera. Men Svenska Cykelf\u00f6rbundet best\u00e5r \u00e4ven av alla de ideella krafterna som g\u00f6r det m\u00f6jligt f\u00f6r Sveriges cyklister att t\u00e4vla p\u00e5 hemmaplan. T\u00e4vlingsledare, funktion\u00e4rer, distrikt, styrelsemedlemmar och f\u00f6reningskanslister \u00e4r bara n\u00e5gra av alla de som jobbar f\u00f6r cykelsporten. Idrott m\u00e5ste bygga p\u00e5 ideella krafter om den ska \u00f6verleva<\/p>\n<p>Alla som p\u00e5 n\u00e5got vis engagerar sig i svensk t\u00e4vlingscykling och n\u00e5gon av dess sju grenar sitter p\u00e5 enorma kunskaper, kontakter och bra id\u00e9er om hur Cykelsverige ska fungera. Om vi lyckas utnyttja dessa krafter p\u00e5 r\u00e4tt s\u00e4tt, t.ex. genom fungerande grengrupper, kommer vi att kunna ta tillvara p\u00e5 det stora intresse som just nu finns f\u00f6r cykelsporten, som vi l\u00e4ser om i media och som vi m\u00e4rker av inte minst genom ett stort intresse f\u00f6r att starta cykelf\u00f6reningar och bli medlemmar i SCF.<\/p>\n<p>\u201dF\u00f6rbundet\u201d, dvs alla n\u00e4mnda och fler d\u00e4rtill, jobbar h\u00e5rt f\u00f6r att organisera cykelsverige s\u00e5 att vi blir ett specialf\u00f6rbund som h\u00e4nger med i utvecklingen, f\u00e5r resurser i form av sponsorer och samarbetspartners med enda syfte att tillgodose alla behov som finns i verksamheten.<\/p>\n<p>Vi g\u00f6r v\u00e5rt b\u00e4sta f\u00f6r att alla sm\u00e5 steg fram\u00e5t ska g\u00e5 i r\u00e4tt riktning!<\/p>\n","protected":false},"excerpt":{"rendered":"<p>SWE Cup \u00e4r en cup f\u00f6r Elit och Junior. Det har varit grundtanken fr\u00e5n b\u00f6rjan\u00a0n\u00e4r cupen startades. SWE Cup skall vara en t\u00e4vling f\u00f6r Sveriges b\u00e4sta cyklister i respektive gren. Det ska ocks\u00e5 finnas tydliga utvecklingssteg med \u00f6kning av sv\u00e5righetsgrad i t\u00e4vlandet, fr\u00e5n PostNordtrampet for Kids till distriktst\u00e4vlingar och\u00a0upp till v\u00e4rldscuper och internationella m\u00e4sterskap.<a href=\"https:\/\/scf.se\/forbundet\/1513-2\/\" class=\"news-card__more\"> &#8230;<\/a><\/p>\n","protected":false},"author":2,"featured_media":0,"comment_status":"open","ping_status":"open","sticky":false,"template":"","format":"standard","meta":{"_acf_changed":false,"footnotes":""},"categories":[1],"tags":[],"class_list":["post-1513","post","type-post","status-publish","format-standard","hentry","category-forbundet"],"acf":[],"_links":{"self":[{"href":"https:\/\/scf.se\/forbundet\/wp-json\/wp\/v2\/posts\/1513","targetHints":{"allow":["GET"]}}],"collection":[{"href":"https:\/\/scf.se\/forbundet\/wp-json\/wp\/v2\/posts"}],"about":[{"href":"https:\/\/scf.se\/forbundet\/wp-json\/wp\/v2\/types\/post"}],"author":[{"embeddable":true,"href":"https:\/\/scf.se\/forbundet\/wp-json\/wp\/v2\/users\/2"}],"replies":[{"embeddable":true,"href":"https:\/\/scf.se\/forbundet\/wp-json\/wp\/v2\/comments?post=1513"}],"version-history":[{"count":0,"href":"https:\/\/scf.se\/forbundet\/wp-json\/wp\/v2\/posts\/1513\/revisions"}],"wp:attachment":[{"href":"https:\/\/scf.se\/forbundet\/wp-json\/wp\/v2\/media?parent=1513"}],"wp:term":[{"taxonomy":"category","embeddable":true,"href":"https:\/\/scf.se\/forbundet\/wp-json\/wp\/v2\/categories?post=1513"},{"taxonomy":"post_tag","embeddable":true,"href":"https:\/\/scf.se\/forbundet\/wp-json\/wp\/v2\/tags?post=1513"}],"curies":[{"name":"wp","href":"https:\/\/api.w.org\/{rel}","templated":true}]}}