
{"id":1403,"date":"2016-04-22T09:56:15","date_gmt":"2016-04-22T07:56:15","guid":{"rendered":"http:\/\/scf.se\/forbundet\/?p=1403"},"modified":"2016-04-25T10:23:43","modified_gmt":"2016-04-25T08:23:43","slug":"sasongstart-for-swecup-2016","status":"publish","type":"post","link":"https:\/\/scf.se\/forbundet\/sasongstart-for-swecup-2016\/","title":{"rendered":"S\u00e4songstart f\u00f6r SWECUP 2016"},"content":{"rendered":"<p>Nu \u00e4r det dags f\u00f6r den f\u00f6rsta SWECUP- t\u00e4vling f\u00f6r s\u00e4songen. F\u00f6rst ut \u00e4r Landsv\u00e4g som har sin f\u00f6rsta SWECUP-t\u00e4vling den 23 april i Kinnekulle, d\u00e4refter f\u00f6ljer fem delt\u00e4vlingar.<\/p>\n<p>Det \u00e4r full aktivitet, f\u00f6reningar och distrikt har visat ett stort engagemang inf\u00f6r s\u00e4songen och d\u00e4rf\u00f6r har vi ocks\u00e5 m\u00e5nga sp\u00e4nnande t\u00e4vlingar framf\u00f6r oss i \u00e5r. Det \u00e4r allt ifr\u00e5n fyra till \u00e5tta delt\u00e4vlingar i SWECUP t\u00e4vlingarna i grenarna MTB, Landsv\u00e4g, Paracykel och BMX. Det finns allts\u00e5 m\u00e5nga tillf\u00e4llen f\u00f6r cyklisterna att g\u00f6ra upp om medaljerna.<\/p>\n<p>MTB XC har sin f\u00f6rsta t\u00e4vling den 30 april med Klippingeracet i S\u00e4ter. Av sex delt\u00e4vlingar \u00e4r hela fem UCI rankade! Cyklisterna kan d\u00e4rmed samla UCI-po\u00e4ng p\u00e5 hemmaplan, vilka ligger till grund f\u00f6r antal kvalificerade platser till OS.<\/p>\n<p>Paracykel drar ig\u00e5ng sina t\u00e4vlingar den 30 april i Uppsala, d\u00e4refter f\u00f6ljer sju delt\u00e4vlingar. BMX har sin f\u00f6rsta delt\u00e4vling av fyra den 14 maj i Kungsbacka. CX-cupen tar vid till h\u00f6sten och planeras f\u00f6r full, prelimin\u00e4rt\u00a0startdatum \u00e4r 24 september i G\u00f6teborg.<\/p>\n<p>H\u00e4rligt att s\u00e4songen \u00e4r i g\u00e5ng p\u00e5 allvar, det blir sp\u00e4nnande att se klubbar och cyklisters utveckling fr\u00e5n f\u00f6rra s\u00e4songen, s\u00e4ger sportchef Jonas Ljungblad<\/p>\n<p>G\u00e5 in p\u00e5 respektive grensida och l\u00e4s mer<\/p>\n","protected":false},"excerpt":{"rendered":"<p>Nu \u00e4r det dags f\u00f6r den f\u00f6rsta SWECUP- t\u00e4vling f\u00f6r s\u00e4songen. F\u00f6rst ut \u00e4r Landsv\u00e4g som har sin f\u00f6rsta SWECUP-t\u00e4vling den 23 april i Kinnekulle, d\u00e4refter f\u00f6ljer fem delt\u00e4vlingar. Det \u00e4r full aktivitet, f\u00f6reningar och distrikt har visat ett stort engagemang inf\u00f6r s\u00e4songen och d\u00e4rf\u00f6r har vi ocks\u00e5 m\u00e5nga sp\u00e4nnande t\u00e4vlingar framf\u00f6r oss i<a href=\"https:\/\/scf.se\/forbundet\/sasongstart-for-swecup-2016\/\" class=\"news-card__more\"> &#8230;<\/a><\/p>\n","protected":false},"author":2,"featured_media":0,"comment_status":"open","ping_status":"open","sticky":false,"template":"","format":"standard","meta":{"_acf_changed":false,"footnotes":""},"categories":[1],"tags":[],"class_list":["post-1403","post","type-post","status-publish","format-standard","hentry","category-forbundet"],"acf":[],"_links":{"self":[{"href":"https:\/\/scf.se\/forbundet\/wp-json\/wp\/v2\/posts\/1403","targetHints":{"allow":["GET"]}}],"collection":[{"href":"https:\/\/scf.se\/forbundet\/wp-json\/wp\/v2\/posts"}],"about":[{"href":"https:\/\/scf.se\/forbundet\/wp-json\/wp\/v2\/types\/post"}],"author":[{"embeddable":true,"href":"https:\/\/scf.se\/forbundet\/wp-json\/wp\/v2\/users\/2"}],"replies":[{"embeddable":true,"href":"https:\/\/scf.se\/forbundet\/wp-json\/wp\/v2\/comments?post=1403"}],"version-history":[{"count":0,"href":"https:\/\/scf.se\/forbundet\/wp-json\/wp\/v2\/posts\/1403\/revisions"}],"wp:attachment":[{"href":"https:\/\/scf.se\/forbundet\/wp-json\/wp\/v2\/media?parent=1403"}],"wp:term":[{"taxonomy":"category","embeddable":true,"href":"https:\/\/scf.se\/forbundet\/wp-json\/wp\/v2\/categories?post=1403"},{"taxonomy":"post_tag","embeddable":true,"href":"https:\/\/scf.se\/forbundet\/wp-json\/wp\/v2\/tags?post=1403"}],"curies":[{"name":"wp","href":"https:\/\/api.w.org\/{rel}","templated":true}]}}