
{"id":12560,"date":"2026-09-02T15:27:29","date_gmt":"2026-09-02T13:27:29","guid":{"rendered":"https:\/\/scf.se\/forbundet\/?p=12560"},"modified":"2026-09-02T15:55:20","modified_gmt":"2026-09-02T13:55:20","slug":"sena-anmalningar-ger-arrangorer-problem-scf-vadjar-om-tidigare-registreringar","status":"publish","type":"post","link":"https:\/\/scf.se\/forbundet\/sena-anmalningar-ger-arrangorer-problem-scf-vadjar-om-tidigare-registreringar\/","title":{"rendered":"SCF v\u00e4djar om tidigare anm\u00e4lningar: arrang\u00f6rerna f\u00e5r allt st\u00f6rre problem"},"content":{"rendered":"<p><strong>Problemet f\u00f6r arrang\u00f6rerna med deltagare som anm\u00e4ler sig s\u00e5 sent att det blir sv\u00e5rt att veta om t\u00e4vlingen g\u00e5r att genomf\u00f6ra forts\u00e4tter. Svenska Cykelf\u00f6rbundets t\u00e4vlingsansvarige Jonas Haglund s\u00e4ger s\u00e5 h\u00e4r med anledning av att den nya Citycupens delt\u00e4vling #2 och #3, Wolfram Grand Prix i Link\u00f6ping och V\u00e5rg\u00e5rda GP, har tvingats st\u00e4llas in:<\/strong><\/p>\n<a href=\"https:\/\/scf.se\/forbundet\/wp-content\/uploads\/sites\/9\/2026\/09\/spurt-om-3e-pris-1.jpg\"><img loading=\"lazy\" decoding=\"async\" class=\"alignnone size-full wp-image-12566\" src=\"https:\/\/scf.se\/forbundet\/wp-content\/uploads\/sites\/9\/2026\/09\/spurt-om-3e-pris-1.jpg\" alt=\"\" width=\"2469\" height=\"1620\" srcset=\"https:\/\/scf.se\/forbundet\/wp-content\/uploads\/sites\/9\/2026\/09\/spurt-om-3e-pris-1.jpg 2469w, https:\/\/scf.se\/forbundet\/wp-content\/uploads\/sites\/9\/2026\/09\/spurt-om-3e-pris-1-300x197.jpg 300w, https:\/\/scf.se\/forbundet\/wp-content\/uploads\/sites\/9\/2026\/09\/spurt-om-3e-pris-1-1024x672.jpg 1024w, https:\/\/scf.se\/forbundet\/wp-content\/uploads\/sites\/9\/2026\/09\/spurt-om-3e-pris-1-768x504.jpg 768w, https:\/\/scf.se\/forbundet\/wp-content\/uploads\/sites\/9\/2026\/09\/spurt-om-3e-pris-1-1536x1008.jpg 1536w, https:\/\/scf.se\/forbundet\/wp-content\/uploads\/sites\/9\/2026\/09\/spurt-om-3e-pris-1-2048x1344.jpg 2048w\" sizes=\"auto, (max-width: 2469px) 100vw, 2469px\" \/><\/a>\n<blockquote><p>&#8221;Efter det tr\u00e5kiga beskedet att f\u00f6rst Wolfram och sedan V\u00e5rg\u00e5rda (bilden ovan) st\u00e4llde in sina lopp, till stor del baserat p\u00e5 anm\u00e4lningsl\u00e4get, v\u00e4djar vi till deltagarna att b\u00f6rja anm\u00e4la sig i tid. Annars kommer vi nog att f\u00e5 se fler inst\u00e4llda lopp. Men \u00e4ven andra lopp i andra grenar \u00e4r och har varit i en liknande situation under \u00e5ret. Det \u00e4r bara att titta p\u00e5 anm\u00e4lningskurvan till Citycupens f\u00f6rsta delt\u00e4vling, kortdistans-SM. N\u00e4stan alla v\u00e4ntade till precis innan med att anm\u00e4la sig och det funkar inte om det enbart \u00e4r en klubb som arrang\u00f6r&#8221;, s\u00e4ger SCF t\u00e4vlingsansvarige Jonas Haglund och pekar p\u00e5 diagrammet nedan.<\/p><\/blockquote>\n<a href=\"https:\/\/scf.se\/forbundet\/wp-content\/uploads\/sites\/9\/2026\/09\/dddddddd.png\"><img loading=\"lazy\" decoding=\"async\" class=\"alignnone size-full wp-image-12572\" src=\"https:\/\/scf.se\/forbundet\/wp-content\/uploads\/sites\/9\/2026\/09\/dddddddd.png\" alt=\"\" width=\"888\" height=\"408\" srcset=\"https:\/\/scf.se\/forbundet\/wp-content\/uploads\/sites\/9\/2026\/09\/dddddddd.png 888w, https:\/\/scf.se\/forbundet\/wp-content\/uploads\/sites\/9\/2026\/09\/dddddddd-300x138.png 300w, https:\/\/scf.se\/forbundet\/wp-content\/uploads\/sites\/9\/2026\/09\/dddddddd-768x353.png 768w\" sizes=\"auto, (max-width: 888px) 100vw, 888px\" \/><\/a>\n<p class=\"isSelectedEnd\">Fr\u00e5gan \u00e4r v\u00e4ldigt aktuell och p\u00e5taglig, inte minst f\u00f6r de flesta lopp som arrangeras efter n\u00e4mnda SM-veckor.<\/p>\n<blockquote>\n<p class=\"isSelectedEnd\">&#8221;Det beh\u00f6vs en f\u00f6r\u00e4ndring f\u00f6r cykelsportens framtid. Flera \u00e5terst\u00e5ende lopp har ocks\u00e5 problem med v\u00e4ldigt f\u00e5 tidiga anm\u00e4lningar&#8221;, s\u00e4ger Jonas Haglund.<\/p>\n<\/blockquote>\n<p class=\"isSelectedEnd\">Anundsloppet i V\u00e4ster\u00e5s p\u00e5 s\u00f6ndag den 6 september \u00e4r ett klassiskt lopp i den svenska cykelhistorien. Loppet, som startade 1939, \u00e4r ocks\u00e5 ett kriterium och genomf\u00f6rs p\u00e5 en vacker 3,8 kilometer l\u00e5ng varvbana i anslutning till Anundsh\u00f6g. P\u00e5 den gamla goda tiden samlade Anundsloppet ett internationellt startf\u00e4lt.<\/p>\n<p class=\"isSelectedEnd\">Med bara tv\u00e5 dagar kvar till sista m\u00f6jligheten att registrera efteranm\u00e4lan, fredag 4 september kl. 16.00, \u00e4r det oroligt hos arrangerande V\u00e4ster\u00e5s CK. Det b\u00f6rjar droppa in lite anm\u00e4lningar p\u00e5 herrsidan, medan damklasserna \u00e4r desto mer tomma.<\/p>\n<blockquote>\n<p class=\"isSelectedEnd\">&#8221;Det \u00e4r verkligen en gammal klassiker. Vi m\u00e5ste dels v\u00e4dja till cyklisterna att hj\u00e4lpa v\u00e5ra arrang\u00f6rsf\u00f6reningar genom att anm\u00e4la sig tidigt om man vet att man ska k\u00f6ra. Sedan m\u00e5ste det till n\u00e5gon form av tr\u00e4ff med arrang\u00f6rer d\u00e4r vi f\u00e5r bolla id\u00e9er om hur det ska g\u00e5 till&#8221;, s\u00e4ger Jonas Haglund.<\/p>\n<\/blockquote>\n<p>Vi ska i samband med inst\u00e4llda lopp notera att SM Jaktstart f\u00f6r handcyklister och sista t\u00e4vlingen i SWE Cup Para, som skulle ha k\u00f6rts i samband med Citycupen #2, kommer att k\u00f6ras i samband med Klar\u00e4lvsloppet den 19 september.<em><strong><a href=\"https:\/\/scf.se\/paracykel\/sm-jaktstart-och-swe-cup-avslutning\/\"> Info om SM i handcykel och sista SWE Cup-delt\u00e4vlingen f\u00f6r paracyklisterna finns h\u00e4r<\/a>!<\/strong><\/em><\/p>\n<ul>\n<li><em><strong>Har du eller din f\u00f6rening n\u00e5gon id\u00e9 om hur vi tillsammans kan f\u00f6rb\u00e4ttra situationen med n\u00e4stan idel sena anm\u00e4lningar, mejla Jonas Haglund, som \u00e4r t\u00e4vlingsansvarig i de flesta grenar, p\u00e5<\/strong><\/em>: <em><strong><a href=\"mailto:jonas.haglund@scf.se\">jonas.haglund@scf.se<\/a><\/strong><\/em><\/li>\n<\/ul>\n<p><em>Text: SCF<\/em><\/p>\n","protected":false},"excerpt":{"rendered":"<p>Problemet f\u00f6r arrang\u00f6rerna med deltagare som anm\u00e4ler sig s\u00e5 sent att det blir sv\u00e5rt att veta om t\u00e4vlingen g\u00e5r att genomf\u00f6ra forts\u00e4tter. Svenska Cykelf\u00f6rbundets t\u00e4vlingsansvarige Jonas Haglund s\u00e4ger s\u00e5 h\u00e4r med anledning av att den nya Citycupens delt\u00e4vling #2 och #3, Wolfram Grand Prix i Link\u00f6ping och V\u00e5rg\u00e5rda GP, har tvingats st\u00e4llas in: &#8221;Efter<a href=\"https:\/\/scf.se\/forbundet\/sena-anmalningar-ger-arrangorer-problem-scf-vadjar-om-tidigare-registreringar\/\" class=\"news-card__more\"> &#8230;<\/a><\/p>\n","protected":false},"author":41,"featured_media":12578,"comment_status":"open","ping_status":"open","sticky":true,"template":"","format":"standard","meta":{"_acf_changed":false,"footnotes":""},"categories":[1],"tags":[],"class_list":["post-12560","post","type-post","status-publish","format-standard","hentry","category-forbundet"],"acf":[],"_links":{"self":[{"href":"https:\/\/scf.se\/forbundet\/wp-json\/wp\/v2\/posts\/12560","targetHints":{"allow":["GET"]}}],"collection":[{"href":"https:\/\/scf.se\/forbundet\/wp-json\/wp\/v2\/posts"}],"about":[{"href":"https:\/\/scf.se\/forbundet\/wp-json\/wp\/v2\/types\/post"}],"author":[{"embeddable":true,"href":"https:\/\/scf.se\/forbundet\/wp-json\/wp\/v2\/users\/41"}],"replies":[{"embeddable":true,"href":"https:\/\/scf.se\/forbundet\/wp-json\/wp\/v2\/comments?post=12560"}],"version-history":[{"count":14,"href":"https:\/\/scf.se\/forbundet\/wp-json\/wp\/v2\/posts\/12560\/revisions"}],"predecessor-version":[{"id":12579,"href":"https:\/\/scf.se\/forbundet\/wp-json\/wp\/v2\/posts\/12560\/revisions\/12579"}],"wp:featuredmedia":[{"embeddable":true,"href":"https:\/\/scf.se\/forbundet\/wp-json\/wp\/v2\/media\/12578"}],"wp:attachment":[{"href":"https:\/\/scf.se\/forbundet\/wp-json\/wp\/v2\/media?parent=12560"}],"wp:term":[{"taxonomy":"category","embeddable":true,"href":"https:\/\/scf.se\/forbundet\/wp-json\/wp\/v2\/categories?post=12560"},{"taxonomy":"post_tag","embeddable":true,"href":"https:\/\/scf.se\/forbundet\/wp-json\/wp\/v2\/tags?post=12560"}],"curies":[{"name":"wp","href":"https:\/\/api.w.org\/{rel}","templated":true}]}}