
{"id":12552,"date":"2026-09-01T17:27:13","date_gmt":"2026-09-01T15:27:13","guid":{"rendered":"https:\/\/scf.se\/forbundet\/?p=12552"},"modified":"2026-09-01T17:31:30","modified_gmt":"2026-09-01T15:31:30","slug":"missa-inte-att-kolla-in-fritidskortet-som-kan-ge-boost-for-cyklingen","status":"publish","type":"post","link":"https:\/\/scf.se\/forbundet\/missa-inte-att-kolla-in-fritidskortet-som-kan-ge-boost-for-cyklingen\/","title":{"rendered":"Missa inte att kolla in Fritidskortet \u2013 som kan ge boost f\u00f6r cyklingen"},"content":{"rendered":"<div id=\"svid10_2049846e17fb182d9d951b0\" class=\"sv-row sv-layout sv-skip-spacer sv-template-layout\">\n<div id=\"svid10_2049846e17fb182d9d951b1\" class=\"sv-layout sv-skip-spacer sv-column-12 sv-template-layout\">\n<div id=\"svid10_2049846e17fb182d9d951b2\" class=\"sv-spacer-1_5emvt sv-vertical sv-layout sv-skip-spacer sv-template-layout\">\n<div id=\"svid94_67b31cb1900fce75de769d2\" class=\"pagecontent sv-layout sv-spacer-1_5emvt sv-skip-spacer\">\n<div id=\"svid12_67b31cb1900fce75de769d4\" class=\"sv-text-portlet sv-use-margins\">\n<div class=\"sv-text-portlet-content\"><strong>Fritidskortet \u00e4r en reform fr\u00e5n regeringen med syfte att fr\u00e4mja barns och ungas deltagande i fritidsaktiviteter och ge fler m\u00f6jlighet till en meningsfull fritid. Svenska Cykelf\u00f6rbundet vill informera alla v\u00e5ra medlemmar om f\u00f6rdelarna med Fritidskortet och hur man skaffar det.<\/strong><\/div>\n<\/div>\n<\/div>\n<\/div>\n<\/div>\n<\/div>\n<div id=\"svid10_2049846e17fb182d9d951b8\" class=\"sv-row sv-layout sv-template-layout c5708\">\n<div id=\"svid10_2049846e17fb182d9d951b9\" class=\"sv-layout sv-skip-spacer sv-column-12 sv-template-layout\">\n<div id=\"svid10_2049846e17fb182d9d951ba\" class=\"sv-vertical sv-layout sv-skip-spacer sv-template-layout\">\n<div id=\"svid94_67b31cb1900fce75de769d5\" class=\"pagecontent sv-layout\">\n<div id=\"svid12_67b31cb1900fce75de769d7\" class=\"sv-text-portlet sv-use-margins\">\n<div class=\"sv-text-portlet-content\">\n<p class=\"hiq-p\">Fritidskortet \u00e4r ett ekonomiskt st\u00f6d f\u00f6r barn mellan 6 och 16 \u00e5r som kan anv\u00e4ndas till att betala f\u00f6r regelbundna fritidsaktiviteter inom idrott, kultur, friluftsliv och andra barn- och ungdomsf\u00f6reningar. F\u00f6r att anv\u00e4nda sitt kort anv\u00e4nder f\u00f6r\u00e4ldrar och v\u00e5rdnadshavare sig av Fritidskortets digitala tj\u00e4nst.<\/p>\n<p class=\"hiq-p\">Fritidskortet lanserades i september 2025. Den 5 januari 2026 h\u00f6jdes beloppen vilket inneb\u00e4r att nu f\u00e5r alla barn 550 kr (tidigare 500 kr) per kalender\u00e5r. Barn som bor i hush\u00e5ll som f\u00e5tt bostadsbidrag \u00e5ret innan f\u00e5r ett h\u00f6gre belopp, 2 500 kr (tidigare 2 000 kr) per kalender\u00e5r.<\/p>\n<p class=\"hiq-p\">Det g\u00e5r att anv\u00e4nda Fritidskortet fram till den 30 november varje \u00e5r. Och observera att det g\u00e5r inte att spara pengarna till n\u00e4sta \u00e5r.<\/p>\n<h2 id=\"h-Fritidskortetsregister\" class=\"hiq-h2\">Fritidskortets register<\/h2>\n<p class=\"hiq-p\">Det \u00e4r frivilligt f\u00f6r f\u00f6reningar att vara mottagare av Fritidskortet. Idrottsf\u00f6reningar som vill kunna ta emot fritidskort beh\u00f6ver ansluta sig till Fritidskortets register som finns hos F\u00f6rs\u00e4kringskassan. Det \u00e4r F\u00f6rs\u00e4kringskassan som beslutar om f\u00f6reningen kan bli ansluten. F\u00f6r att idrottsf\u00f6reningar ska kunna ansluta sig g\u00e4ller f\u00f6ljande:<\/p>\n<ul class=\" env-text-list hiq-p\">\n<li>Tagit emot statligt lokalt aktivitetsst\u00f6d (LOK-st\u00f6d) fr\u00e5n Riksidrottsf\u00f6rbundet<\/li>\n<li>Har svenskt organisationsnummer och bankgiro- eller plusgironummer.<\/li>\n<\/ul>\n<p class=\"hiq-p\"><em><strong><a href=\"https:\/\/fritidskortet.se\/riksidrottsforbundet\">Mer information om hur idrottsf\u00f6reningar ansluter finns h\u00e4r p\u00e5 fritidskortet.se.<\/a><\/strong><\/em><\/p>\n<p class=\"hiq-p\">Det \u00e4r kostnadsfritt f\u00f6r f\u00f6reningar att ansluta sig till registret. D\u00e4remot kan hanteringen av Fritidskortet vara f\u00f6rknippat med \u00f6kade kostnader i form av tid och resurser beroende p\u00e5 bland annat hur f\u00f6reningen idag hanterar sina betalningar och i vilket system. Idrottsf\u00f6reningar som vill veta mer om detta kan v\u00e4nda sig till sitt f\u00f6reningsadministrativa system.<\/p>\n<h2 id=\"h-NarenforeningaranslutentillFritidskortet\" class=\"hiq-h2\">N\u00e4r en f\u00f6rening \u00e4r ansluten till Fritidskortet<\/h2>\n<p class=\"hiq-p\">N\u00e4r en f\u00f6rening f\u00e5tt besked fr\u00e5n F\u00f6rs\u00e4kringskassan att ans\u00f6kan \u00e4r godk\u00e4nd \u2013 d\u00e5 \u00e4r f\u00f6reningen med i Fritidskortet.<\/p>\n<p class=\"hiq-p\">P\u00e5 fritidskortet.se finns kommunikationsmaterial f\u00f6r f\u00f6reningar som vill informera om Fritidskortet. Bland annat finns bilder, filmer, affischer, anv\u00e4ndarguider och olika typer av mallar f\u00f6r egen kommunikation att ladda ned.<\/p>\n<p class=\"hiq-p\"><em><strong><a href=\"https:\/\/fritidskortet.se\/material\">Kommunikationsmaterial om Fritidskortet <span class=\"show-for-sr\">hittar ni h\u00e4r!<\/span><\/a><\/strong><\/em><\/p>\n<h2 id=\"h-Ansvarigamyndigheter\" class=\"hiq-h2\">Ansvariga myndigheter<\/h2>\n<p class=\"hiq-p\">Fritidskortet \u00e4r en reform fr\u00e5n regeringen. Implementeringen och f\u00f6rvaltningen av Fritidskortet \u00e4r ett samarbete mellan E-h\u00e4lsomyndigheten, Folkh\u00e4lsomyndigheten, F\u00f6rs\u00e4kringskassan, Kulturr\u00e5det och Myndigheten f\u00f6r ungdoms- och civilsamh\u00e4llesfr\u00e5gor (MUCF).<\/p>\n<p class=\"hiq-p\"><strong><a href=\"https:\/\/fritidskortet.se\/\"><em>Mera information om Fritidskortet finns h\u00e4r p\u00e5 myndigheternas gemensamma webbplats.<\/em><\/a><\/strong><\/p>\n<p><em>Text: RF och SCF<br \/>\n<\/em><\/p>\n<\/div>\n<\/div>\n<\/div>\n<\/div>\n<\/div>\n<\/div>\n","protected":false},"excerpt":{"rendered":"<p>Fritidskortet \u00e4r en reform fr\u00e5n regeringen med syfte att fr\u00e4mja barns och ungas deltagande i fritidsaktiviteter och ge fler m\u00f6jlighet till en meningsfull fritid. Svenska Cykelf\u00f6rbundet vill informera alla v\u00e5ra medlemmar om f\u00f6rdelarna med Fritidskortet och hur man skaffar det. Fritidskortet \u00e4r ett ekonomiskt st\u00f6d f\u00f6r barn mellan 6 och 16 \u00e5r som kan<a href=\"https:\/\/scf.se\/forbundet\/missa-inte-att-kolla-in-fritidskortet-som-kan-ge-boost-for-cyklingen\/\" class=\"news-card__more\"> &#8230;<\/a><\/p>\n","protected":false},"author":41,"featured_media":12555,"comment_status":"open","ping_status":"open","sticky":false,"template":"","format":"standard","meta":{"_acf_changed":false,"footnotes":""},"categories":[1],"tags":[],"class_list":["post-12552","post","type-post","status-publish","format-standard","hentry","category-forbundet"],"acf":[],"_links":{"self":[{"href":"https:\/\/scf.se\/forbundet\/wp-json\/wp\/v2\/posts\/12552","targetHints":{"allow":["GET"]}}],"collection":[{"href":"https:\/\/scf.se\/forbundet\/wp-json\/wp\/v2\/posts"}],"about":[{"href":"https:\/\/scf.se\/forbundet\/wp-json\/wp\/v2\/types\/post"}],"author":[{"embeddable":true,"href":"https:\/\/scf.se\/forbundet\/wp-json\/wp\/v2\/users\/41"}],"replies":[{"embeddable":true,"href":"https:\/\/scf.se\/forbundet\/wp-json\/wp\/v2\/comments?post=12552"}],"version-history":[{"count":6,"href":"https:\/\/scf.se\/forbundet\/wp-json\/wp\/v2\/posts\/12552\/revisions"}],"predecessor-version":[{"id":12559,"href":"https:\/\/scf.se\/forbundet\/wp-json\/wp\/v2\/posts\/12552\/revisions\/12559"}],"wp:featuredmedia":[{"embeddable":true,"href":"https:\/\/scf.se\/forbundet\/wp-json\/wp\/v2\/media\/12555"}],"wp:attachment":[{"href":"https:\/\/scf.se\/forbundet\/wp-json\/wp\/v2\/media?parent=12552"}],"wp:term":[{"taxonomy":"category","embeddable":true,"href":"https:\/\/scf.se\/forbundet\/wp-json\/wp\/v2\/categories?post=12552"},{"taxonomy":"post_tag","embeddable":true,"href":"https:\/\/scf.se\/forbundet\/wp-json\/wp\/v2\/tags?post=12552"}],"curies":[{"name":"wp","href":"https:\/\/api.w.org\/{rel}","templated":true}]}}