
{"id":1235,"date":"2016-03-19T18:56:42","date_gmt":"2016-03-19T17:56:42","guid":{"rendered":"http:\/\/scf.se\/forbundet\/?p=1235"},"modified":"2016-03-20T09:20:47","modified_gmt":"2016-03-20T08:20:47","slug":"ny-ordforande-for-svenska-cykelforbundet","status":"publish","type":"post","link":"https:\/\/scf.se\/forbundet\/ny-ordforande-for-svenska-cykelforbundet\/","title":{"rendered":"Ny ordf\u00f6rande f\u00f6r Svenska Cykelf\u00f6rbundet"},"content":{"rendered":"<p>Det var stor uppslutning vid Svenska Cykelf\u00f6rbundets 113:de f\u00f6rbundsm\u00f6te, d\u00e5 den nya styrelsen uts\u00e5gs idag. Som ny ordf\u00f6rande valdes Stefhan Klang fr\u00e5n Fredrikshof IF.<\/p>\n<p>Stefhan Klang har en bred erfarenhet b\u00e5de fr\u00e5n n\u00e4ringslivet och fr\u00e5n stora projekt inom idrottsv\u00e4rlden och har arbetat som ledare inom landsv\u00e4g i Sp\u00e5rv\u00e4gen CF under 80- och 90-talet. Hans stora intresse f\u00f6r cykel g\u00f6r att han nu tar \u00f6ver rodret med stor gl\u00e4dje och entusiasm. Stefhan Klang\u00a0\u00e4r nu den som kommer att\u00a0forts\u00e4tta att driva och utveckla det arbete som Yvonne Mattsson\u00a0varit med om att bygga upp,\u00a0b\u00e5de nationellt och internationellt.<\/p>\n<p>\u201dDet \u00e4r helt fantastiskt att f\u00e5 cykelsveriges f\u00f6rtroende och det ska bli roligt att f\u00e5 leda svensk cykel vidare fram\u00e5t. Det \u00e4r viktigt att det finns en stark grund att arbeta vidare fr\u00e5n och f\u00f6r mig \u00e4r det ocks\u00e5 viktigt att man har kul tillsammans p\u00e5 v\u00e4gen fram\u00e5t, f\u00f6rklarar Stefhan Klang.<\/p>\n<h3>Styrelsen 2016 best\u00e5r av:<\/h3>\n<p>Stefhan Klang, ny ordf\u00f6rande<br \/>\nLeif Karlsson, ny ledamot<br \/>\nLars Hansson, ny ledamot<br \/>\nTommy Prim, ledamot<br \/>\nLotta Jegenstam, ledamot<br \/>\nFredrik Kessiakoff, ledamot<br \/>\nCatarina Andersson, ledamot<\/p>\n<p>Mer information kommer inom kort.<\/p>\n<div id=\"attachment_1237\" class=\"wp-caption alignnone\" ><a href=\"https:\/\/scf.se\/forbundet\/wp-content\/uploads\/sites\/9\/2016\/03\/Styrelsen-2016.jpg\" rel=\"attachment wp-att-1237\"><img loading=\"lazy\" decoding=\"async\" class=\"size-post-small wp-image-1237\" src=\"https:\/\/scf.se\/forbundet\/wp-content\/uploads\/sites\/9\/2016\/03\/Styrelsen-2016-740x462.jpg\" alt=\"Styrelsen 2016 - fr\u00e5n v\u00e4nster Tommy Prim, Leif Karlsson, Stephan Klang, Lotta Jegenstam, Catarina Andersson och Fredrik Kessiakoff\" width=\"740\" height=\"462\" \/><\/a><p class=\"wp-caption-text\">Styrelsen 2016 &#8211; fr\u00e5n v\u00e4nster Tommy Prim, Leif Karlsson, Stephan Klang, Lotta Jegenstam, Catarina Andersson och Fredrik Kessiakoff. Saknas p\u00e5 bilden: Lars Hansson.<\/p><\/div>\n","protected":false},"excerpt":{"rendered":"<p>Det var stor uppslutning vid Svenska Cykelf\u00f6rbundets 113:de f\u00f6rbundsm\u00f6te, d\u00e5 den nya styrelsen uts\u00e5gs idag. Som ny ordf\u00f6rande valdes Stefhan Klang fr\u00e5n Fredrikshof IF. Stefhan Klang har en bred erfarenhet b\u00e5de fr\u00e5n n\u00e4ringslivet och fr\u00e5n stora projekt inom idrottsv\u00e4rlden och har arbetat som ledare inom landsv\u00e4g i Sp\u00e5rv\u00e4gen CF under 80- och 90-talet. Hans<a href=\"https:\/\/scf.se\/forbundet\/ny-ordforande-for-svenska-cykelforbundet\/\" class=\"news-card__more\"> &#8230;<\/a><\/p>\n","protected":false},"author":2,"featured_media":0,"comment_status":"open","ping_status":"open","sticky":false,"template":"","format":"standard","meta":{"_acf_changed":false,"footnotes":""},"categories":[1],"tags":[],"class_list":["post-1235","post","type-post","status-publish","format-standard","hentry","category-forbundet"],"acf":[],"_links":{"self":[{"href":"https:\/\/scf.se\/forbundet\/wp-json\/wp\/v2\/posts\/1235","targetHints":{"allow":["GET"]}}],"collection":[{"href":"https:\/\/scf.se\/forbundet\/wp-json\/wp\/v2\/posts"}],"about":[{"href":"https:\/\/scf.se\/forbundet\/wp-json\/wp\/v2\/types\/post"}],"author":[{"embeddable":true,"href":"https:\/\/scf.se\/forbundet\/wp-json\/wp\/v2\/users\/2"}],"replies":[{"embeddable":true,"href":"https:\/\/scf.se\/forbundet\/wp-json\/wp\/v2\/comments?post=1235"}],"version-history":[{"count":0,"href":"https:\/\/scf.se\/forbundet\/wp-json\/wp\/v2\/posts\/1235\/revisions"}],"wp:attachment":[{"href":"https:\/\/scf.se\/forbundet\/wp-json\/wp\/v2\/media?parent=1235"}],"wp:term":[{"taxonomy":"category","embeddable":true,"href":"https:\/\/scf.se\/forbundet\/wp-json\/wp\/v2\/categories?post=1235"},{"taxonomy":"post_tag","embeddable":true,"href":"https:\/\/scf.se\/forbundet\/wp-json\/wp\/v2\/tags?post=1235"}],"curies":[{"name":"wp","href":"https:\/\/api.w.org\/{rel}","templated":true}]}}