
{"id":1220,"date":"2016-03-17T16:59:30","date_gmt":"2016-03-17T15:59:30","guid":{"rendered":"http:\/\/scf.se\/forbundet\/?p=1220"},"modified":"2016-03-19T20:46:53","modified_gmt":"2016-03-19T19:46:53","slug":"vi-ses-pa-sweden-bike-expo","status":"publish","type":"post","link":"https:\/\/scf.se\/forbundet\/vi-ses-pa-sweden-bike-expo\/","title":{"rendered":"Vi ses p\u00e5 Sweden Bike Expo"},"content":{"rendered":"<p>Passa p\u00e5 att prata cykel med Svenska Cykelf\u00f6rbundet i v\u00e5r monter\u00a0B06:23 p\u00e5 Sweden Bike Expo.<\/p>\n<p>Tr\u00e4ffa oss som arbetar p\u00e5 kansliet och i grengrupperna, ta en kopp kaffe, k\u00f6p med en p\u00e5se rundtrampat kaffe hem, cykla med b\u00e5de armar och ben (dock ej samtidigt) och prata cykel!<\/p>\n<p>\u00d6ppettider Sweden Bike Expo<br \/>\nFredag 18 mars:\u00a012-19<br \/>\nL\u00f6rdag 19 mars: 09-17<br \/>\nS\u00f6ndag 20\u00a0mars:\u00a009-16<\/p>\n<p>Mer information om\u00a0<a href=\"http:\/\/www.swedenbikeexpo.se\">Sweden Bike Expo<\/a>.<\/p>\n<p>V\u00c4LKOMNA!<\/p>\n<p>P.S. Du vet v\u00e4l att du g\u00e5r p\u00e5 Bike Expo in gratis med \u00e5rets licens?<\/p>\n","protected":false},"excerpt":{"rendered":"<p>Passa p\u00e5 att prata cykel med Svenska Cykelf\u00f6rbundet i v\u00e5r monter\u00a0B06:23 p\u00e5 Sweden Bike Expo. Tr\u00e4ffa oss som arbetar p\u00e5 kansliet och i grengrupperna, ta en kopp kaffe, k\u00f6p med en p\u00e5se rundtrampat kaffe hem, cykla med b\u00e5de armar och ben (dock ej samtidigt) och prata cykel! \u00d6ppettider Sweden Bike Expo Fredag 18 mars:\u00a012-19<a href=\"https:\/\/scf.se\/forbundet\/vi-ses-pa-sweden-bike-expo\/\" class=\"news-card__more\"> &#8230;<\/a><\/p>\n","protected":false},"author":2,"featured_media":0,"comment_status":"open","ping_status":"open","sticky":false,"template":"","format":"standard","meta":{"_acf_changed":false,"footnotes":""},"categories":[1],"tags":[],"class_list":["post-1220","post","type-post","status-publish","format-standard","hentry","category-forbundet"],"acf":[],"_links":{"self":[{"href":"https:\/\/scf.se\/forbundet\/wp-json\/wp\/v2\/posts\/1220","targetHints":{"allow":["GET"]}}],"collection":[{"href":"https:\/\/scf.se\/forbundet\/wp-json\/wp\/v2\/posts"}],"about":[{"href":"https:\/\/scf.se\/forbundet\/wp-json\/wp\/v2\/types\/post"}],"author":[{"embeddable":true,"href":"https:\/\/scf.se\/forbundet\/wp-json\/wp\/v2\/users\/2"}],"replies":[{"embeddable":true,"href":"https:\/\/scf.se\/forbundet\/wp-json\/wp\/v2\/comments?post=1220"}],"version-history":[{"count":0,"href":"https:\/\/scf.se\/forbundet\/wp-json\/wp\/v2\/posts\/1220\/revisions"}],"wp:attachment":[{"href":"https:\/\/scf.se\/forbundet\/wp-json\/wp\/v2\/media?parent=1220"}],"wp:term":[{"taxonomy":"category","embeddable":true,"href":"https:\/\/scf.se\/forbundet\/wp-json\/wp\/v2\/categories?post=1220"},{"taxonomy":"post_tag","embeddable":true,"href":"https:\/\/scf.se\/forbundet\/wp-json\/wp\/v2\/tags?post=1220"}],"curies":[{"name":"wp","href":"https:\/\/api.w.org\/{rel}","templated":true}]}}