
{"id":11777,"date":"2026-03-10T18:34:39","date_gmt":"2026-03-10T17:34:39","guid":{"rendered":"https:\/\/scf.se\/forbundet\/?p=11777"},"modified":"2026-03-11T12:12:51","modified_gmt":"2026-03-11T11:12:51","slug":"tva-nomineringar-av-valberedningen-och-en-av-verksamhetsrevisorn","status":"publish","type":"post","link":"https:\/\/scf.se\/forbundet\/tva-nomineringar-av-valberedningen-och-en-av-verksamhetsrevisorn\/","title":{"rendered":"Tv\u00e5 nomineringar av valberedningen och en ny av verksamhetsrevisorn"},"content":{"rendered":"<p><strong>Valberedningen har presenterat tre ordinarie ledam\u00f6ter f\u00f6r val om tv\u00e5 \u00e5r. Sedan tidigare har Thomas L\u00f6fkvist meddelat att han inte kommer att forts\u00e4tta som styrelseledamot under det andra \u00e5ret av mandatperioden. D\u00e4rmed tillkommer ett fyllnadsval om ett \u00e5r, och valberedningens f\u00f6rslag \u00e4r Tomas Ringsby Petersson.<\/strong><\/p>\n<blockquote><p>\u201dTomas tillf\u00f6r en unik kombination av djup idrottslig f\u00f6rankring och omfattande strategisk erfarenhet. Med en bakgrund som tidigare generalsekreterare f\u00f6r Svenska Skidf\u00f6rbundet och nuvarande ordf\u00f6rande f\u00f6r RF-SISU Dalarna besitter han en expertis inom f\u00f6rbundsstruktur och elitidrottsmilj\u00f6er som \u00e4r mycket v\u00e4rdefull f\u00f6r styrelsen\u201d, skriver valberedningen bland annat i sitt senaste brev inf\u00f6r Svenska Cykelf\u00f6rbundets f\u00f6rbundsm\u00f6te 14 mars.<\/p><\/blockquote>\n<ul>\n<li>Det finns ocks\u00e5 en \u00e4ndring i nomineringen under punkten Revisor med personlig ers\u00e4ttare eller revisionsbolag.<a href=\"https:\/\/scf.se\/forbundet\/wp-content\/uploads\/sites\/9\/2025\/12\/Komplettering-valberedningens-forslag-2026.pdf\"><em><strong>L\u00e4s mer om b\u00e5da dessa nomineringar h\u00e4r!<\/strong><\/em><\/a><\/li>\n<\/ul>\n<p>* * *<\/p>\n<p data-start=\"0\" data-end=\"148\">Det saknades efter ordinarie nomineringstid minst en kvinna till valberedningen. Efter att utskick gjordes har gl\u00e4djande nog en nominering inkommit.<\/p>\n<p data-start=\"150\" data-end=\"232\">Det var Bike Adventure CC som nominerade Madeleine Riesel fr\u00e5n \u00c5re Bergscyklister.<\/p>\n<p data-start=\"234\" data-end=\"507\" data-is-last-node=\"\" data-is-only-node=\"\">Verksamhetsrevisorerna har haft kontakt med den nominerade, som accepterar att bli f\u00f6reslagen f\u00f6r arbete i valberedningen. Det \u00e4r nu upp till f\u00f6rbundsm\u00f6tet, d\u00e4r det \u00e4ven \u00e4r m\u00f6jligt att nominera kandidater, att v\u00e4lja valberedning.<\/p>\n<p data-start=\"234\" data-end=\"507\" data-is-last-node=\"\" data-is-only-node=\"\">Det \u00e4r RF:s regler om 60\/40-k\u00f6nsf\u00f6rdelning som g\u00e4ller i valberedningen, d\u00e4r tv\u00e5 ledam\u00f6ter under tv\u00e5 \u00e5r samt en ordf\u00f6rande f\u00f6r ett \u00e5r ska v\u00e4ljas p\u00e5 l\u00f6rdagens f\u00f6rbundsm\u00f6te.<\/p>\n<ul>\n<li><a href=\"https:\/\/scf.se\/forbundet\/kalender\/scfs-forbundsmote-2026\/\"><em><strong>All n\u00f6dv\u00e4ndig information, handlingar och l\u00e4nkar till f\u00f6rbundsm\u00f6tet 14 mars hittar ni h\u00e4r!<\/strong><\/em><\/a><\/li>\n<\/ul>\n<h3>* * *<\/h3>\n<p>En tredje ny f\u00f6rbundsm\u00f6teshandling \u00e4r SCF-styrelsens f\u00f6rslag till \u00e4ndring av Svenska Cykelf\u00f6rbundets stadgar.<br \/>\nDetta dokument utg\u00f6r ett reviderat stadge\u00e4ndringsf\u00f6rslag d\u00e4r <a href=\"https:\/\/scf.se\/forbundet\/wp-content\/uploads\/sites\/9\/2026\/03\/SCF_stadgeandringsforslag_reviderat.pdf\"><em><strong>samtliga f\u00f6reslagna \u00e4ndringar redovisas h\u00e4r, med b\u00e5de nuvarande lydelse och f\u00f6reslagen ny lydelse<\/strong><\/em><\/a>.<\/p>\n<p><em>Text: SCF<\/em><\/p>\n<p>&nbsp;<\/p>\n","protected":false},"excerpt":{"rendered":"<p>Valberedningen har presenterat tre ordinarie ledam\u00f6ter f\u00f6r val om tv\u00e5 \u00e5r. Sedan tidigare har Thomas L\u00f6fkvist meddelat att han inte kommer att forts\u00e4tta som styrelseledamot under det andra \u00e5ret av mandatperioden. D\u00e4rmed tillkommer ett fyllnadsval om ett \u00e5r, och valberedningens f\u00f6rslag \u00e4r Tomas Ringsby Petersson. \u201dTomas tillf\u00f6r en unik kombination av djup idrottslig f\u00f6rankring<a href=\"https:\/\/scf.se\/forbundet\/tva-nomineringar-av-valberedningen-och-en-av-verksamhetsrevisorn\/\" class=\"news-card__more\"> &#8230;<\/a><\/p>\n","protected":false},"author":41,"featured_media":9228,"comment_status":"open","ping_status":"open","sticky":false,"template":"","format":"standard","meta":{"_acf_changed":false,"footnotes":""},"categories":[1],"tags":[],"class_list":["post-11777","post","type-post","status-publish","format-standard","hentry","category-forbundet"],"acf":[],"_links":{"self":[{"href":"https:\/\/scf.se\/forbundet\/wp-json\/wp\/v2\/posts\/11777","targetHints":{"allow":["GET"]}}],"collection":[{"href":"https:\/\/scf.se\/forbundet\/wp-json\/wp\/v2\/posts"}],"about":[{"href":"https:\/\/scf.se\/forbundet\/wp-json\/wp\/v2\/types\/post"}],"author":[{"embeddable":true,"href":"https:\/\/scf.se\/forbundet\/wp-json\/wp\/v2\/users\/41"}],"replies":[{"embeddable":true,"href":"https:\/\/scf.se\/forbundet\/wp-json\/wp\/v2\/comments?post=11777"}],"version-history":[{"count":7,"href":"https:\/\/scf.se\/forbundet\/wp-json\/wp\/v2\/posts\/11777\/revisions"}],"predecessor-version":[{"id":11798,"href":"https:\/\/scf.se\/forbundet\/wp-json\/wp\/v2\/posts\/11777\/revisions\/11798"}],"wp:featuredmedia":[{"embeddable":true,"href":"https:\/\/scf.se\/forbundet\/wp-json\/wp\/v2\/media\/9228"}],"wp:attachment":[{"href":"https:\/\/scf.se\/forbundet\/wp-json\/wp\/v2\/media?parent=11777"}],"wp:term":[{"taxonomy":"category","embeddable":true,"href":"https:\/\/scf.se\/forbundet\/wp-json\/wp\/v2\/categories?post=11777"},{"taxonomy":"post_tag","embeddable":true,"href":"https:\/\/scf.se\/forbundet\/wp-json\/wp\/v2\/tags?post=11777"}],"curies":[{"name":"wp","href":"https:\/\/api.w.org\/{rel}","templated":true}]}}