
{"id":11706,"date":"2026-03-06T15:55:27","date_gmt":"2026-03-06T14:55:27","guid":{"rendered":"https:\/\/scf.se\/forbundet\/?p=11706"},"modified":"2026-03-06T16:33:59","modified_gmt":"2026-03-06T15:33:59","slug":"scfs-styrelse-bjuder-in-till-webbinarium-12-mars-med-tva-punkter-den","status":"publish","type":"post","link":"https:\/\/scf.se\/forbundet\/scfs-styrelse-bjuder-in-till-webbinarium-12-mars-med-tva-punkter-den\/","title":{"rendered":"SCF bjuder in till webbinarium den 12 mars med tv\u00e5 punkter"},"content":{"rendered":"<p><strong>P\u00e5 torsdag den 12 mars kl. 18.00 h\u00e5ller delar av Svenska Cykelf\u00f6rbundets styrelse och kansli ett webbinarium inf\u00f6r f\u00f6rbundsm\u00f6tet den 14 mars. Webbinariet har tv\u00e5 punkter: utveckling av styrelsens f\u00f6rslag 1 samt genomg\u00e5ng av styrelsens f\u00f6rslag 2.<\/strong><\/p>\n<ul>\n<li>Styrelsens f\u00f6rslag 1: Utveckling av f\u00f6rslaget om en ny sj\u00e4lvfinansieringsmodell.<\/li>\n<li>Styrelsens f\u00f6rslag 2: Genomg\u00e5ng av de f\u00f6reslagna stadge\u00e4ndringarna.<em><br \/>\n<\/em><\/li>\n<\/ul>\n<h2><a href=\"https:\/\/events.teams.microsoft.com\/event\/a0958eca-4ad4-4d49-8776-1717836ed096@eb5b2d6e-028e-454d-b878-0c055adbeb2a\"><em>Anslut till webbinariet h\u00e4r!<\/em><\/a><\/h2>\n<h3>Webbinarium inf\u00f6r SCF:s f\u00f6rbundsm\u00f6te<\/h3>\n<ul>\n<li><strong>Dag:<\/strong> Torsdag den 12 mars<\/li>\n<li><strong>Tid<\/strong>: kl. 18.00\u201319.00<\/li>\n<li><strong>Var<\/strong>: Teams<\/li>\n<li><strong>Anm\u00e4lningsl\u00e4nk i utskriven form:<\/strong> https:\/\/events.teams.microsoft.com\/event\/a0958eca-4ad4-4d49-8776-1717836ed096@eb5b2d6e-028e-454d-b878-0c055adbeb2a<br \/>\nIngen f\u00f6ranm\u00e4lan kr\u00e4vs<\/li>\n<li><a href=\"https:\/\/scf.se\/forbundet\/wp-content\/uploads\/sites\/9\/2025\/12\/Handlingar-SCF-forbundsmote-2026-NV.pdf\"><em><strong>Bakgrundsinformation om dessa punkter finns i f\u00f6rbundsm\u00f6teshandlingarnas bilagor till dagordningen!<\/strong><\/em><\/a><\/li>\n<\/ul>\n<p><em>V\u00e4lkomna,<\/em><br \/>\n<strong><em>Svenska Cykelf\u00f6rbundets styrelse<\/em><\/strong><\/p>\n<hr \/>\n<p><em>Foto: Sprintcycling Agency<\/em><\/p>\n","protected":false},"excerpt":{"rendered":"<p>P\u00e5 torsdag den 12 mars kl. 18.00 h\u00e5ller delar av Svenska Cykelf\u00f6rbundets styrelse och kansli ett webbinarium inf\u00f6r f\u00f6rbundsm\u00f6tet den 14 mars. Webbinariet har tv\u00e5 punkter: utveckling av styrelsens f\u00f6rslag 1 samt genomg\u00e5ng av styrelsens f\u00f6rslag 2. Styrelsens f\u00f6rslag 1: Utveckling av f\u00f6rslaget om en ny sj\u00e4lvfinansieringsmodell. Styrelsens f\u00f6rslag 2: Genomg\u00e5ng av de f\u00f6reslagna<a href=\"https:\/\/scf.se\/forbundet\/scfs-styrelse-bjuder-in-till-webbinarium-12-mars-med-tva-punkter-den\/\" class=\"news-card__more\"> &#8230;<\/a><\/p>\n","protected":false},"author":41,"featured_media":11538,"comment_status":"open","ping_status":"open","sticky":true,"template":"","format":"standard","meta":{"_acf_changed":false,"footnotes":""},"categories":[1],"tags":[],"class_list":["post-11706","post","type-post","status-publish","format-standard","hentry","category-forbundet"],"acf":[],"_links":{"self":[{"href":"https:\/\/scf.se\/forbundet\/wp-json\/wp\/v2\/posts\/11706","targetHints":{"allow":["GET"]}}],"collection":[{"href":"https:\/\/scf.se\/forbundet\/wp-json\/wp\/v2\/posts"}],"about":[{"href":"https:\/\/scf.se\/forbundet\/wp-json\/wp\/v2\/types\/post"}],"author":[{"embeddable":true,"href":"https:\/\/scf.se\/forbundet\/wp-json\/wp\/v2\/users\/41"}],"replies":[{"embeddable":true,"href":"https:\/\/scf.se\/forbundet\/wp-json\/wp\/v2\/comments?post=11706"}],"version-history":[{"count":7,"href":"https:\/\/scf.se\/forbundet\/wp-json\/wp\/v2\/posts\/11706\/revisions"}],"predecessor-version":[{"id":11717,"href":"https:\/\/scf.se\/forbundet\/wp-json\/wp\/v2\/posts\/11706\/revisions\/11717"}],"wp:featuredmedia":[{"embeddable":true,"href":"https:\/\/scf.se\/forbundet\/wp-json\/wp\/v2\/media\/11538"}],"wp:attachment":[{"href":"https:\/\/scf.se\/forbundet\/wp-json\/wp\/v2\/media?parent=11706"}],"wp:term":[{"taxonomy":"category","embeddable":true,"href":"https:\/\/scf.se\/forbundet\/wp-json\/wp\/v2\/categories?post=11706"},{"taxonomy":"post_tag","embeddable":true,"href":"https:\/\/scf.se\/forbundet\/wp-json\/wp\/v2\/tags?post=11706"}],"curies":[{"name":"wp","href":"https:\/\/api.w.org\/{rel}","templated":true}]}}