
{"id":11651,"date":"2026-03-04T13:33:52","date_gmt":"2026-03-04T12:33:52","guid":{"rendered":"https:\/\/scf.se\/forbundet\/?p=11651"},"modified":"2026-03-04T15:17:01","modified_gmt":"2026-03-04T14:17:01","slug":"sokes-kvinnor-som-vill-engagera-sig-i-scfs-valberedning","status":"publish","type":"post","link":"https:\/\/scf.se\/forbundet\/sokes-kvinnor-som-vill-engagera-sig-i-scfs-valberedning\/","title":{"rendered":"Tre nomineringar till valberedningen men det saknas minst en kvinna"},"content":{"rendered":"<p><strong>Nu har verksamhetsrevisorn redovisat att det finns tre valbara namn till Svenska Cykelf\u00f6rbundets valberedning. Det saknas dock fortfarande minst en kvinna. D\u00e4rf\u00f6r forts\u00e4tter arbetet med att hitta ytterligare kandidater.<\/strong><\/p>\n<p>P\u00e5 <strong><a href=\"https:\/\/scf.se\/forbundet\/kalender\/scfs-forbundsmote-2026\/\"><em>SCF:s f\u00f6rbundsm\u00f6te<\/em><\/a> <\/strong>den 14 mars i Stockholm ska en ordf\u00f6rande i valberedningen v\u00e4ljas f\u00f6r en tid av ett \u00e5r samt tv\u00e5 ledam\u00f6ter f\u00f6r en tid av tv\u00e5 \u00e5r. F\u00f6r ledam\u00f6terna <em><strong>Daniel Nihl\u00e9n<\/strong><\/em> och <em><strong>Maarit Nordmark<\/strong> <\/em>\u00e5terst\u00e5r ett \u00e5r av mandatperioden.<\/p>\n<p>Det har inkommit tre f\u00f6rslag p\u00e5 personer som \u00e4r aktuella f\u00f6r omval respektive nyval.<\/p>\n<ul>\n<li><strong>Fredrik Plahn <\/strong>(omval)<\/li>\n<li><strong>Garry Jones <\/strong>(nyval)<\/li>\n<li><strong>Mattias Thyr <\/strong>(nyval)<\/li>\n<\/ul>\n<p>Det ska emellertid vara 60\/40-k\u00f6nsf\u00f6rdelning i valberedningen. D\u00e4rf\u00f6r beh\u00f6vs, helst f\u00f6re f\u00f6rbundsm\u00f6tet den 14 mars, nominering av minst en kvinna. Fram till f\u00f6rbundsm\u00f6tet forts\u00e4tter verksamhetsrevisorn arbetet med att hitta kandidater. Skulle det tillkomma andra intresserade kandidater kommer det att skickas ut till f\u00f6reningar och distrikt inf\u00f6r f\u00f6rbundsm\u00f6tet, <a href=\"https:\/\/scf.se\/forbundet\/wp-content\/uploads\/sites\/9\/2026\/03\/Nomineringar-till-valberedningen-for-Svenska-cykelforbundet.pdf\"><em><strong>skriver verksamhetsrevisorn h\u00e4r i sin rapport.<\/strong><\/em><\/a><\/p>\n<ul>\n<li>Finns det f\u00f6rslag p\u00e5 kandidater till valberedningen mejlas dessa till<strong>:<\/strong><em><strong> <a href=\"mailto:verksamhetsrevisor@scf.se\">verksamhetsrevisor@scf.se<\/a><\/strong><\/em><\/li>\n<\/ul>\n<p>Sedan kommer det ocks\u00e5 finnas m\u00f6jlighet att nominera kandidater till valberedningen under sittande m\u00f6te.<\/p>\n<ul>\n<li><a href=\"https:\/\/scf.se\/forbundet\/kalender\/scfs-forbundsmote-2026\/\"><em><strong>Alla aktuella handlingar och l\u00e4nkar inf\u00f6r f\u00f6rbundsm\u00f6tet hittar ni h\u00e4r!<\/strong><\/em><\/a><\/li>\n<\/ul>\n<p><em>Text och fotomontage: SCF<br \/>\n<\/em><\/p>\n<p>&nbsp;<\/p>\n","protected":false},"excerpt":{"rendered":"<p>Nu har verksamhetsrevisorn redovisat att det finns tre valbara namn till Svenska Cykelf\u00f6rbundets valberedning. Det saknas dock fortfarande minst en kvinna. D\u00e4rf\u00f6r forts\u00e4tter arbetet med att hitta ytterligare kandidater. P\u00e5 SCF:s f\u00f6rbundsm\u00f6te den 14 mars i Stockholm ska en ordf\u00f6rande i valberedningen v\u00e4ljas f\u00f6r en tid av ett \u00e5r samt tv\u00e5 ledam\u00f6ter f\u00f6r en<a href=\"https:\/\/scf.se\/forbundet\/sokes-kvinnor-som-vill-engagera-sig-i-scfs-valberedning\/\" class=\"news-card__more\"> &#8230;<\/a><\/p>\n","protected":false},"author":41,"featured_media":11359,"comment_status":"open","ping_status":"open","sticky":false,"template":"","format":"standard","meta":{"_acf_changed":false,"footnotes":""},"categories":[1],"tags":[],"class_list":["post-11651","post","type-post","status-publish","format-standard","hentry","category-forbundet"],"acf":[],"_links":{"self":[{"href":"https:\/\/scf.se\/forbundet\/wp-json\/wp\/v2\/posts\/11651","targetHints":{"allow":["GET"]}}],"collection":[{"href":"https:\/\/scf.se\/forbundet\/wp-json\/wp\/v2\/posts"}],"about":[{"href":"https:\/\/scf.se\/forbundet\/wp-json\/wp\/v2\/types\/post"}],"author":[{"embeddable":true,"href":"https:\/\/scf.se\/forbundet\/wp-json\/wp\/v2\/users\/41"}],"replies":[{"embeddable":true,"href":"https:\/\/scf.se\/forbundet\/wp-json\/wp\/v2\/comments?post=11651"}],"version-history":[{"count":10,"href":"https:\/\/scf.se\/forbundet\/wp-json\/wp\/v2\/posts\/11651\/revisions"}],"predecessor-version":[{"id":11664,"href":"https:\/\/scf.se\/forbundet\/wp-json\/wp\/v2\/posts\/11651\/revisions\/11664"}],"wp:featuredmedia":[{"embeddable":true,"href":"https:\/\/scf.se\/forbundet\/wp-json\/wp\/v2\/media\/11359"}],"wp:attachment":[{"href":"https:\/\/scf.se\/forbundet\/wp-json\/wp\/v2\/media?parent=11651"}],"wp:term":[{"taxonomy":"category","embeddable":true,"href":"https:\/\/scf.se\/forbundet\/wp-json\/wp\/v2\/categories?post=11651"},{"taxonomy":"post_tag","embeddable":true,"href":"https:\/\/scf.se\/forbundet\/wp-json\/wp\/v2\/tags?post=11651"}],"curies":[{"name":"wp","href":"https:\/\/api.w.org\/{rel}","templated":true}]}}