
{"id":11466,"date":"2026-02-04T16:07:45","date_gmt":"2026-02-04T15:07:45","guid":{"rendered":"https:\/\/scf.se\/forbundet\/?p=11466"},"modified":"2026-02-04T16:28:23","modified_gmt":"2026-02-04T15:28:23","slug":"missa-inte-uppdaterad-information-infor-forbundsmotet","status":"publish","type":"post","link":"https:\/\/scf.se\/forbundet\/missa-inte-uppdaterad-information-infor-forbundsmotet\/","title":{"rendered":"Missa inte uppdaterad information inf\u00f6r Cykelf\u00f6rbundets f\u00f6rbundsm\u00f6te"},"content":{"rendered":"<p data-start=\"52\" data-end=\"417\"><strong>Uppdateringar finns nu publicerade inf\u00f6r Svenska Cykelf\u00f6rbundets f\u00f6rbundsm\u00f6te 2026: valberedningens f\u00f6rslag till aktuella f\u00f6rtroendeposter, bland annat ny ordf\u00f6rande och ledam\u00f6ter till SCF-styrelsen, samt anvisningar f\u00f6r anm\u00e4lan. Distrikt och f\u00f6reningar som ska r\u00f6sta anm\u00e4ler sig via ett elektroniskt formul\u00e4r, medan \u00f6vriga mejlar namn och klubb.<\/strong><\/p>\n<p data-start=\"419\" data-end=\"695\">Vi skickade ut f\u00f6rbundsm\u00f6teshandlingar med dagordning, Verksamhetsber\u00e4ttelse 2025 och Verksamhetsplan 2026 den 30\u201331 januari. Nu kommer de igen per mejl, men med l\u00e4nkar i st\u00e4llet f\u00f6r bifogade filer. Vi har n\u00e4mligen upplevt att ov\u00e4ntat m\u00e5nga mejl har studsat tillbaka till oss.<\/p>\n<h3 data-start=\"697\" data-end=\"886\"><a href=\"https:\/\/scf.se\/forbundet\/kalender\/scfs-forbundsmote-2026\/\"><em>Ni hittar alltid den senaste uppdateringen av alla aktuella dokument samt andra n\u00f6dv\u00e4ndiga l\u00e4nkar och datum inf\u00f6r Svenska Cykelf\u00f6rbundets f\u00f6rbundsm\u00f6te 2026 h\u00e4r!<\/em><\/a><\/h3>\n<p data-start=\"888\" data-end=\"1088\">D\u00e4r finns nu ocks\u00e5 anvisningar f\u00f6r anm\u00e4lan. Ni i distrikt och f\u00f6reningar som ska r\u00f6sta p\u00e5 f\u00f6rbundsm\u00f6tet anm\u00e4ler er via ett elektroniskt formul\u00e4r. Ni andra mejlar bara namn och klubb till: <em><strong><a class=\"decorated-link cursor-pointer\" href=\"mailto:kansli@scf.se\" rel=\"noopener\" data-start=\"1074\" data-end=\"1087\">kansli@scf.se<\/a><\/strong><\/em><\/p>\n<p data-start=\"1090\" data-end=\"1166\">Vi har ocks\u00e5 uppdaterat m\u00f6teshandlingarna. Det som skiljer fr\u00e5n den som publicerades 30 januari \u00e4r endast en ny version av dagordningen med uppdaterad numrering av punkterna.<\/p>\n<p data-start=\"1168\" data-end=\"1375\">F\u00f6rbundsm\u00f6tet h\u00e5lls f\u00f6r andra \u00e5ret i rad som ett fysiskt m\u00f6te. Denna g\u00e5ng h\u00e5lls f\u00f6rbundsm\u00f6tet p\u00e5 plats i Clarion Hotel Stockholm (Ringv\u00e4gen 98) l\u00f6rdag den 14 mars kl 09.00. D\u00e5 inleds registreringen av ombud.<\/p>\n<p data-start=\"1377\" data-end=\"1554\">M\u00f6tet startar exakt 10.00, s\u00e5 alla deltagare m\u00e5ste vara registrerade i god tid. Observera ocks\u00e5 att det inte kommer att finnas n\u00e5gon m\u00f6jlighet att medverka eller r\u00f6sta digitalt.<\/p>\n<p data-start=\"1556\" data-end=\"1582\" data-is-last-node=\"\" data-is-only-node=\"\"><em>Text: SCF<\/em><br \/>\n<em>Foto: Sprintcycling Agency<\/em><\/p>\n","protected":false},"excerpt":{"rendered":"<p>Uppdateringar finns nu publicerade inf\u00f6r Svenska Cykelf\u00f6rbundets f\u00f6rbundsm\u00f6te 2026: valberedningens f\u00f6rslag till aktuella f\u00f6rtroendeposter, bland annat ny ordf\u00f6rande och ledam\u00f6ter till SCF-styrelsen, samt anvisningar f\u00f6r anm\u00e4lan. Distrikt och f\u00f6reningar som ska r\u00f6sta anm\u00e4ler sig via ett elektroniskt formul\u00e4r, medan \u00f6vriga mejlar namn och klubb. Vi skickade ut f\u00f6rbundsm\u00f6teshandlingar med dagordning, Verksamhetsber\u00e4ttelse 2025 och Verksamhetsplan<a href=\"https:\/\/scf.se\/forbundet\/missa-inte-uppdaterad-information-infor-forbundsmotet\/\" class=\"news-card__more\"> &#8230;<\/a><\/p>\n","protected":false},"author":41,"featured_media":11468,"comment_status":"open","ping_status":"open","sticky":false,"template":"","format":"standard","meta":{"_acf_changed":false,"footnotes":""},"categories":[1],"tags":[],"class_list":["post-11466","post","type-post","status-publish","format-standard","hentry","category-forbundet"],"acf":[],"_links":{"self":[{"href":"https:\/\/scf.se\/forbundet\/wp-json\/wp\/v2\/posts\/11466","targetHints":{"allow":["GET"]}}],"collection":[{"href":"https:\/\/scf.se\/forbundet\/wp-json\/wp\/v2\/posts"}],"about":[{"href":"https:\/\/scf.se\/forbundet\/wp-json\/wp\/v2\/types\/post"}],"author":[{"embeddable":true,"href":"https:\/\/scf.se\/forbundet\/wp-json\/wp\/v2\/users\/41"}],"replies":[{"embeddable":true,"href":"https:\/\/scf.se\/forbundet\/wp-json\/wp\/v2\/comments?post=11466"}],"version-history":[{"count":5,"href":"https:\/\/scf.se\/forbundet\/wp-json\/wp\/v2\/posts\/11466\/revisions"}],"predecessor-version":[{"id":11475,"href":"https:\/\/scf.se\/forbundet\/wp-json\/wp\/v2\/posts\/11466\/revisions\/11475"}],"wp:featuredmedia":[{"embeddable":true,"href":"https:\/\/scf.se\/forbundet\/wp-json\/wp\/v2\/media\/11468"}],"wp:attachment":[{"href":"https:\/\/scf.se\/forbundet\/wp-json\/wp\/v2\/media?parent=11466"}],"wp:term":[{"taxonomy":"category","embeddable":true,"href":"https:\/\/scf.se\/forbundet\/wp-json\/wp\/v2\/categories?post=11466"},{"taxonomy":"post_tag","embeddable":true,"href":"https:\/\/scf.se\/forbundet\/wp-json\/wp\/v2\/tags?post=11466"}],"curies":[{"name":"wp","href":"https:\/\/api.w.org\/{rel}","templated":true}]}}