
{"id":11460,"date":"2026-02-04T17:20:10","date_gmt":"2026-02-04T16:20:10","guid":{"rendered":"https:\/\/scf.se\/forbundet\/?p=11460"},"modified":"2026-02-13T13:00:42","modified_gmt":"2026-02-13T12:00:42","slug":"riksidrottsforbundet-informerar-om-nytt-avtal-for-alla-cykelforeningar","status":"publish","type":"post","link":"https:\/\/scf.se\/forbundet\/riksidrottsforbundet-informerar-om-nytt-avtal-for-alla-cykelforeningar\/","title":{"rendered":"Riksidrottsf\u00f6rbundet informerar om nytt avtal f\u00f6r alla cykelf\u00f6reningar"},"content":{"rendered":"<p><strong>Under 2026 ers\u00e4tts IdrottOnline av Idrottsarenan, Riksidrottsf\u00f6rbundets nya verksamhetssystem. F\u00f6r\u00e4ndringen inneb\u00e4r att f\u00f6reningens uppgifter f\u00f6rs \u00f6ver till ett nytt system och att all framtida hantering av ekonomiska st\u00f6d och folkbildning sker d\u00e4r. F\u00f6reningens styrelse beh\u00f6ver d\u00e4rf\u00f6r ta del av informationen nedan och vid behov agera senast 28 februari.<\/strong><\/p>\n<p>Viktigt att k\u00e4nna till:<\/p>\n<ul>\n<li>N\u00e4r vi g\u00e5r \u00f6ver fr\u00e5n IdrottOnline till Idrottsarenan flyttas f\u00f6reningens registrerade uppgifter \u00f6ver till Idrottsarenan och lagras i Microsofts molntj\u00e4nst i Europa. \u00d6verf\u00f6ringen g\u00f6rs p\u00e5 ett s\u00e4kert s\u00e4tt och enligt GDPR.<\/li>\n<li>Om din f\u00f6rening t\u00e4nker s\u00f6ka LOK-st\u00f6d, andra ekonomiska st\u00f6d eller arrangera folkbildning inom SISU Idrottsutbildarnas verksamhet s\u00e5 kommer det att hanteras i Idrottsarenan n\u00e4r den lanseras under 2026.<\/li>\n<\/ul>\n<p>Information som f\u00f6reningens styrelse b\u00f6r ta del av:<\/p>\n<ul>\n<li>L\u00e4s avtal och villkor f\u00f6r att anv\u00e4nda Idrottsarenan.<\/li>\n<li>Fr\u00e5gor och svar om flytten av registrerade uppgifter.<\/li>\n<\/ul>\n<p>Vill f\u00f6reningen inte f\u00f6lja med till Idrottsarenan?<\/p>\n<ul>\n<li>Om f\u00f6reningen inte vill att f\u00f6reningens uppgifter flyttas \u00f6ver fr\u00e5n IdrottOnline till Idrottsarenan kan ni beg\u00e4ra att f\u00f6reningen ska l\u00e4mna verksamhetssystemet Idrottsarenan. Detta m\u00e5ste beg\u00e4ras aktivt.<\/li>\n<\/ul>\n<p>S\u00e5 h\u00e4r g\u00f6r ni om f\u00f6reningen inte vill f\u00f6lja med in i Idrottsarenan:<\/p>\n<ul>\n<li>Endast en beh\u00f6rig styrelserepresentant kan beg\u00e4ra att f\u00f6reningen tas bort.<\/li>\n<li>Skicka mejl till: support@idrottsarenan.se<\/li>\n<li>Senast: 28 februari<\/li>\n<\/ul>\n<p>Om ni inte h\u00f6r av er f\u00f6rs uppgifterna automatiskt \u00f6ver till Idrottsarenan och f\u00f6reningen f\u00e5r fortsatt tillg\u00e5ng till tj\u00e4nsterna.<\/p>\n<h3>Uppgifter som alltid sparas<\/h3>\n<ul>\n<li>\u00c4ven om ni v\u00e4ljer att l\u00e4mna Idrottsarenan kommer vissa uppgifter \u00e4nd\u00e5 att flyttas och arkiveras. Det g\u00e4ller:<\/li>\n<li>Officiella f\u00f6reningsuppgifter (till exempel kontaktuppgifter till f\u00f6reningen och namn p\u00e5 nyckelpersoner s\u00e5som ordf\u00f6randen).<\/li>\n<li>Personuppgifter som RF och SISU Idrottsutbildarna enligt lag \u00e4r skyldiga att bevara.<\/li>\n<\/ul>\n<h3>Bra tips<\/h3>\n<ul>\n<li>Passa p\u00e5 att rensa f\u00f6reningens medlems- och personregister inf\u00f6r flytten till Idrottsarenan. <em><strong><a href=\"https:\/\/support.idrottonline.se\/support\/solutions\/articles\/101000574104-rensa-medlemsregistret-inf%C3%B6r-%C3%B6verg%C3%A5ngen-till-idrottsarenan\">H\u00e4r finns information om hur ni rensar ert register.<\/a><\/strong><\/em><\/li>\n<li><em><strong><a href=\"https:\/\/www.youtube.com\/watch?v=YmoXmpxz-r0\">Se v\u00e5r korta presentationsfilm om Idrottsarenan f\u00f6r f\u00f6reningar.<\/a><\/strong><\/em><\/li>\n<\/ul>\n<p><em>Med v\u00e4nliga h\u00e4lsningar,<\/em><br \/>\n<strong><em>Riksidrottsf\u00f6rbundet<\/em><\/strong><\/p>\n","protected":false},"excerpt":{"rendered":"<p>Under 2026 ers\u00e4tts IdrottOnline av Idrottsarenan, Riksidrottsf\u00f6rbundets nya verksamhetssystem. F\u00f6r\u00e4ndringen inneb\u00e4r att f\u00f6reningens uppgifter f\u00f6rs \u00f6ver till ett nytt system och att all framtida hantering av ekonomiska st\u00f6d och folkbildning sker d\u00e4r. F\u00f6reningens styrelse beh\u00f6ver d\u00e4rf\u00f6r ta del av informationen nedan och vid behov agera senast 28 februari. Viktigt att k\u00e4nna till: N\u00e4r vi<a href=\"https:\/\/scf.se\/forbundet\/riksidrottsforbundet-informerar-om-nytt-avtal-for-alla-cykelforeningar\/\" class=\"news-card__more\"> &#8230;<\/a><\/p>\n","protected":false},"author":41,"featured_media":11467,"comment_status":"open","ping_status":"open","sticky":false,"template":"","format":"standard","meta":{"_acf_changed":false,"footnotes":""},"categories":[1],"tags":[],"class_list":["post-11460","post","type-post","status-publish","format-standard","hentry","category-forbundet"],"acf":[],"_links":{"self":[{"href":"https:\/\/scf.se\/forbundet\/wp-json\/wp\/v2\/posts\/11460","targetHints":{"allow":["GET"]}}],"collection":[{"href":"https:\/\/scf.se\/forbundet\/wp-json\/wp\/v2\/posts"}],"about":[{"href":"https:\/\/scf.se\/forbundet\/wp-json\/wp\/v2\/types\/post"}],"author":[{"embeddable":true,"href":"https:\/\/scf.se\/forbundet\/wp-json\/wp\/v2\/users\/41"}],"replies":[{"embeddable":true,"href":"https:\/\/scf.se\/forbundet\/wp-json\/wp\/v2\/comments?post=11460"}],"version-history":[{"count":3,"href":"https:\/\/scf.se\/forbundet\/wp-json\/wp\/v2\/posts\/11460\/revisions"}],"predecessor-version":[{"id":11548,"href":"https:\/\/scf.se\/forbundet\/wp-json\/wp\/v2\/posts\/11460\/revisions\/11548"}],"wp:featuredmedia":[{"embeddable":true,"href":"https:\/\/scf.se\/forbundet\/wp-json\/wp\/v2\/media\/11467"}],"wp:attachment":[{"href":"https:\/\/scf.se\/forbundet\/wp-json\/wp\/v2\/media?parent=11460"}],"wp:term":[{"taxonomy":"category","embeddable":true,"href":"https:\/\/scf.se\/forbundet\/wp-json\/wp\/v2\/categories?post=11460"},{"taxonomy":"post_tag","embeddable":true,"href":"https:\/\/scf.se\/forbundet\/wp-json\/wp\/v2\/tags?post=11460"}],"curies":[{"name":"wp","href":"https:\/\/api.w.org\/{rel}","templated":true}]}}