
{"id":11397,"date":"2026-01-14T15:55:11","date_gmt":"2026-01-14T14:55:11","guid":{"rendered":"https:\/\/scf.se\/forbundet\/?p=11397"},"modified":"2026-01-16T12:15:26","modified_gmt":"2026-01-16T11:15:26","slug":"paminnelse-valberedningen-vill-ha-in-nomineringar-senast-15-januari","status":"publish","type":"post","link":"https:\/\/scf.se\/forbundet\/paminnelse-valberedningen-vill-ha-in-nomineringar-senast-15-januari\/","title":{"rendered":"P\u00c5MINNELSE: Valberedningen vill ha in nomineringar \u2013 senast 15 januari"},"content":{"rendered":"<p><strong>Hej, alla f\u00f6reningar och distrikt, bara knappa tv\u00e5 dagar kvar \u2013 deadline f\u00f6r nomineringar den 15 januari kl 23.59. Sista chansen, var med och forma framtidens f\u00f6rbund!\u00a0<\/strong><\/p>\n<p>Det \u00e4r nu h\u00f6g tid f\u00f6r f\u00f6reningar och distriktsf\u00f6rbund (DCF) att skicka in sina nomineringar inf\u00f6r F\u00f6rbundsm\u00f6tet 2026. Ert engagemang \u00e4r avg\u00f6rande f\u00f6r att valberedningen ska kunna presentera ett starkt och representativt f\u00f6rslag till f\u00f6rbundets ledning.<\/p>\n<p>Vi s\u00f6ker nomineringar till SAMTLIGA poster. Och vi beh\u00f6ver kandidater till f\u00f6ljande uppdrag (enligt 2 kap. 6 \u00a7 p. 11\u201316):<\/p>\n<ul>\n<li><strong>Styrelseordf\u00f6rande<\/strong> (1 plats)<\/li>\n<li><strong>Styrelseledam\u00f6ter<\/strong> (3 platser)<\/li>\n<li><strong>Revisorer<\/strong> (2 st inkl personlig ers\u00e4ttare alternativt revisionsbyr\u00e5)<\/li>\n<li><strong>Verksamhetsrevisor (<\/strong>2 st inkl personlig ers\u00e4ttare)<\/li>\n<li><strong>Disciplinn\u00e4mnden<\/strong> (1 ordf\u00f6rande samt 2 ledam\u00f6ter)<\/li>\n<\/ul>\n<h3>Varf\u00f6r \u00e4r din nominering viktig?<\/h3>\n<p>Bredd och kompetens: Genom nya nomineringar kan vi tillf\u00f6ra f\u00e4rsk kompetens och s\u00e4kra ett starkt ledarskap f\u00f6r framtiden.<br \/>\nSt\u00e4rkt demokratiskt mandat: \u00c4ven om sittande ledam\u00f6ter har tackat ja till omval, \u00e4r det av stor vikt att de formellt nomineras av medlemsleden. Det ger kandidaterna ett tydligt f\u00f6rtroende och ett starkare mandat i den demokratiska processen.<\/p>\n<ul>\n<li><em><strong>Skicka f\u00f6rslag p\u00e5 nomineringar till: <a href=\"mailto:valberedning@scf.se\">valberedning@scf.se<\/a><\/strong><\/em><\/li>\n<li><strong><a href=\"https:\/\/scf.se\/forbundet\/kalender\/scfs-forbundsmote-2026\/\"><em>Alla datum och l\u00e4nkar till dokument inf\u00f6r f\u00f6rbundsm\u00f6tet hittar ni h\u00e4r!<\/em><\/a><\/strong><\/li>\n<\/ul>\n<p>L\u00e5t oss tillsammans bygga ett starkt och kompetent f\u00f6rbund. Vi ser fram emot era f\u00f6rslag!<\/p>\n<p><em>V\u00e4nliga h\u00e4lsningar, <\/em><br \/>\n<em><strong>Valberedningen<\/strong><\/em><\/p>\n<p>&nbsp;<\/p>\n<p>&nbsp;<\/p>\n","protected":false},"excerpt":{"rendered":"<p>Hej, alla f\u00f6reningar och distrikt, bara knappa tv\u00e5 dagar kvar \u2013 deadline f\u00f6r nomineringar den 15 januari kl 23.59. Sista chansen, var med och forma framtidens f\u00f6rbund!\u00a0 Det \u00e4r nu h\u00f6g tid f\u00f6r f\u00f6reningar och distriktsf\u00f6rbund (DCF) att skicka in sina nomineringar inf\u00f6r F\u00f6rbundsm\u00f6tet 2026. Ert engagemang \u00e4r avg\u00f6rande f\u00f6r att valberedningen ska kunna<a href=\"https:\/\/scf.se\/forbundet\/paminnelse-valberedningen-vill-ha-in-nomineringar-senast-15-januari\/\" class=\"news-card__more\"> &#8230;<\/a><\/p>\n","protected":false},"author":41,"featured_media":11398,"comment_status":"open","ping_status":"open","sticky":false,"template":"","format":"standard","meta":{"_acf_changed":false,"footnotes":""},"categories":[1],"tags":[],"class_list":["post-11397","post","type-post","status-publish","format-standard","hentry","category-forbundet"],"acf":[],"_links":{"self":[{"href":"https:\/\/scf.se\/forbundet\/wp-json\/wp\/v2\/posts\/11397","targetHints":{"allow":["GET"]}}],"collection":[{"href":"https:\/\/scf.se\/forbundet\/wp-json\/wp\/v2\/posts"}],"about":[{"href":"https:\/\/scf.se\/forbundet\/wp-json\/wp\/v2\/types\/post"}],"author":[{"embeddable":true,"href":"https:\/\/scf.se\/forbundet\/wp-json\/wp\/v2\/users\/41"}],"replies":[{"embeddable":true,"href":"https:\/\/scf.se\/forbundet\/wp-json\/wp\/v2\/comments?post=11397"}],"version-history":[{"count":4,"href":"https:\/\/scf.se\/forbundet\/wp-json\/wp\/v2\/posts\/11397\/revisions"}],"predecessor-version":[{"id":11402,"href":"https:\/\/scf.se\/forbundet\/wp-json\/wp\/v2\/posts\/11397\/revisions\/11402"}],"wp:featuredmedia":[{"embeddable":true,"href":"https:\/\/scf.se\/forbundet\/wp-json\/wp\/v2\/media\/11398"}],"wp:attachment":[{"href":"https:\/\/scf.se\/forbundet\/wp-json\/wp\/v2\/media?parent=11397"}],"wp:term":[{"taxonomy":"category","embeddable":true,"href":"https:\/\/scf.se\/forbundet\/wp-json\/wp\/v2\/categories?post=11397"},{"taxonomy":"post_tag","embeddable":true,"href":"https:\/\/scf.se\/forbundet\/wp-json\/wp\/v2\/tags?post=11397"}],"curies":[{"name":"wp","href":"https:\/\/api.w.org\/{rel}","templated":true}]}}