
{"id":11364,"date":"2025-12-18T12:05:57","date_gmt":"2025-12-18T11:05:57","guid":{"rendered":"https:\/\/scf.se\/forbundet\/?p=11364"},"modified":"2026-01-16T12:16:10","modified_gmt":"2026-01-16T11:16:10","slug":"god-jul-och-ett-gott-nytt-cykelar-onskar-vi-pa-scf","status":"publish","type":"post","link":"https:\/\/scf.se\/forbundet\/god-jul-och-ett-gott-nytt-cykelar-onskar-vi-pa-scf\/","title":{"rendered":"God Jul och ett Gott nytt cykel\u00e5r fr\u00e5n alla oss p\u00e5 Cykelf\u00f6rbundet!"},"content":{"rendered":"<p data-start=\"197\" data-end=\"440\">Vi kan blicka tillbaka p\u00e5 ett v\u00e4ldigt bra och framg\u00e5ngsrikt cykel\u00e5r, med stora internationella framg\u00e5ngar och tre v\u00e4rldsm\u00e4startr\u00f6jor p\u00e5 senior- och U23-niv\u00e5. Vi har ocks\u00e5 f\u00e5tt uppleva m\u00e5nga fina arrangemang, bland annat ett fantastiskt ungdoms-EM i J\u00f6nk\u00f6ping.<\/p>\n<p data-start=\"442\" data-end=\"522\">Just nu \u00e4r vi p\u00e5 Svenska Cykelf\u00f6rbundets kansli bland annat mitt uppe i flera st\u00f6rre f\u00f6r\u00e4ndringar i v\u00e5ra administrativa system. Vi ska ladda batterierna under julhelgerna. Fr\u00e5n och med julafton till och med 4 januari har vi d\u00e4rf\u00f6r v\u00e4ldigt begr\u00e4nsad tillg\u00e4nglighet p\u00e5 kansliet. Har ni som ska t\u00e4vla i b\u00f6rjan av januari fr\u00e5gor om licenser eller andra akuta \u00e4renden, mejla: <strong><em><a href=\"mailto:kansli@scf.se\">kansli@scf.se<\/a><\/em><\/strong><\/p>\n<p>Vi \u00f6nskar hela Cykelsverige en synnerligen <span style=\"color: #ff0000\"><strong>God Jul<\/strong><\/span> och ett <span style=\"color: #3366ff\"><strong>Gott Nytt Cykel\u00e5r<\/strong><\/span>!<\/p>\n","protected":false},"excerpt":{"rendered":"<p>Vi kan blicka tillbaka p\u00e5 ett v\u00e4ldigt bra och framg\u00e5ngsrikt cykel\u00e5r, med stora internationella framg\u00e5ngar och tre v\u00e4rldsm\u00e4startr\u00f6jor p\u00e5 senior- och U23-niv\u00e5. Vi har ocks\u00e5 f\u00e5tt uppleva m\u00e5nga fina arrangemang, bland annat ett fantastiskt ungdoms-EM i J\u00f6nk\u00f6ping. Just nu \u00e4r vi p\u00e5 Svenska Cykelf\u00f6rbundets kansli bland annat mitt uppe i flera st\u00f6rre f\u00f6r\u00e4ndringar i<a href=\"https:\/\/scf.se\/forbundet\/god-jul-och-ett-gott-nytt-cykelar-onskar-vi-pa-scf\/\" class=\"news-card__more\"> &#8230;<\/a><\/p>\n","protected":false},"author":41,"featured_media":11373,"comment_status":"open","ping_status":"open","sticky":false,"template":"","format":"standard","meta":{"_acf_changed":false,"footnotes":""},"categories":[1],"tags":[],"class_list":["post-11364","post","type-post","status-publish","format-standard","hentry","category-forbundet"],"acf":[],"_links":{"self":[{"href":"https:\/\/scf.se\/forbundet\/wp-json\/wp\/v2\/posts\/11364","targetHints":{"allow":["GET"]}}],"collection":[{"href":"https:\/\/scf.se\/forbundet\/wp-json\/wp\/v2\/posts"}],"about":[{"href":"https:\/\/scf.se\/forbundet\/wp-json\/wp\/v2\/types\/post"}],"author":[{"embeddable":true,"href":"https:\/\/scf.se\/forbundet\/wp-json\/wp\/v2\/users\/41"}],"replies":[{"embeddable":true,"href":"https:\/\/scf.se\/forbundet\/wp-json\/wp\/v2\/comments?post=11364"}],"version-history":[{"count":9,"href":"https:\/\/scf.se\/forbundet\/wp-json\/wp\/v2\/posts\/11364\/revisions"}],"predecessor-version":[{"id":11377,"href":"https:\/\/scf.se\/forbundet\/wp-json\/wp\/v2\/posts\/11364\/revisions\/11377"}],"wp:featuredmedia":[{"embeddable":true,"href":"https:\/\/scf.se\/forbundet\/wp-json\/wp\/v2\/media\/11373"}],"wp:attachment":[{"href":"https:\/\/scf.se\/forbundet\/wp-json\/wp\/v2\/media?parent=11364"}],"wp:term":[{"taxonomy":"category","embeddable":true,"href":"https:\/\/scf.se\/forbundet\/wp-json\/wp\/v2\/categories?post=11364"},{"taxonomy":"post_tag","embeddable":true,"href":"https:\/\/scf.se\/forbundet\/wp-json\/wp\/v2\/tags?post=11364"}],"curies":[{"name":"wp","href":"https:\/\/api.w.org\/{rel}","templated":true}]}}