
{"id":11358,"date":"2025-12-22T08:09:19","date_gmt":"2025-12-22T07:09:19","guid":{"rendered":"https:\/\/scf.se\/forbundet\/?p=11358"},"modified":"2026-01-02T09:40:59","modified_gmt":"2026-01-02T08:40:59","slug":"nya-licensmodulen-via-sportstiming-har-kommer-fler-instruktioner","status":"publish","type":"post","link":"https:\/\/scf.se\/forbundet\/nya-licensmodulen-via-sportstiming-har-kommer-fler-instruktioner\/","title":{"rendered":"Nya licensmodulen via Sportstiming \u2013 h\u00e4r kommer fler instruktioner"},"content":{"rendered":"<h3><strong>Sanktionskalendern<\/strong><\/h3>\n<p>Svenska Cykelf\u00f6rbundets nya sanktionskalender kommer att lanseras i mitten av januari. Fram till dess ska arrang\u00f6rers lopp fortsatt ligga i nuvarande system, <a href=\"https:\/\/cykel.indta.se\/\"><strong>Swecyclingonline\/IndTA<\/strong>.<\/a><\/p>\n<p>Mer information om sanktionskalendern och kommande s\u00e4song publiceras i samband med lanseringen i januari.<\/p>\n<h3><strong>Avgifter f\u00f6r motionslopp<\/strong><\/h3>\n<p>M\u00f6jligheten till avr\u00e4kning f\u00f6r <strong>licensierade cyklister i motionslopp \u00e4r slopad till 2026<\/strong>. Det inneb\u00e4r att arrang\u00f6rer inte l\u00e4ngre ska, eller kan, rapportera deltagare via <strong>Cardskipper<\/strong>.<\/p>\n<p>Deltagaravgiften f\u00f6r <strong>motionslopp\/motionsklass 2026<\/strong>\u00a0\u00e4r \u00e4nnu inte fastst\u00e4lld. Det st\u00e5r dock redan klart att <strong>inga \u00e5terstartsst\u00f6d fr\u00e5n Riksidrottsf\u00f6rbundet finns kvar f\u00f6r 2026<\/strong>, vilket inneb\u00e4r att detta st\u00f6d inte l\u00e4ngre kommer att erbjudas motionsloppen.<\/p>\n<p>Mer information kommer n\u00e4r beslut har fattats av styrelsen.<\/p>\n<h3><strong>Avgifter f\u00f6r klassen Sportmotion<\/strong><\/h3>\n<p>Eftersom den obligatoriska avr\u00e4kningen i Cardskipper f\u00f6r arrang\u00f6rer av klassen <strong>Sportmotion<\/strong>\u00a0inte l\u00e4ngre kommer att finnas kvar g\u00e4ller f\u00f6ljande fr\u00e5n och med n\u00e4sta s\u00e4song:<\/p>\n<ul>\n<li>Arrang\u00f6rer faktureras <strong>samma deltagaravgift som \u00f6vriga t\u00e4vlingsarrang\u00f6rer<\/strong>.<\/li>\n<li>Deltagaravgiften i t\u00e4vlingsklass \u00e4r <strong>20 kronor per anm\u00e4ld cyklist \u00f6ver 16 \u00e5r<\/strong>.<\/li>\n<li>Avgiften g\u00e4ller <strong>samtliga anm\u00e4lda cyklister<\/strong>\u00a0i klassen.<\/li>\n<\/ul>\n<h3><strong>Avgifter vid anv\u00e4ndning av Sportstiming<\/strong><\/h3>\n<p>T\u00e4vlingsarrang\u00f6rer som anv\u00e4nder <strong>Sportstiming<\/strong>\u00a0som anm\u00e4lnings- och resultatmodul kan v\u00e4lja mellan att:<\/p>\n<ul>\n<li>sj\u00e4lva st\u00e5 f\u00f6r den administrativa avgiften p\u00e5 <strong>20 kronor + 0,8 % av anm\u00e4lningsavgiften<\/strong>, eller<\/li>\n<li>l\u00e4gga denna avgift p\u00e5 deltagaren.<\/li>\n<\/ul>\n<h3><strong>Betalning av licens via f\u00f6rening<\/strong><\/h3>\n<p>F\u00f6reningar som vill betala licensavgiften f\u00f6r utvalda cyklister kan nu g\u00f6ra detta via sin f\u00f6reningssida i <strong>Sportstiming<\/strong>, d\u00e4r f\u00f6reningens licenskontrollanter anges. Via f\u00f6reningssidan kan f\u00f6reningen v\u00e4lja att st\u00e5 f\u00f6r medlemmarnas licenser genom att kryssa i valet \u201dKlubben betalar medlemmarnas licens\u201d och <strong>skapa en betalningskod<\/strong>. Koden anv\u00e4nds av de utvalda cyklisterna i samband med licensk\u00f6pet.<\/p>\n<p>Mer information om hur en f\u00f6rening kan betala sina medlemmars licens finns p\u00e5 <strong><u><a href=\"http:\/\/www.scf.se\/licenser\" data-auth=\"NotApplicable\">www.scf.se\/licenser<\/a><\/u><\/strong>\u00a0under avsnittet <em>Vanliga fr\u00e5gor<\/em>.<\/p>\n<ul>\n<li><a href=\"https:\/\/scf.se\/forbundet\/nu-oppnas-cykelforbundets-nya-licensmodul-via-sportstiming\/\"><em><strong>L\u00e4s ocks\u00e5: Nu \u00f6ppnas Cykelf\u00f6rbundets nya licensmodul via Sportstiming!<\/strong><\/em><\/a><\/li>\n<\/ul>\n<p><em>Text och bildmontage: SCF<\/em><\/p>\n","protected":false},"excerpt":{"rendered":"<p>Sanktionskalendern Svenska Cykelf\u00f6rbundets nya sanktionskalender kommer att lanseras i mitten av januari. Fram till dess ska arrang\u00f6rers lopp fortsatt ligga i nuvarande system, Swecyclingonline\/IndTA. Mer information om sanktionskalendern och kommande s\u00e4song publiceras i samband med lanseringen i januari. Avgifter f\u00f6r motionslopp M\u00f6jligheten till avr\u00e4kning f\u00f6r licensierade cyklister i motionslopp \u00e4r slopad till 2026. Det<a href=\"https:\/\/scf.se\/forbundet\/nya-licensmodulen-via-sportstiming-har-kommer-fler-instruktioner\/\" class=\"news-card__more\"> &#8230;<\/a><\/p>\n","protected":false},"author":41,"featured_media":11359,"comment_status":"open","ping_status":"open","sticky":false,"template":"","format":"standard","meta":{"_acf_changed":false,"footnotes":""},"categories":[1],"tags":[],"class_list":["post-11358","post","type-post","status-publish","format-standard","hentry","category-forbundet"],"acf":[],"_links":{"self":[{"href":"https:\/\/scf.se\/forbundet\/wp-json\/wp\/v2\/posts\/11358","targetHints":{"allow":["GET"]}}],"collection":[{"href":"https:\/\/scf.se\/forbundet\/wp-json\/wp\/v2\/posts"}],"about":[{"href":"https:\/\/scf.se\/forbundet\/wp-json\/wp\/v2\/types\/post"}],"author":[{"embeddable":true,"href":"https:\/\/scf.se\/forbundet\/wp-json\/wp\/v2\/users\/41"}],"replies":[{"embeddable":true,"href":"https:\/\/scf.se\/forbundet\/wp-json\/wp\/v2\/comments?post=11358"}],"version-history":[{"count":6,"href":"https:\/\/scf.se\/forbundet\/wp-json\/wp\/v2\/posts\/11358\/revisions"}],"predecessor-version":[{"id":11382,"href":"https:\/\/scf.se\/forbundet\/wp-json\/wp\/v2\/posts\/11358\/revisions\/11382"}],"wp:featuredmedia":[{"embeddable":true,"href":"https:\/\/scf.se\/forbundet\/wp-json\/wp\/v2\/media\/11359"}],"wp:attachment":[{"href":"https:\/\/scf.se\/forbundet\/wp-json\/wp\/v2\/media?parent=11358"}],"wp:term":[{"taxonomy":"category","embeddable":true,"href":"https:\/\/scf.se\/forbundet\/wp-json\/wp\/v2\/categories?post=11358"},{"taxonomy":"post_tag","embeddable":true,"href":"https:\/\/scf.se\/forbundet\/wp-json\/wp\/v2\/tags?post=11358"}],"curies":[{"name":"wp","href":"https:\/\/api.w.org\/{rel}","templated":true}]}}