
{"id":11328,"date":"2025-12-09T16:49:44","date_gmt":"2025-12-09T15:49:44","guid":{"rendered":"https:\/\/scf.se\/forbundet\/?p=11328"},"modified":"2025-12-09T18:15:47","modified_gmt":"2025-12-09T17:15:47","slug":"en-handfull-viktiga-saker-att-gora-i-ar-infor-flytt-till-idrottsarenan","status":"publish","type":"post","link":"https:\/\/scf.se\/forbundet\/en-handfull-viktiga-saker-att-gora-i-ar-infor-flytt-till-idrottsarenan\/","title":{"rendered":"En handfull viktiga saker att g\u00f6ra i \u00e5r inf\u00f6r flytten till Idrottsarenan"},"content":{"rendered":"<p><strong>Idrottsarenan blir det nya verksamhetssystemet f\u00f6r de svenska cykelklubbarna \u2013 liksom f\u00f6r \u00f6vriga idrotter anslutna till Riksidrottsf\u00f6rbundet (RF). Fr\u00e5n och med 26 mars 2026 ers\u00e4tter det IdrottOnline och blir d\u00e4refter grunden f\u00f6r mycket av kommunikationen och administrationen mellan medlem, f\u00f6rening och f\u00f6rbund.<\/strong><\/p>\n<p>Idrottsarenan kommer att lanseras f\u00f6rst 26 mars 2026, men redan f\u00f6re den <strong>31 december 2025<\/strong>\u00a0m\u00e5ste vissa bitar finnas p\u00e5 plats f\u00f6r att det ska fungera smidigt f\u00f6r er vid \u00f6verg\u00e5ngen:<\/p>\n<ul>\n<li>Kontaktuppgifterna till er f\u00f6rening m\u00e5ste vara korrekta och uppdaterade.<\/li>\n<li>R\u00e4tt personer ska st\u00e5 angivna som ordf\u00f6rande, kass\u00f6r och LOK-st\u00f6dsansvarig.<\/li>\n<li>Alla medlemmar med svenskt personnummer ska vara registrerade med samtliga 12 siffror.<\/li>\n<li>\u00c5terrapportera utbetalda st\u00f6d fr\u00e5n \u00c5terstartsst\u00f6d f\u00f6reningsdelen och Projektst\u00f6d IF barn och ungdom, d\u00e5 detta sker i IdrottOnline. D\u00e5 detta m\u00e5ste ske i god tid innan \u00e5rsskiftet hade vi satt deadline 30 november, men det saknas fortfarande \u00e5terrapporter.<\/li>\n<\/ul>\n<h3><span class=\"heading-4\">Logga in med Freja+<\/span><\/h3>\n<p>F\u00f6r att logga in p\u00e5 Idrottsarenan anv\u00e4nds Freja+ f\u00f6r att s\u00e4kerst\u00e4lla identiteten p\u00e5 ett s\u00e4kert s\u00e4tt. Genom RF \u00e4r Freja+ kostnadsfritt och samtliga som administrerar er f\u00f6rening b\u00f6r fixa detta i god tid f\u00f6re \u00f6verg\u00e5ngen.<\/p>\n<h3><span class=\"heading-4\">Lansering v\u00e5ren 2026<\/span><\/h3>\n<p>Under v\u00e5ren 2026 kommer de olika funktionerna i Idrottsarenan att implementeras en efter en och f\u00f6rhoppningen med det nya systemet \u00e4r att det ska f\u00f6renkla administration och det vardagliga arbetet i f\u00f6reningarna.<\/p>\n<h3>L\u00e4s mer h\u00e4r om&#8230;<\/h3>\n<ul>\n<li><em><strong><a href=\"https:\/\/www.rf.se\/rf-arbetar-med\/digitalisering\/idrottsarenan\/idrottsarenan-forening\/registret\">&#8230;registret, det nya medlems- och personregistret.<\/a><\/strong><\/em><\/li>\n<li><a href=\"https:\/\/www.rf.se\/rf-arbetar-med\/digitalisering\/idrottsarenan\/idrottsarenan-forening\"><em><strong>&#8230;RF:s sida om Idrottsarenan f\u00f6rening.<\/strong><\/em><\/a><\/li>\n<li><a href=\"https:\/\/www.rf.se\/rf-arbetar-med\/digitalisering\/idrottsarenan\/idrottsarenan-forening\"><em><strong>&#8230;vanliga fr\u00e5gor om Idrottsarenan.<\/strong><\/em><\/a><\/li>\n<li><a href=\"https:\/\/www.rf.se\/download\/18.4c85a82619a66a58a5621f85\/1765290443550\/Checklista%20inf%C3%B6r%20lansering%20av%20Idrottsarenan%20(endast%20f%C3%B6rening).pdf\"><em><strong>&#8230;checklista f\u00f6r Idrottsarenan.<\/strong><\/em><\/a><\/li>\n<\/ul>\n<p>Ta ocks\u00e5 g\u00e4rna en titt i RF:s introduktion p\u00e5 Youtube!<\/p>\n<p><div class=\"video-wrapper\"><iframe loading=\"lazy\" title=\"Idrottsarenan f\u00f6rening \u2013 En kort introduktion\" width=\"500\" height=\"281\" src=\"https:\/\/www.youtube.com\/embed\/YmoXmpxz-r0?feature=oembed\" frameborder=\"0\" allow=\"accelerometer; autoplay; clipboard-write; encrypted-media; gyroscope; picture-in-picture; web-share\" referrerpolicy=\"strict-origin-when-cross-origin\" allowfullscreen><\/iframe><\/div><\/p>\n<p><em>Text: RF och SCF<\/em><\/p>\n<p>&nbsp;<\/p>\n","protected":false},"excerpt":{"rendered":"<p>Idrottsarenan blir det nya verksamhetssystemet f\u00f6r de svenska cykelklubbarna \u2013 liksom f\u00f6r \u00f6vriga idrotter anslutna till Riksidrottsf\u00f6rbundet (RF). Fr\u00e5n och med 26 mars 2026 ers\u00e4tter det IdrottOnline och blir d\u00e4refter grunden f\u00f6r mycket av kommunikationen och administrationen mellan medlem, f\u00f6rening och f\u00f6rbund. Idrottsarenan kommer att lanseras f\u00f6rst 26 mars 2026, men redan f\u00f6re den<a href=\"https:\/\/scf.se\/forbundet\/en-handfull-viktiga-saker-att-gora-i-ar-infor-flytt-till-idrottsarenan\/\" class=\"news-card__more\"> &#8230;<\/a><\/p>\n","protected":false},"author":41,"featured_media":11330,"comment_status":"open","ping_status":"open","sticky":true,"template":"","format":"standard","meta":{"_acf_changed":false,"footnotes":""},"categories":[1],"tags":[],"class_list":["post-11328","post","type-post","status-publish","format-standard","hentry","category-forbundet"],"acf":[],"_links":{"self":[{"href":"https:\/\/scf.se\/forbundet\/wp-json\/wp\/v2\/posts\/11328","targetHints":{"allow":["GET"]}}],"collection":[{"href":"https:\/\/scf.se\/forbundet\/wp-json\/wp\/v2\/posts"}],"about":[{"href":"https:\/\/scf.se\/forbundet\/wp-json\/wp\/v2\/types\/post"}],"author":[{"embeddable":true,"href":"https:\/\/scf.se\/forbundet\/wp-json\/wp\/v2\/users\/41"}],"replies":[{"embeddable":true,"href":"https:\/\/scf.se\/forbundet\/wp-json\/wp\/v2\/comments?post=11328"}],"version-history":[{"count":5,"href":"https:\/\/scf.se\/forbundet\/wp-json\/wp\/v2\/posts\/11328\/revisions"}],"predecessor-version":[{"id":11334,"href":"https:\/\/scf.se\/forbundet\/wp-json\/wp\/v2\/posts\/11328\/revisions\/11334"}],"wp:featuredmedia":[{"embeddable":true,"href":"https:\/\/scf.se\/forbundet\/wp-json\/wp\/v2\/media\/11330"}],"wp:attachment":[{"href":"https:\/\/scf.se\/forbundet\/wp-json\/wp\/v2\/media?parent=11328"}],"wp:term":[{"taxonomy":"category","embeddable":true,"href":"https:\/\/scf.se\/forbundet\/wp-json\/wp\/v2\/categories?post=11328"},{"taxonomy":"post_tag","embeddable":true,"href":"https:\/\/scf.se\/forbundet\/wp-json\/wp\/v2\/tags?post=11328"}],"curies":[{"name":"wp","href":"https:\/\/api.w.org\/{rel}","templated":true}]}}