
{"id":11217,"date":"2025-11-28T09:40:20","date_gmt":"2025-11-28T08:40:20","guid":{"rendered":"https:\/\/scf.se\/forbundet\/?p=11217"},"modified":"2025-11-28T09:48:30","modified_gmt":"2025-11-28T08:48:30","slug":"nytt-ta-system-och-viktiga-nyheter-for-motionsloppsarrangorer","status":"publish","type":"post","link":"https:\/\/scf.se\/forbundet\/nytt-ta-system-och-viktiga-nyheter-for-motionsloppsarrangorer\/","title":{"rendered":"Nytt, smidigare TA-system och viktig info f\u00f6r alla motionsloppsarrang\u00f6rer"},"content":{"rendered":"<p><strong>Svenska Cykelf\u00f6rbundet (SCF) ut\u00f6kar samarbetet med Sportstiming som blir ny leverant\u00f6r \u00e4ven f\u00f6r ett t\u00e4vlingsadministrativt (TA) system. I samband med \u00f6verg\u00e5ngen till Sportstiming upph\u00f6r ocks\u00e5 den avgiftsmodell som inf\u00f6rdes 2023, se nedan!<\/strong><\/p>\n<p>SCF ut\u00f6kar sitt samarbete med Sportstiming, som fr\u00e5n och med i vinter tar \u00f6ver som SCF:s officiella TA-leverant\u00f6r. Detta inneb\u00e4r att det tidigare TA-systemet som legat under dom\u00e4nen Swecyclingonline (IndTA) kommer att fasas ut, och att b\u00e5de licensmodul och sanktionskalender inom kort hanteras direkt i Sportstiming.<\/p>\n<h3>S\u00e5 ska lanseringen genomf\u00f6ras<\/h3>\n<p>Arbetet med \u00f6verf\u00f6ring av funktionalitet och \u00f6vers\u00e4ttning p\u00e5g\u00e5r f\u00f6r fullt, och f\u00f6ljande prelimin\u00e4ra tidsplan g\u00e4ller:<\/p>\n<ul>\n<li>Licensmodulen lanseras i vecka 50<\/li>\n<li>Sanktionskalendern ber\u00e4knas vara redo i vecka 51<\/li>\n<\/ul>\n<p>Till dess uppmanar vi alla arrang\u00f6rer att beh\u00e5lla och forts\u00e4tta l\u00e4gga in sina arrangemang i IndTA. Det kommer att skickas ut mer praktisk information om dom\u00e4n, inloggning och funktionalitet n\u00e4r lanseringsdagarna n\u00e4rmar sig.<\/p>\n<h3>Alla licenser samlas p\u00e5 ett st\u00e4lle<\/h3>\n<p>Med Sportstiming som ny plattform f\u00e5r vi nu m\u00f6jlighet att samla alla typer av licenser i samma system.<\/p>\n<ul>\n<li><em><strong>T\u00e4vlingslicenser<\/strong><\/em><\/li>\n<li><em><strong>Motionslicensen<\/strong><\/em><\/li>\n<li><em><strong>Eng\u00e5ngslicenser<\/strong><\/em><\/li>\n<li><em><strong>\u00d6vriga licenstyper<\/strong><\/em><\/li>\n<\/ul>\n<p>Det inneb\u00e4r just att alla licenser fram\u00f6ver tecknas p\u00e5 en och samma plats \u2013 n\u00e5got som b\u00e5de f\u00f6renklar administrationen och skapar en tryggare. Det blir en mer enhetlig hantering f\u00f6r cyklister, arrang\u00f6rer och f\u00f6reningar.<\/p>\n<h3>Kontaktperson i IdrottOnline<\/h3>\n<p>Sportstiming kommer inte ha samma l\u00e5sning mot IdrottOnline som IndTA hade. Det inneb\u00e4r att f\u00f6reningen ist\u00e4llet f\u00e5r chans att granska alla som tecknar licens i klubben, med m\u00f6jlighet att agera om licenstecknaren saknar medlemskap i f\u00f6reningen. Denna kontaktperson hos f\u00f6reningen kommer vi att samla in, genom bland annat ett utskick till f\u00f6reningens mejladress i IdrottOnline. Vi uppmanar d\u00e4rf\u00f6r f\u00f6reningarna att s\u00e4kerst\u00e4lla att de har uppdaterade kontaktuppgifter i IdrottOnline.<\/p>\n<h3>\u00c5terg\u00e5ng till tidigare avgiftsmodell f\u00f6r motionslopp fr\u00e5n 2025<\/h3>\n<p>I samband med \u00f6verg\u00e5ngen till Sportstiming upph\u00f6r ocks\u00e5 den avgiftsmodell som inf\u00f6rdes 2023, d\u00e4r arrang\u00f6rer av motionslopp\/motionsklass kunde r\u00e4kna av licensierade deltagare fr\u00e5n deltagaravgift.<\/p>\n<p>Avr\u00e4kningen hade vissa brister, och fr\u00e5n och med kommande s\u00e4song inf\u00f6rs ist\u00e4llet en fast avgift per anm\u00e4ld deltagare i motionslopp\/motionsklass, oavsett om deltagaren har licens eller ej.<\/p>\n<p>Deltagaravgiften f\u00f6r motionslopp kommer att fastst\u00e4llas och kommuniceras av styrelsen l\u00e4ngre fram. Detta medf\u00f6r \u00e4ven att motionsloppsarrang\u00f6rer inte l\u00e4ngre beh\u00f6ver samla in fullst\u00e4ndigt personnummer vid anm\u00e4lan.<\/p>\n<p>F\u00f6r lopp med klassen Sportmotion g\u00e4ller fr\u00e5n och med 2026 samma deltagaravgift som f\u00f6r \u00f6vriga t\u00e4vlingsklasser:<br \/>\n20 kronor per anm\u00e4ld deltagare f\u00f6r \u00e5ldrar 17+.<\/p>\n<h3>Mer information kommer n\u00e4sta vecka<\/h3>\n<p>Vi uppdaterar fortl\u00f6pande all information p\u00e5 scf.se och \u00e5terkommer med ytterligare detaljer under vecka 49.<\/p>\n<p><em>Text: SCF<br \/>\nFoto: Marie Leander<\/em><\/p>\n","protected":false},"excerpt":{"rendered":"<p>Svenska Cykelf\u00f6rbundet (SCF) ut\u00f6kar samarbetet med Sportstiming som blir ny leverant\u00f6r \u00e4ven f\u00f6r ett t\u00e4vlingsadministrativt (TA) system. I samband med \u00f6verg\u00e5ngen till Sportstiming upph\u00f6r ocks\u00e5 den avgiftsmodell som inf\u00f6rdes 2023, se nedan! SCF ut\u00f6kar sitt samarbete med Sportstiming, som fr\u00e5n och med i vinter tar \u00f6ver som SCF:s officiella TA-leverant\u00f6r. Detta inneb\u00e4r att det<a href=\"https:\/\/scf.se\/forbundet\/nytt-ta-system-och-viktiga-nyheter-for-motionsloppsarrangorer\/\" class=\"news-card__more\"> &#8230;<\/a><\/p>\n","protected":false},"author":41,"featured_media":10838,"comment_status":"open","ping_status":"open","sticky":true,"template":"","format":"standard","meta":{"_acf_changed":false,"footnotes":""},"categories":[1],"tags":[],"class_list":["post-11217","post","type-post","status-publish","format-standard","hentry","category-forbundet"],"acf":[],"_links":{"self":[{"href":"https:\/\/scf.se\/forbundet\/wp-json\/wp\/v2\/posts\/11217","targetHints":{"allow":["GET"]}}],"collection":[{"href":"https:\/\/scf.se\/forbundet\/wp-json\/wp\/v2\/posts"}],"about":[{"href":"https:\/\/scf.se\/forbundet\/wp-json\/wp\/v2\/types\/post"}],"author":[{"embeddable":true,"href":"https:\/\/scf.se\/forbundet\/wp-json\/wp\/v2\/users\/41"}],"replies":[{"embeddable":true,"href":"https:\/\/scf.se\/forbundet\/wp-json\/wp\/v2\/comments?post=11217"}],"version-history":[{"count":7,"href":"https:\/\/scf.se\/forbundet\/wp-json\/wp\/v2\/posts\/11217\/revisions"}],"predecessor-version":[{"id":11222,"href":"https:\/\/scf.se\/forbundet\/wp-json\/wp\/v2\/posts\/11217\/revisions\/11222"}],"wp:featuredmedia":[{"embeddable":true,"href":"https:\/\/scf.se\/forbundet\/wp-json\/wp\/v2\/media\/10838"}],"wp:attachment":[{"href":"https:\/\/scf.se\/forbundet\/wp-json\/wp\/v2\/media?parent=11217"}],"wp:term":[{"taxonomy":"category","embeddable":true,"href":"https:\/\/scf.se\/forbundet\/wp-json\/wp\/v2\/categories?post=11217"},{"taxonomy":"post_tag","embeddable":true,"href":"https:\/\/scf.se\/forbundet\/wp-json\/wp\/v2\/tags?post=11217"}],"curies":[{"name":"wp","href":"https:\/\/api.w.org\/{rel}","templated":true}]}}