
{"id":11177,"date":"2025-11-18T12:10:27","date_gmt":"2025-11-18T11:10:27","guid":{"rendered":"https:\/\/scf.se\/forbundet\/?p=11177"},"modified":"2025-11-18T12:21:59","modified_gmt":"2025-11-18T11:21:59","slug":"simonsson-har-fatt-samma-roll-som-i-girot-pa-2026-ars-tour-de-france","status":"publish","type":"post","link":"https:\/\/scf.se\/forbundet\/simonsson-har-fatt-samma-roll-som-i-girot-pa-2026-ars-tour-de-france\/","title":{"rendered":"Simonsson har f\u00e5tt samma roll som i Girot p\u00e5 2026 \u00e5rs Tour de France!"},"content":{"rendered":"<p><strong>Kenneth Simonsson fick sig i maj i \u00e5r sin klart st\u00f6rsta uppgift och upplevelse inom cykelsporten. Han jobbade som kommissarie p\u00e5 ett h\u00e4ndelserikt Giro d\u2019Italia. Uppenbarligen sk\u00f6tte han jobbet till stor bel\u00e5tenhet f\u00f6r nu \u00e4r det klart att Simonsson f\u00e5r samma roll i 2026 \u00e5rs upplaga av Tour de France!<\/strong><\/p>\n<blockquote><p>&#8221;Min roll blir att vara en i juryn (sex kommissarier utses av UCI, och ungef\u00e4r lika m\u00e5nga av franska cykelf\u00f6rbundet). Min uppgift kommer vara samma som den var i Giro d\u2019Italia i \u00e5r, n\u00e4mligen att vara tv- och VAR-kommissarie och f\u00f6lja loppet p\u00e5 sk\u00e4rmar i UCI:s buss p\u00e5 plats, och f\u00f6rmedla information till och ha kontakt med \u00f6vriga kommissarier under etapperna&#8221;, s\u00e4ger Kenneth Simonsson.<\/p><\/blockquote>\n<a href=\"https:\/\/scf.se\/forbundet\/wp-content\/uploads\/sites\/9\/2025\/11\/Tdf1.png\"><img loading=\"lazy\" decoding=\"async\" class=\"alignnone size-full wp-image-11181\" src=\"https:\/\/scf.se\/forbundet\/wp-content\/uploads\/sites\/9\/2025\/11\/Tdf1.png\" alt=\"\" width=\"884\" height=\"560\" srcset=\"https:\/\/scf.se\/forbundet\/wp-content\/uploads\/sites\/9\/2025\/11\/Tdf1.png 884w, https:\/\/scf.se\/forbundet\/wp-content\/uploads\/sites\/9\/2025\/11\/Tdf1-300x190.png 300w, https:\/\/scf.se\/forbundet\/wp-content\/uploads\/sites\/9\/2025\/11\/Tdf1-768x487.png 768w\" sizes=\"auto, (max-width: 884px) 100vw, 884px\" \/><\/a> <a href=\"https:\/\/scf.se\/forbundet\/wp-content\/uploads\/sites\/9\/2025\/11\/Tdf2.png\"><img loading=\"lazy\" decoding=\"async\" class=\"alignnone size-full wp-image-11180\" src=\"https:\/\/scf.se\/forbundet\/wp-content\/uploads\/sites\/9\/2025\/11\/Tdf2.png\" alt=\"\" width=\"1000\" height=\"667\" srcset=\"https:\/\/scf.se\/forbundet\/wp-content\/uploads\/sites\/9\/2025\/11\/Tdf2.png 1000w, https:\/\/scf.se\/forbundet\/wp-content\/uploads\/sites\/9\/2025\/11\/Tdf2-300x200.png 300w, https:\/\/scf.se\/forbundet\/wp-content\/uploads\/sites\/9\/2025\/11\/Tdf2-768x512.png 768w\" sizes=\"auto, (max-width: 1000px) 100vw, 1000px\" \/><\/a>\n<p>Det \u00e4r bara att titta p\u00e5 bilderna ovan, att f\u00e5 vara en av sex utl\u00e4ndska kommissarier p\u00e5 Tour de France \u00e4r givetvis ett extremt stort f\u00f6rtroende.<\/p>\n<blockquote><p>&#8221;Jag \u00e4r tacksam och det \u00e4r kul att igen f\u00e5 f\u00f6rtroende av UCI att jobba p\u00e5 en Grand Tour&#8221;, s\u00e4ger Kenneth Simonsson.<\/p><\/blockquote>\n<a href=\"https:\/\/scf.se\/forbundet\/wp-content\/uploads\/sites\/9\/2025\/11\/3e323.png\"><img loading=\"lazy\" decoding=\"async\" class=\"alignnone size-full wp-image-11182\" src=\"https:\/\/scf.se\/forbundet\/wp-content\/uploads\/sites\/9\/2025\/11\/3e323.png\" alt=\"\" width=\"1000\" height=\"666\" srcset=\"https:\/\/scf.se\/forbundet\/wp-content\/uploads\/sites\/9\/2025\/11\/3e323.png 1000w, https:\/\/scf.se\/forbundet\/wp-content\/uploads\/sites\/9\/2025\/11\/3e323-300x200.png 300w, https:\/\/scf.se\/forbundet\/wp-content\/uploads\/sites\/9\/2025\/11\/3e323-768x511.png 768w\" sizes=\"auto, (max-width: 1000px) 100vw, 1000px\" \/><\/a>\n<p>2026 \u00e5rs upplaga av Tour de France startar 4 juli i Spanien, med ett lagtempo i Barcelona. Det \u00e4r 3333 kilometer som ska avverkas innan cyklisterna den 26 juli n\u00e5r Champs-Elys\u00e9es i Paris.<\/p>\n<ul>\n<li><a href=\"https:\/\/scf.se\/forbundet\/wp-content\/uploads\/sites\/9\/2025\/11\/tdf2026-parcours.pdf\"><em><strong>H\u00e4r \u00e4r hela banstr\u00e4ckningen f\u00f6r Touren 2026.<\/strong><\/em><\/a><\/li>\n<\/ul>\n<p>Efter \u00e5rets Giro d&#8217;Italia var Kenneth Simonsson v\u00e4ldigt inspirerad \u00f6ver att ha granskat allt som hade h\u00e4nt p\u00e5 de olika etapperna. Men han p\u00e5pekade ocks\u00e5 en annan sak som var minst lika viktig: gemenskapen och gruppk\u00e4nslan som \u00e4r det b\u00e4sta med att vara kommissarie.<\/p>\n<blockquote><p>&#8221;Jag f\u00e5r ju cykelv\u00e4nner inte bara i hela Sverige, utan i hela Europa. Och det \u00e4r v\u00e4ldigt fin sammanh\u00e5llning bland oss kommissarier. Allt det h\u00e4r g\u00f6r att jag verkligen kan rekommendera att testa rollen.&#8221;<\/p><\/blockquote>\n<h3>Vill du testa rollen som kommissarie?<\/h3>\n<ul>\n<li>Vill du ocks\u00e5 utbilda dig till kommissarie \u2013 och f\u00e5 chansen att uppleva allt fr\u00e5n svenska cykellopp till att p\u00e5 sikt kanske g\u00f6ra internationell karri\u00e4r?<\/li>\n<li>Mejla<a href=\"mailto:kommissarie@scf.se\"><em><strong> kommissarie@scf.se<\/strong><\/em><\/a> s\u00e5 tar vi det fr\u00e5n d\u00e4r! \u00c5rets p\u00e5 plats-kurser \u00e4r just avklarade.<\/li>\n<li>Vi har f\u00f6rhoppningsvis en digital variant p\u00e5 g\u00e5ng ut. Och n\u00e4sta \u00e5r kan det finnas chans att g\u00e5 vid sidan om en kommissarie f\u00f6r att se vad de g\u00f6r. Kolla ocks\u00e5 in Cykelstudions program om en dag som kommissarie nedan!<\/li>\n<\/ul>\n<p><div class=\"video-wrapper\"><iframe loading=\"lazy\" title=\"Vad g\u00f6r en kommissarie? \/ Cykelstudion by SCF\" width=\"500\" height=\"281\" src=\"https:\/\/www.youtube.com\/embed\/W0RXl7gviR8?feature=oembed\" frameborder=\"0\" allow=\"accelerometer; autoplay; clipboard-write; encrypted-media; gyroscope; picture-in-picture; web-share\" referrerpolicy=\"strict-origin-when-cross-origin\" allowfullscreen><\/iframe><\/div><\/p>\n<p><em>Text: SCF<br \/>\nFoto: Privat och letour.fr<\/em><\/p>\n","protected":false},"excerpt":{"rendered":"<p>Kenneth Simonsson fick sig i maj i \u00e5r sin klart st\u00f6rsta uppgift och upplevelse inom cykelsporten. Han jobbade som kommissarie p\u00e5 ett h\u00e4ndelserikt Giro d\u2019Italia. Uppenbarligen sk\u00f6tte han jobbet till stor bel\u00e5tenhet f\u00f6r nu \u00e4r det klart att Simonsson f\u00e5r samma roll i 2026 \u00e5rs upplaga av Tour de France! &#8221;Min roll blir att<a href=\"https:\/\/scf.se\/forbundet\/simonsson-har-fatt-samma-roll-som-i-girot-pa-2026-ars-tour-de-france\/\" class=\"news-card__more\"> &#8230;<\/a><\/p>\n","protected":false},"author":41,"featured_media":10577,"comment_status":"open","ping_status":"open","sticky":true,"template":"","format":"standard","meta":{"_acf_changed":false,"footnotes":""},"categories":[1],"tags":[],"class_list":["post-11177","post","type-post","status-publish","format-standard","hentry","category-forbundet"],"acf":[],"_links":{"self":[{"href":"https:\/\/scf.se\/forbundet\/wp-json\/wp\/v2\/posts\/11177","targetHints":{"allow":["GET"]}}],"collection":[{"href":"https:\/\/scf.se\/forbundet\/wp-json\/wp\/v2\/posts"}],"about":[{"href":"https:\/\/scf.se\/forbundet\/wp-json\/wp\/v2\/types\/post"}],"author":[{"embeddable":true,"href":"https:\/\/scf.se\/forbundet\/wp-json\/wp\/v2\/users\/41"}],"replies":[{"embeddable":true,"href":"https:\/\/scf.se\/forbundet\/wp-json\/wp\/v2\/comments?post=11177"}],"version-history":[{"count":4,"href":"https:\/\/scf.se\/forbundet\/wp-json\/wp\/v2\/posts\/11177\/revisions"}],"predecessor-version":[{"id":11207,"href":"https:\/\/scf.se\/forbundet\/wp-json\/wp\/v2\/posts\/11177\/revisions\/11207"}],"wp:featuredmedia":[{"embeddable":true,"href":"https:\/\/scf.se\/forbundet\/wp-json\/wp\/v2\/media\/10577"}],"wp:attachment":[{"href":"https:\/\/scf.se\/forbundet\/wp-json\/wp\/v2\/media?parent=11177"}],"wp:term":[{"taxonomy":"category","embeddable":true,"href":"https:\/\/scf.se\/forbundet\/wp-json\/wp\/v2\/categories?post=11177"},{"taxonomy":"post_tag","embeddable":true,"href":"https:\/\/scf.se\/forbundet\/wp-json\/wp\/v2\/tags?post=11177"}],"curies":[{"name":"wp","href":"https:\/\/api.w.org\/{rel}","templated":true}]}}