
{"id":11086,"date":"2025-10-22T16:15:16","date_gmt":"2025-10-22T14:15:16","guid":{"rendered":"https:\/\/scf.se\/forbundet\/?p=11086"},"modified":"2025-10-28T15:41:18","modified_gmt":"2025-10-28T14:41:18","slug":"valkomna-till-svenska-cykelforbundets-extra-forbundsmote-8-november","status":"publish","type":"post","link":"https:\/\/scf.se\/forbundet\/valkomna-till-svenska-cykelforbundets-extra-forbundsmote-8-november\/","title":{"rendered":"V\u00e4lkomna till SCF:s digitala extra f\u00f6rbundsm\u00f6te den 8 november!"},"content":{"rendered":"<p><strong>Svenska Cykelf\u00f6rbundets distrikt och f\u00f6reningar h\u00e4lsas v\u00e4lkomna till SCF:s extra f\u00f6rbundsm\u00f6te 8 november 2025. <\/strong><\/p>\n<p>Anledningen \u00e4r beslut om \u00e5rsavgift 2026 samt information till medlemmarna efter \u00e5rsm\u00f6tet. D\u00e4r redog\u00f6r styrelsen f\u00f6r utredningen om egenfinansiering och deltagaravgifter 2026.<\/p>\n<p><strong>Tid, plats och anm\u00e4lan till m\u00f6tet:<\/strong><\/p>\n<ul>\n<li><strong>N\u00e4r:<\/strong> L\u00f6rdag 8 november 2025 kl. 09.00.<\/li>\n<li><strong>Plats:<\/strong> Digitalt \u2013 via Easymeet.<\/li>\n<li><strong>Anm\u00e4lan<\/strong>: Genom anm\u00e4lningsblankett som finns i l\u00e4nken nedan.<\/li>\n<li><strong>Sista anm\u00e4lningsdag:<\/strong> 1 november 2025.<\/li>\n<\/ul>\n<p><strong>De som f\u00e5r r\u00f6sta p\u00e5 extra f\u00f6rbundsm\u00f6tet:<\/strong><\/p>\n<ul>\n<li>De r\u00f6stber\u00e4ttigade p\u00e5 extra f\u00f6rbundsm\u00f6tet best\u00e5r av ombud f\u00f6r distriktscykelf\u00f6rbund (DCF) samt ombud f\u00f6r medlemsf\u00f6reningar.<\/li>\n<li>En f\u00f6rening kan senast 7 dagar f\u00f6re m\u00f6tet, det vill s\u00e4ga 1 november, l\u00e4mna fullmakt till respektive DCF. Notera att DCF-ombud endast f\u00e5r f\u00f6retr\u00e4da f\u00f6reningar inom sitt eget distrikt och inte kan vara ledamot av f\u00f6rbundsstyrelsen.<\/li>\n<\/ul>\n<p>All n\u00f6dv\u00e4ndig information, s\u00e5som dagordning, anm\u00e4lningsblankett och blankett f\u00f6r fullmakt hittar ni <a href=\"https:\/\/scf.se\/forbundet\/kalender\/scfs-extra-forbundsmote-2025\/\"><em><strong>h<\/strong><strong>\u00e4r p\u00e5 SCF.se, i avdelningen f\u00f6rbundets kalender<\/strong><\/em>.<\/a><\/p>\n<p>V\u00e4lkomna!<\/p>\n<p><em><strong>Stefhan Klang<\/strong><br \/>\n<\/em><em>Styrelseordf\u00f6rande, Svenska Cykelf\u00f6rbundet<\/em><\/p>\n<div class=\"layout__item single__item\">\n<article class=\"single-card\">\n<div class=\"single-card__content\">\n<div class=\"single-card__text\">\n<div class=\"single-card__text\"><\/div>\n<\/div>\n<\/div>\n<\/article>\n<\/div>\n","protected":false},"excerpt":{"rendered":"<p>Svenska Cykelf\u00f6rbundets distrikt och f\u00f6reningar h\u00e4lsas v\u00e4lkomna till SCF:s extra f\u00f6rbundsm\u00f6te 8 november 2025. Anledningen \u00e4r beslut om \u00e5rsavgift 2026 samt information till medlemmarna efter \u00e5rsm\u00f6tet. D\u00e4r redog\u00f6r styrelsen f\u00f6r utredningen om egenfinansiering och deltagaravgifter 2026. Tid, plats och anm\u00e4lan till m\u00f6tet: N\u00e4r: L\u00f6rdag 8 november 2025 kl. 09.00. Plats: Digitalt \u2013 via Easymeet.<a href=\"https:\/\/scf.se\/forbundet\/valkomna-till-svenska-cykelforbundets-extra-forbundsmote-8-november\/\" class=\"news-card__more\"> &#8230;<\/a><\/p>\n","protected":false},"author":41,"featured_media":11099,"comment_status":"open","ping_status":"open","sticky":false,"template":"","format":"standard","meta":{"_acf_changed":false,"footnotes":""},"categories":[1],"tags":[],"class_list":["post-11086","post","type-post","status-publish","format-standard","hentry","category-forbundet"],"acf":[],"_links":{"self":[{"href":"https:\/\/scf.se\/forbundet\/wp-json\/wp\/v2\/posts\/11086","targetHints":{"allow":["GET"]}}],"collection":[{"href":"https:\/\/scf.se\/forbundet\/wp-json\/wp\/v2\/posts"}],"about":[{"href":"https:\/\/scf.se\/forbundet\/wp-json\/wp\/v2\/types\/post"}],"author":[{"embeddable":true,"href":"https:\/\/scf.se\/forbundet\/wp-json\/wp\/v2\/users\/41"}],"replies":[{"embeddable":true,"href":"https:\/\/scf.se\/forbundet\/wp-json\/wp\/v2\/comments?post=11086"}],"version-history":[{"count":9,"href":"https:\/\/scf.se\/forbundet\/wp-json\/wp\/v2\/posts\/11086\/revisions"}],"predecessor-version":[{"id":11104,"href":"https:\/\/scf.se\/forbundet\/wp-json\/wp\/v2\/posts\/11086\/revisions\/11104"}],"wp:featuredmedia":[{"embeddable":true,"href":"https:\/\/scf.se\/forbundet\/wp-json\/wp\/v2\/media\/11099"}],"wp:attachment":[{"href":"https:\/\/scf.se\/forbundet\/wp-json\/wp\/v2\/media?parent=11086"}],"wp:term":[{"taxonomy":"category","embeddable":true,"href":"https:\/\/scf.se\/forbundet\/wp-json\/wp\/v2\/categories?post=11086"},{"taxonomy":"post_tag","embeddable":true,"href":"https:\/\/scf.se\/forbundet\/wp-json\/wp\/v2\/tags?post=11086"}],"curies":[{"name":"wp","href":"https:\/\/api.w.org\/{rel}","templated":true}]}}